{"id":442581,"date":"2025-10-06T09:39:10","date_gmt":"2025-10-06T09:39:10","guid":{"rendered":"https:\/\/www.europesays.com\/fr\/442581\/"},"modified":"2025-10-06T09:39:10","modified_gmt":"2025-10-06T09:39:10","slug":"pres-de-marseille-il-explose-le-radar-des-gendarmes-avec-son-audi-des-infractions-gravissimes-decouvertes","status":"publish","type":"post","link":"https:\/\/www.europesays.com\/fr\/442581\/","title":{"rendered":"Pr\u00e8s de Marseille. Il explose le radar des gendarmes avec son Audi, des infractions gravissimes d\u00e9couvertes"},"content":{"rendered":"<p>            Par<br \/>\n        <strong><br \/>\n            <a href=\"https:\/\/actu.fr\/auteur\/thibault-nadal-actu-fr\" title=\"Consulter tous les articles de Thibault Nadal\" target=\"_blank\" rel=\"noopener\">Thibault Nadal<\/a><br \/>\n        <\/strong><\/p>\n<p>        Publi\u00e9 le<\/p>\n<p>            6 oct. 2025 \u00e0 11h10        <\/p>\n<p>Difficile de passer inaper\u00e7u \u00e0 une telle vitesse. Ce dimanche 5\u00a0octobre 2025, les <a href=\"https:\/\/actu.fr\/tag\/gendarmerie\" target=\"_blank\" rel=\"noopener\">gendarmes<\/a> des <a href=\"https:\/\/actu.fr\/provence-alpes-cote-d-azur\/bouches-du-rhone_13\" target=\"_blank\" rel=\"noopener\">Bouches-du-Rh\u00f4ne<\/a> ont intercept\u00e9 un chauffard qui <strong>roulait \u00e0 178\u00a0km\/h au lieu de 90<\/strong> sur la D6 dans le secteur de <a href=\"https:\/\/actu.fr\/provence-alpes-cote-d-azur\/gardanne_13041\" target=\"_blank\" rel=\"noopener\">Gardanne<\/a>.<\/p>\n<p>Une surprise lors du contr\u00f4le<\/p>\n<p class=\" wall-content\">L\u2019automobiliste, dont le profil n\u2019a pas \u00e9t\u00e9 r\u00e9v\u00e9l\u00e9, roulait dans le sens Trets-<a href=\"https:\/\/actu.fr\/marseille\/\" target=\"_blank\" rel=\"noopener\">Marseille<\/a> au volant d\u2019une <strong>Audi RS3<\/strong>.<\/p>\n<p class=\" wall-content\">Mais son exc\u00e8s de vitesse n\u2019\u00e9tait pas sa seule infraction. Au moment du d\u00e9pistage, le chauffard \u00e9tait <strong>positif \u00e0 la coca\u00efne et \u00e0 la m\u00e9thamph\u00e9tamine<\/strong>.<\/p>\n<p>    <a href=\"https:\/\/www.facebook.com\/plugins\/post.php?href=https%3A%2F%2Fwww.facebook.com%2Fgendarmeriedesbouchesdurhone%2Fposts%2Fpfbid0xs9ExiLwdb5vDp2V9g4fT9CFiG4knQXij8eRjQpPKthyVu5KUcJh4e2E2rc5yth8l&amp;show_text=true&amp;width=350\" title=\"Ouvrie le lien\" target=\"_blank\" rel=\"noopener\">Cliquez ici pour visualiser le contenu<\/a><\/p>\n<p class=\" wall-content\">Face \u00e0 cette double infraction, les gendarmes ont dress\u00e9 leur \u00ab\u2009carton rouge du week-end\u2009\u00bb. L\u2019homme a <strong>perdu avec effet imm\u00e9diat son permis de conduire<\/strong> et son v\u00e9hicule a \u00e9t\u00e9 plac\u00e9 \u00e0 la fourri\u00e8re pour une dur\u00e9e de sept jours, pr\u00e9cisent les gendarmes.<\/p>\n<p class=\" wall-content\">Personnalisez votre actualit\u00e9 en ajoutant vos villes et m\u00e9dias en favori avec <a href=\"https:\/\/moncompte.actu.fr\" title=\"D\u00e9couvez Mon Actu\" rel=\"nofollow noopener\" data-trk=\"{&quot;cta&quot;:{&quot;action&quot;:&quot;https:\\\/\\\/moncompte.actu.fr&quot;,&quot;category&quot;:&quot;mon compte&quot;,&quot;from&quot;:&quot;article footer&quot;,&quot;name&quot;:&quot;Mon actu&quot;,&quot;type&quot;:&quot;cta&quot;}}\" target=\"_blank\">Mon Actu<\/a>.<\/p>\n","protected":false},"excerpt":{"rendered":"Par Thibault Nadal Publi\u00e9 le 6 oct. 2025 \u00e0 11h10 Difficile de passer inaper\u00e7u \u00e0 une telle vitesse.&hellip;\n","protected":false},"author":2,"featured_media":442582,"comment_status":"","ping_status":"","sticky":false,"template":"","format":"standard","meta":{"footnotes":""},"categories":[2814],"tags":[1111,11,1052,1777,674,5915,118,1011,27,3381,884,12,882,25],"class_list":{"0":"post-442581","1":"post","2":"type-post","3":"status-publish","4":"format-standard","5":"has-post-thumbnail","7":"category-marseille","8":"tag-actu","9":"tag-actualites","10":"tag-drogue","11":"tag-eu","12":"tag-europe","13":"tag-exces-de-vitesse","14":"tag-faits-divers","15":"tag-fr","16":"tag-france","17":"tag-gendarmerie","18":"tag-marseille","19":"tag-news","20":"tag-provence-alpes-cote-dazur","21":"tag-republique-francaise"},"share_on_mastodon":{"url":"https:\/\/pubeurope.com\/@fr\/115326560854639315","error":""},"_links":{"self":[{"href":"https:\/\/www.europesays.com\/fr\/wp-json\/wp\/v2\/posts\/442581","targetHints":{"allow":["GET"]}}],"collection":[{"href":"https:\/\/www.europesays.com\/fr\/wp-json\/wp\/v2\/posts"}],"about":[{"href":"https:\/\/www.europesays.com\/fr\/wp-json\/wp\/v2\/types\/post"}],"author":[{"embeddable":true,"href":"https:\/\/www.europesays.com\/fr\/wp-json\/wp\/v2\/users\/2"}],"replies":[{"embeddable":true,"href":"https:\/\/www.europesays.com\/fr\/wp-json\/wp\/v2\/comments?post=442581"}],"version-history":[{"count":0,"href":"https:\/\/www.europesays.com\/fr\/wp-json\/wp\/v2\/posts\/442581\/revisions"}],"wp:featuredmedia":[{"embeddable":true,"href":"https:\/\/www.europesays.com\/fr\/wp-json\/wp\/v2\/media\/442582"}],"wp:attachment":[{"href":"https:\/\/www.europesays.com\/fr\/wp-json\/wp\/v2\/media?parent=442581"}],"wp:term":[{"taxonomy":"category","embeddable":true,"href":"https:\/\/www.europesays.com\/fr\/wp-json\/wp\/v2\/categories?post=442581"},{"taxonomy":"post_tag","embeddable":true,"href":"https:\/\/www.europesays.com\/fr\/wp-json\/wp\/v2\/tags?post=442581"}],"curies":[{"name":"wp","href":"https:\/\/api.w.org\/{rel}","templated":true}]}}