{"id":442583,"date":"2025-10-06T09:40:16","date_gmt":"2025-10-06T09:40:16","guid":{"rendered":"https:\/\/www.europesays.com\/fr\/442583\/"},"modified":"2025-10-06T09:40:16","modified_gmt":"2025-10-06T09:40:16","slug":"pres-de-lyon-6e-sens-immobilier-inaugure-6park-pierre","status":"publish","type":"post","link":"https:\/\/www.europesays.com\/fr\/442583\/","title":{"rendered":"Pr\u00e8s de Lyon. 6e Sens Immobilier inaugure 6PARK Pierre &#8211;"},"content":{"rendered":"<p>\t\t\t\t<img fetchpriority=\"high\" decoding=\"async\" width=\"900\" height=\"600\" src=\"https:\/\/www.europesays.com\/fr\/wp-content\/uploads\/2025\/10\/01-Inauguration-6Park-Pierre-B.Tournaire138.jpg\" alt=\"\" title=\"01 Inauguration 6Park Pierre B.Tournaire138\"   class=\"wp-image-165167\"\/><\/p>\n<p>Photos \u00a9 DR \/ Barbara Tournaire<\/p>\n<p><strong>Par la r\u00e9daction<\/strong> \u2013 Sp\u00e9cialiste de projets de revitalisation des territoires, 6e Sens Immobilier vient d\u2019inaugurer un nouveau parc d\u2019activit\u00e9s \u00e0 Oullins Pierre-B\u00e9nite. Nom de code : 6PARK Pierre.<\/p>\n<p>Depuis le 19 septembre dernier, au bout de la zone des L\u00f4nes, vestige d\u2019une industrie disparue, 6PARK Pierre s\u2019y dresse offrant aux entreprises un nouveau lieu d\u2019implantation en plein renouvellement.<\/p>\n<p>Sous l\u2019impulsion de 6e Sens Immobilier, la friche s\u2019est m\u00e9tamorphos\u00e9e en un parc d\u2019activit\u00e9s de 5 700 m\u00b2, r\u00e9parti en quatre b\u00e2timents modernes et modulables. Ici, artisans, PME ou soci\u00e9t\u00e9s de n\u00e9goce trouvent un cadre taill\u00e9 sur mesure, pratique et s\u00e9curis\u00e9, o\u00f9 les 81 places de stationnement et les volumes lumineux traduisent une m\u00eame volont\u00e9 : conjuguer efficacit\u00e9 et confort au quotidien.<\/p>\n<p><img loading=\"lazy\" decoding=\"async\" class=\"alignnone size-full wp-image-165168\" src=\"data:image\/svg+xml,%3Csvg%20xmlns=\" http:=\"\" alt=\"\" width=\"900\" height=\"576\" data-lazy- data-lazy- data-lazy-src=\"https:\/\/www.europesays.com\/fr\/wp-content\/uploads\/2025\/10\/Inauguration-6Park-Pierre-B.Tournaire33-1.jpg\"\/><\/p>\n<p><strong>Encore quelques cellules disponibles<\/strong><\/p>\n<p>\u00ab 6PARK Pierre, c\u2019est l\u2019histoire d\u2019une friche devenue un lieu de vie \u00e9conomique, pens\u00e9 pour accueillir des entreprises locales et leur offrir des solutions concr\u00e8tes \u00bb, a soulign\u00e9 Nicolas Gagneux, pr\u00e9sident de 6e Sens Immobilier, avant de rappeler avec humour que \u00ab quelques cellules restent encore disponibles\u2026 tout doit dispara\u00eetre ! \u00bb.<\/p>\n<p>Autour du maire <strong>J\u00e9r\u00f4me Moroge<\/strong>, de l\u2019architecte\u00a0<strong>Jean-Philippe Charon<\/strong>\u00a0et de nombreux partenaires, l\u2019inauguration a \u00e9t\u00e9 l\u2019occasion de remercier les premiers occupants (<strong>Smart Sign, Lameo, ACM Menuiserie et J\u00e9r\u00e9my Walter Martin), <\/strong>d\u00e9j\u00e0 install\u00e9s sur le site.<\/p>\n<p><img loading=\"lazy\" decoding=\"async\" class=\"alignnone size-full wp-image-165169\" src=\"data:image\/svg+xml,%3Csvg%20xmlns=\" http:=\"\" alt=\"\" width=\"900\" height=\"571\" data-lazy- data-lazy- data-lazy-src=\"https:\/\/www.europesays.com\/fr\/wp-content\/uploads\/2025\/10\/Inauguration-6Park-Pierre-Pierre-Benite-B.Tournaire-1.jpg\"\/><\/p>\n<p>Pour les soci\u00e9t\u00e9s en recherche de nouveaux locaux, plusieurs\u00a0<strong>lots de 530 \u00e0 620 m\u00b2<\/strong>\u00a0sont encore propos\u00e9s, avec acc\u00e8s de plain-pied et mezzanine. Des surfaces pr\u00eates \u00e0 l\u2019emploi, dans un environnement qui conjugue proximit\u00e9, modernit\u00e9 et dynamisme \u00e9conomique.<\/p>\n<p><img loading=\"lazy\" decoding=\"async\" class=\"alignnone size-full wp-image-165170\" src=\"data:image\/svg+xml,%3Csvg%20xmlns=\" http:=\"\" alt=\"\" width=\"900\" height=\"587\" data-lazy- data-lazy- data-lazy-src=\"https:\/\/www.europesays.com\/fr\/wp-content\/uploads\/2025\/10\/Inauguration-6Park-Pierre-B.Tournaire176-1.jpg\"\/><\/p>\n","protected":false},"excerpt":{"rendered":"Photos \u00a9 DR \/ Barbara Tournaire Par la r\u00e9daction \u2013 Sp\u00e9cialiste de projets de revitalisation des territoires, 6e&hellip;\n","protected":false},"author":2,"featured_media":442584,"comment_status":"","ping_status":"","sticky":false,"template":"","format":"standard","meta":{"footnotes":""},"categories":[1889],"tags":[4257,56889,1111,11,2430,1777,674,1011,27,2428,12,25],"class_list":{"0":"post-442583","1":"post","2":"type-post","3":"status-publish","4":"format-standard","5":"has-post-thumbnail","7":"category-lyon","8":"tag-0top","9":"tag-6e-sens-immobilier","10":"tag-actu","11":"tag-actualites","12":"tag-auvergne-rhone-alpes","13":"tag-eu","14":"tag-europe","15":"tag-fr","16":"tag-france","17":"tag-lyon","18":"tag-news","19":"tag-republique-francaise"},"share_on_mastodon":{"url":"https:\/\/pubeurope.com\/@fr\/115326565191169345","error":""},"_links":{"self":[{"href":"https:\/\/www.europesays.com\/fr\/wp-json\/wp\/v2\/posts\/442583","targetHints":{"allow":["GET"]}}],"collection":[{"href":"https:\/\/www.europesays.com\/fr\/wp-json\/wp\/v2\/posts"}],"about":[{"href":"https:\/\/www.europesays.com\/fr\/wp-json\/wp\/v2\/types\/post"}],"author":[{"embeddable":true,"href":"https:\/\/www.europesays.com\/fr\/wp-json\/wp\/v2\/users\/2"}],"replies":[{"embeddable":true,"href":"https:\/\/www.europesays.com\/fr\/wp-json\/wp\/v2\/comments?post=442583"}],"version-history":[{"count":0,"href":"https:\/\/www.europesays.com\/fr\/wp-json\/wp\/v2\/posts\/442583\/revisions"}],"wp:featuredmedia":[{"embeddable":true,"href":"https:\/\/www.europesays.com\/fr\/wp-json\/wp\/v2\/media\/442584"}],"wp:attachment":[{"href":"https:\/\/www.europesays.com\/fr\/wp-json\/wp\/v2\/media?parent=442583"}],"wp:term":[{"taxonomy":"category","embeddable":true,"href":"https:\/\/www.europesays.com\/fr\/wp-json\/wp\/v2\/categories?post=442583"},{"taxonomy":"post_tag","embeddable":true,"href":"https:\/\/www.europesays.com\/fr\/wp-json\/wp\/v2\/tags?post=442583"}],"curies":[{"name":"wp","href":"https:\/\/api.w.org\/{rel}","templated":true}]}}