{"id":442585,"date":"2025-10-06T09:41:12","date_gmt":"2025-10-06T09:41:12","guid":{"rendered":"https:\/\/www.europesays.com\/fr\/442585\/"},"modified":"2025-10-06T09:41:12","modified_gmt":"2025-10-06T09:41:12","slug":"lyon-se-classe-1ere-destination-responsable-en-france-8e-dans-le-monde","status":"publish","type":"post","link":"https:\/\/www.europesays.com\/fr\/442585\/","title":{"rendered":"Lyon se classe 1\u00e8re destination \u00ab\u00a0responsable\u00a0\u00bb en France, 8e dans le monde"},"content":{"rendered":"<p>                            <img loading=\"lazy\" width=\"1045\" height=\"653\" class=\"attachment-article size-article wp-post-image lazyload\" alt=\"Fresque des Canuts\" decoding=\"async\" src=\"https:\/\/www.europesays.com\/fr\/wp-content\/uploads\/2025\/10\/6496937-e1746602807570.jpg\" data-eio-rwidth=\"1045\" data-eio-rheight=\"653\"\/><\/p>\n<p>Fresque des Canuts \u00a9Office du tourisme de Lyon, Cit\u00e9Cr\u00e9ation<\/p>\n<p class=\"content\" style=\"font-size:1.2em;font-weight:700\">La Ville de Lyon se classe premi\u00e8re destination fran\u00e7aise en mati\u00e8re de tourisme responsable selon un classement.<\/p>\n<p>Lyon a obtenu la 1\u00e8re place fran\u00e7aise du GDS-Index, un programme \u00ab\u00a0r\u00e9f\u00e9rence internationale en mati\u00e8re de tourisme responsable\u00a0\u00bb, se f\u00e9licite l&rsquo;Office du tourisme, Only Lyon dans un communiqu\u00e9 de presse. \u00c0 l&rsquo;\u00e9chelle mondiale, Lyon se place 8e, gagnant sept places par rapport \u00e0 l&rsquo;ann\u00e9e pr\u00e9c\u00e9dente. <\/p>\n<p>Elle se place en p\u00f4le position dans la cat\u00e9gorie \u00ab\u00a0Central &amp; Southern Europe\u00a0\u00bb, devan\u00e7ant Barcelone, Berlin, Bilbao et B\u00e2le. \u00ab\u00a0Cette reconnaissance confirme la position de la ville Unesco comme un acteur de r\u00e9f\u00e9rence \u00e0 l&rsquo;\u00e9chelle internationale en mati\u00e8re de tourisme responsable\u00a0\u00bb salue Only Lyon. <\/p>\n<p>L&rsquo;index GDS est structur\u00e9 autour de 76 crit\u00e8res r\u00e9partis en quatre th\u00e9matiques : environnement, social, fournisseurs-prestataires et organisation de gestion des destinations. <\/p>\n","protected":false},"excerpt":{"rendered":"Fresque des Canuts \u00a9Office du tourisme de Lyon, Cit\u00e9Cr\u00e9ation La Ville de Lyon se classe premi\u00e8re destination fran\u00e7aise&hellip;\n","protected":false},"author":2,"featured_media":442586,"comment_status":"","ping_status":"","sticky":false,"template":"","format":"standard","meta":{"footnotes":""},"categories":[1889],"tags":[1111,11,2430,1777,674,1011,27,2428,12,25],"class_list":{"0":"post-442585","1":"post","2":"type-post","3":"status-publish","4":"format-standard","5":"has-post-thumbnail","7":"category-lyon","8":"tag-actu","9":"tag-actualites","10":"tag-auvergne-rhone-alpes","11":"tag-eu","12":"tag-europe","13":"tag-fr","14":"tag-france","15":"tag-lyon","16":"tag-news","17":"tag-republique-francaise"},"share_on_mastodon":{"url":"https:\/\/pubeurope.com\/@fr\/115326568604776914","error":""},"_links":{"self":[{"href":"https:\/\/www.europesays.com\/fr\/wp-json\/wp\/v2\/posts\/442585","targetHints":{"allow":["GET"]}}],"collection":[{"href":"https:\/\/www.europesays.com\/fr\/wp-json\/wp\/v2\/posts"}],"about":[{"href":"https:\/\/www.europesays.com\/fr\/wp-json\/wp\/v2\/types\/post"}],"author":[{"embeddable":true,"href":"https:\/\/www.europesays.com\/fr\/wp-json\/wp\/v2\/users\/2"}],"replies":[{"embeddable":true,"href":"https:\/\/www.europesays.com\/fr\/wp-json\/wp\/v2\/comments?post=442585"}],"version-history":[{"count":0,"href":"https:\/\/www.europesays.com\/fr\/wp-json\/wp\/v2\/posts\/442585\/revisions"}],"wp:featuredmedia":[{"embeddable":true,"href":"https:\/\/www.europesays.com\/fr\/wp-json\/wp\/v2\/media\/442586"}],"wp:attachment":[{"href":"https:\/\/www.europesays.com\/fr\/wp-json\/wp\/v2\/media?parent=442585"}],"wp:term":[{"taxonomy":"category","embeddable":true,"href":"https:\/\/www.europesays.com\/fr\/wp-json\/wp\/v2\/categories?post=442585"},{"taxonomy":"post_tag","embeddable":true,"href":"https:\/\/www.europesays.com\/fr\/wp-json\/wp\/v2\/tags?post=442585"}],"curies":[{"name":"wp","href":"https:\/\/api.w.org\/{rel}","templated":true}]}}