{"id":442587,"date":"2025-10-06T09:43:11","date_gmt":"2025-10-06T09:43:11","guid":{"rendered":"https:\/\/www.europesays.com\/fr\/442587\/"},"modified":"2025-10-06T09:43:11","modified_gmt":"2025-10-06T09:43:11","slug":"cambriolage-a-la-voiture-belier-chez-chanel-pres-des-champs-elysees-deux-suspects-interpelles-une-partie-du-butin-retrouvee","status":"publish","type":"post","link":"https:\/\/www.europesays.com\/fr\/442587\/","title":{"rendered":"Cambriolage \u00e0 la voiture-b\u00e9lier chez Chanel pr\u00e8s des Champs-\u00c9lys\u00e9es\u00a0: deux suspects interpell\u00e9s, une partie du butin retrouv\u00e9e"},"content":{"rendered":"<p>\n                                                                Le pr\u00e9judice du vol n\u2019a pas \u00e9t\u00e9 communiqu\u00e9.\n                            <\/p>\n<p>Ils avaient pris la fuite sur des scooters apr\u00e8s avoir forc\u00e9 les vitrines de la prestigieuse boutique Chanel de l\u2019avenue Montaigne \u00e0 Paris (\u00cele-de-France) avec un 4&#215;4. Deux des individus ont \u00e9t\u00e9 interpell\u00e9s, a-t-on appris ce lundi 6\u00a0octobre d\u2019<a href=\"https:\/\/actu17.fr\/enquetes\/cambriolage-a-la-voiture-belier-chez-chanel-a-paris-deux-suspects-interpelles.html\" target=\"_self\" rel=\"nofollow noopener\">Actu17<\/a>.<\/p>\n<p>Deux jours apr\u00e8s le casse dans la boutique de Chanel de l\u2019avenue Montaigne \u00e0 Paris (\u00cele-de-France), deux suspects ont \u00e9t\u00e9 interpell\u00e9s par les policiers de la brigade de r\u00e9pression du banditisme de la police judiciaire, ce week-end. Une grande partie du butin d\u00e9rob\u00e9 au magasin a \u00e9galement \u00e9t\u00e9 retrouv\u00e9e.<\/p>\n<p>Enqu\u00eate ouverte<\/p>\n<p>Dans la nuit de mercredi \u00e0 jeudi 2\u00a0octobre, \u00ab\u00a0trois personnes ont bris\u00e9 la vitrine de Chanel avenue Montaigne avec un 4&#215;4\u00a0\u00bb, avait indiqu\u00e9 une source polici\u00e8re \u00e0 l\u2019AFP.\u00a0\u00ab\u00a0Les voleurs ont d\u00e9rob\u00e9 plusieurs sacs \u00e0 main avant de s\u2019enfuir sur des scooters\u00a0\u00bb, a-t-elle ajout\u00e9.<\/p>\n<p>Le v\u00e9hicule, rest\u00e9 sur place, a \u00e9t\u00e9 incendi\u00e9, endommageant la fa\u00e7ade de la boutique et d\u00e9gradant des v\u00e9hicules stationn\u00e9s \u00e0 proximit\u00e9. Le pr\u00e9judice du vol n\u2019a pas \u00e9t\u00e9 communiqu\u00e9. Le premier district de la police judiciaire de Paris a \u00e9t\u00e9 saisi de l\u2019enqu\u00eate.<\/p>\n","protected":false},"excerpt":{"rendered":"Le pr\u00e9judice du vol n\u2019a pas \u00e9t\u00e9 communiqu\u00e9. Ils avaient pris la fuite sur des scooters apr\u00e8s avoir&hellip;\n","protected":false},"author":2,"featured_media":442588,"comment_status":"","ping_status":"","sticky":false,"template":"","format":"standard","meta":{"footnotes":""},"categories":[1592],"tags":[1111,11,1777,674,1011,27,662,12,626,25],"class_list":{"0":"post-442587","1":"post","2":"type-post","3":"status-publish","4":"format-standard","5":"has-post-thumbnail","7":"category-ile-de-france","8":"tag-actu","9":"tag-actualites","10":"tag-eu","11":"tag-europe","12":"tag-fr","13":"tag-france","14":"tag-ile-de-france","15":"tag-news","16":"tag-paris","17":"tag-republique-francaise"},"share_on_mastodon":{"url":"https:\/\/pubeurope.com\/@fr\/115326576524808268","error":""},"_links":{"self":[{"href":"https:\/\/www.europesays.com\/fr\/wp-json\/wp\/v2\/posts\/442587","targetHints":{"allow":["GET"]}}],"collection":[{"href":"https:\/\/www.europesays.com\/fr\/wp-json\/wp\/v2\/posts"}],"about":[{"href":"https:\/\/www.europesays.com\/fr\/wp-json\/wp\/v2\/types\/post"}],"author":[{"embeddable":true,"href":"https:\/\/www.europesays.com\/fr\/wp-json\/wp\/v2\/users\/2"}],"replies":[{"embeddable":true,"href":"https:\/\/www.europesays.com\/fr\/wp-json\/wp\/v2\/comments?post=442587"}],"version-history":[{"count":0,"href":"https:\/\/www.europesays.com\/fr\/wp-json\/wp\/v2\/posts\/442587\/revisions"}],"wp:featuredmedia":[{"embeddable":true,"href":"https:\/\/www.europesays.com\/fr\/wp-json\/wp\/v2\/media\/442588"}],"wp:attachment":[{"href":"https:\/\/www.europesays.com\/fr\/wp-json\/wp\/v2\/media?parent=442587"}],"wp:term":[{"taxonomy":"category","embeddable":true,"href":"https:\/\/www.europesays.com\/fr\/wp-json\/wp\/v2\/categories?post=442587"},{"taxonomy":"post_tag","embeddable":true,"href":"https:\/\/www.europesays.com\/fr\/wp-json\/wp\/v2\/tags?post=442587"}],"curies":[{"name":"wp","href":"https:\/\/api.w.org\/{rel}","templated":true}]}}