{"id":442593,"date":"2025-10-06T09:46:11","date_gmt":"2025-10-06T09:46:11","guid":{"rendered":"https:\/\/www.europesays.com\/fr\/442593\/"},"modified":"2025-10-06T09:46:11","modified_gmt":"2025-10-06T09:46:11","slug":"un-cachet-de-luxe-a-paris-le-grand-rex-devoile-son-hall-daccueil-sublime","status":"publish","type":"post","link":"https:\/\/www.europesays.com\/fr\/442593\/","title":{"rendered":"\u00ab\u00a0Un cachet de luxe\u00a0\u00bb\u00a0: \u00e0 Paris, le Grand Rex d\u00e9voile son hall d\u2019accueil \u00ab\u00a0sublim\u00e9\u00a0\u00bb"},"content":{"rendered":"<p class=\"paragraph text_align_left lp-f-body-02\">La s\u00e9ance de 20 heures approche. Laure, 26 ans, attend d\u2019entrer dans le <a href=\"https:\/\/www.leparisien.fr\/culture-loisirs\/cinema\/90-ans-et-toujours-la-le-grand-rex-temple-du-cinema-a-lepreuve-du-temps-09-12-2022-2XCLJC26FNBYFBIHJTRRHNPFKU.php\" target=\"_blank\" rel=\"noreferrer nofollow noopener\">temple du cin\u00e9ma parisien du boulevard Poissonni\u00e8re<\/a> (IIe). De nouveau \u00e0 l\u2019affiche ce soir-l\u00e0, le deuxi\u00e8me opus de la s\u00e9rie Avatar est projet\u00e9 sur le \u00ab Grand Large \u00bb en cette <a href=\"https:\/\/www.leparisien.fr\/culture-loisirs\/cinema\/on-na-pas-de-locomotive-pas-de-ruee-dans-les-salles-de-cinema-cet-ete-15-08-2025-XVUFSJYHHJCELM6K3WCSZVCNBY.php\" target=\"_blank\" rel=\"noreferrer nofollow noopener\">calme soir\u00e9e<\/a>. Avant de s\u2019installer, cette cliente r\u00e9guli\u00e8re du Grand Rex d\u00e9couvre un hall d\u2019accueil \u00ab sublim\u00e9 \u00bb, d\u00e9crit-on sur place.<\/p>\n<p class=\"paragraph text_align_left lp-f-body-02\">Dans ses premi\u00e8res impressions, celle qui se rend environ une fois par mois dans le tr\u00e8s r\u00e9put\u00e9 cin\u00e9ma des Grands Boulevards constate \u00ab des couleurs similaires \u00e0 celles de la fa\u00e7ade et un style Art d\u00e9co toujours pr\u00e9sent \u00bb. Les travaux se sont achev\u00e9s r\u00e9cemment. Une \u00e9tape de plus dans la r\u00e9novation perp\u00e9tuelle de cet \u00e9crin b\u00e2ti au d\u00e9but des ann\u00e9es 1930 et class\u00e9 aux monuments historiques depuis 1981.<\/p>\n","protected":false},"excerpt":{"rendered":"La s\u00e9ance de 20 heures approche. Laure, 26 ans, attend d\u2019entrer dans le temple du cin\u00e9ma parisien du&hellip;\n","protected":false},"author":2,"featured_media":442594,"comment_status":"","ping_status":"","sticky":false,"template":"","format":"standard","meta":{"footnotes":""},"categories":[1888],"tags":[11,872,1777,674,1011,27,1944,12,626,25],"class_list":{"0":"post-442593","1":"post","2":"type-post","3":"status-publish","4":"format-standard","5":"has-post-thumbnail","7":"category-paris","8":"tag-actualites","9":"tag-culture-et-loisirs","10":"tag-eu","11":"tag-europe","12":"tag-fr","13":"tag-france","14":"tag-ma-ville","15":"tag-news","16":"tag-paris","17":"tag-republique-francaise"},"share_on_mastodon":{"url":"https:\/\/pubeurope.com\/@fr\/115326588360353574","error":""},"_links":{"self":[{"href":"https:\/\/www.europesays.com\/fr\/wp-json\/wp\/v2\/posts\/442593","targetHints":{"allow":["GET"]}}],"collection":[{"href":"https:\/\/www.europesays.com\/fr\/wp-json\/wp\/v2\/posts"}],"about":[{"href":"https:\/\/www.europesays.com\/fr\/wp-json\/wp\/v2\/types\/post"}],"author":[{"embeddable":true,"href":"https:\/\/www.europesays.com\/fr\/wp-json\/wp\/v2\/users\/2"}],"replies":[{"embeddable":true,"href":"https:\/\/www.europesays.com\/fr\/wp-json\/wp\/v2\/comments?post=442593"}],"version-history":[{"count":0,"href":"https:\/\/www.europesays.com\/fr\/wp-json\/wp\/v2\/posts\/442593\/revisions"}],"wp:featuredmedia":[{"embeddable":true,"href":"https:\/\/www.europesays.com\/fr\/wp-json\/wp\/v2\/media\/442594"}],"wp:attachment":[{"href":"https:\/\/www.europesays.com\/fr\/wp-json\/wp\/v2\/media?parent=442593"}],"wp:term":[{"taxonomy":"category","embeddable":true,"href":"https:\/\/www.europesays.com\/fr\/wp-json\/wp\/v2\/categories?post=442593"},{"taxonomy":"post_tag","embeddable":true,"href":"https:\/\/www.europesays.com\/fr\/wp-json\/wp\/v2\/tags?post=442593"}],"curies":[{"name":"wp","href":"https:\/\/api.w.org\/{rel}","templated":true}]}}