{"id":442595,"date":"2025-10-06T09:47:22","date_gmt":"2025-10-06T09:47:22","guid":{"rendered":"https:\/\/www.europesays.com\/fr\/442595\/"},"modified":"2025-10-06T09:47:22","modified_gmt":"2025-10-06T09:47:22","slug":"on-sait-ce-quelles-se-sont-dit","status":"publish","type":"post","link":"https:\/\/www.europesays.com\/fr\/442595\/","title":{"rendered":"on sait ce qu\u2019elles se sont dit !"},"content":{"rendered":"<p>                                    <img decoding=\"async\" src=\"https:\/\/www.europesays.com\/fr\/wp-content\/uploads\/2025\/10\/e11fde9ecf1d92a9d587723e66e687cd87af0b74ae1a74f3d1213d488a65d21e.jpg\" alt=\"GALA Meghan Markle\u00a0: ce qu'il faut conna\u00eetre\" class=\"a11y-hidden\" fetchpriority=\"high\"\/><\/p>\n<p class=\"fig-standfirst\">Meghan Markle a assist\u00e9 au d\u00e9fil\u00e9 Balenciaga ce samedi 4 octobre dans le cadre de la Fashion Week de Paris. Sur place, elle a crois\u00e9 Anna Wintour qui lui a dit quelques mots.<\/p>\n<p class=\"fig-paragraph\">C\u2019est\u00a0<a href=\"https:\/\/www.gala.fr\/royautes\/video-gala-enorme-surprise-meghan-markle-a-paris-pour-la-fashion-week-sa-divine-apparition-au-defile-balenciaga-20251004\" target=\"_blank\" data-fig-type=\"Article\" rel=\"sponsored noopener\" data-gtm-custom-categorie=\"navigation\" data-gtm-custom-action=\"crossclick\" data-gtm-custom-label=\"Contextuel\" data-gtm-event=\"customEventSPE\" data-fig-domain=\"GALA\">une apparition qui a surpris tout le monde<\/a>. Ce samedi 4 octobre, Meghan Markle a \u00e9t\u00e9\u00a0<a href=\"https:\/\/www.gala.fr\/royautes\/moment-genant-pour-meghan-markle-a-la-fashion-week-de-paris-sa-bise-ratee-fait-couler-beaucoup-d-encre-20251005\" target=\"_blank\" data-fig-type=\"Article\" rel=\"sponsored noopener\" data-gtm-custom-categorie=\"navigation\" data-gtm-custom-action=\"crossclick\" data-gtm-custom-label=\"Contextuel\" data-gtm-event=\"customEventSPE\" data-fig-domain=\"GALA\">aper\u00e7ue \u00e0 Paris dans le cadre de la Fashion Week parisienne<\/a>. V\u00eatue d\u2019une cape blanche port\u00e9e sur un costume oversize du m\u00eame coloris et cheveux tir\u00e9s en chignon,\u00a0<a href=\"https:\/\/www.gala.fr\/royautes\/meghan-markle-a-paris-son-dernier-voyage-en-france-avec-harry-et-archie-avait-fait-jaser-20251006\" target=\"_blank\" data-fig-type=\"Article\" rel=\"sponsored noopener\" data-gtm-custom-categorie=\"navigation\" data-gtm-custom-action=\"crossclick\" data-gtm-custom-label=\"Contextuel\" data-gtm-event=\"customEventSPE\" data-fig-domain=\"GALA\">l\u2019\u00e9pouse<\/a>\u00a0du prince Harry a assist\u00e9 au d\u00e9fil\u00e9 Balenciaga venant \u00ab soutenir Pierpaolo Piccioli, qui a r\u00e9cemment assum\u00e9 le r\u00f4le de directeur cr\u00e9atif de la maison\u00a0\u00bb. Sur place, elle a m\u00eame crois\u00e9 Anna Wintour qui lui a dit quelques mots.<\/p>\n<p class=\"fig-paragraph\">D\u2019apr\u00e8s les informations de\u00a0<a href=\"https:\/\/www.bunte.de\/royals\/britisches-koenigshaus\/mit-vier-worten-kommentiert-anna-wintour-meghans-look_a4062678-a4ca-4f1d-b7d0-b686d71ca339.html\" target=\"_blank\" rel=\"sponsored noopener\" data-gtm-custom-categorie=\"navigation\" data-gtm-custom-action=\"crossclick\" data-gtm-custom-label=\"Contextuel\" data-gtm-event=\"customEventSPE\">Bunte.de<\/a>, dans une vid\u00e9o partag\u00e9e sur Instagram,\u00a0<a href=\"http:\/\/www.gala.fr\/mode\/tendances_mode\/anna-wintour-remplacee-par-chloe-malle-chez-vogue-pourquoi-son-nom-fait-couler-de-l-encre-20250903\" data-fig-type=\"Article\" data-gtm-custom-categorie=\"navigation\" data-gtm-custom-action=\"crossclick\" data-gtm-custom-label=\"Contextuel\" data-gtm-event=\"customEventSPE\" data-fig-domain=\"GALA\" target=\"_blank\" rel=\"noopener\">l\u2019ancienne r\u00e9dactrice en chef de l\u2019\u00e9dition am\u00e9ricaine de Vogue<\/a> \u00a0a salu\u00e9 Meghan Markle en lui demandant\u00a0: \u00ab Comment allez-vous\u00a0? \u00bb. \u00ab Ravi de vous voir \u00bb, lui a alors r\u00e9pondu la m\u00e8re d\u2019Archie et Lilibet. Les deux femmes se sont ensuite embrass\u00e9es tendrement sur la joue. Anna Wintour a ensuite compliment\u00e9 Meghan Markle. \u00ab Magnifique, Ch\u00e9rie. Tu es magnifique \u00bb, lui a-t-elle dit. Des mots qui ont ravi l\u2019\u00e9pouse du prince Harry, d\u2019autant que, par le pass\u00e9, des rumeurs avaient circul\u00e9 sur des suppos\u00e9es tensions entre les deux femmes.<\/p>\n<p>                                    <a class=\"fig-a11y-skip a11y-hidden\" href=\"#fig-a11y-skip-main-inarticle\"><br \/>\n        Passer la publicit\u00e9<br \/>\n    <\/a><\/p>\n<p><strong>Meghan Markle \u00e0 la Fashion Week de Paris\u00a0: mais au fait, o\u00f9 a-t-elle dormi\u00a0?<\/strong><\/p>\n<p class=\"fig-paragraph\">Pour s\u00e9journer \u00e0 Paris lors de la Fashion Week, Meghan Markle\u00a0<a href=\"https:\/\/www.gala.fr\/lifestyle\/meghan-markle-a-la-fashion-week-de-paris-mais-au-fait-ou-a-t-elle-dormi-20251006\" target=\"_blank\" data-fig-type=\"Article\" rel=\"sponsored noopener\" data-gtm-custom-categorie=\"navigation\" data-gtm-custom-action=\"crossclick\" data-gtm-custom-label=\"Contextuel\" data-gtm-event=\"customEventSPE\" data-fig-domain=\"GALA\">a pos\u00e9 ses valises au Plaza Ath\u00e9n\u00e9e situ\u00e9 dans le 8e arrondissement de la capitale<\/a>. Situ\u00e9 sur la prestigieuse avenue Montaigne, cet \u00e9tablissement 5 \u00e9toiles est l\u2019un des palaces les plus embl\u00e9matiques de la ville lumi\u00e8re. Il est notamment connu pour son style \u00e9l\u00e9gant \u00e0 la fran\u00e7aise, sa fa\u00e7ade d\u00e9cor\u00e9e de g\u00e9raniums rouges, ainsi que sa vue donnant sur la Tour Eiffel. Il combine un d\u00e9cor classique avec des services de luxe. Il abrite \u00e9galement cinq restaurants et bars, proposant plusieurs styles d\u2019ambiances pour satisfaire toutes les envies. Un spa\u00a0<a href=\"http:\/\/www.gala.fr\/beaute\/tendances_beaute\/au-sommet-du-chic-rachida-dati-s-empare-de-cette-tendance-sac-signee-dior-tres-en-vogue-dans-les-annees-2000-20250116\" target=\"_blank\" data-fig-type=\"Article\" rel=\"noopener\" data-gtm-custom-categorie=\"navigation\" data-gtm-custom-action=\"crossclick\" data-gtm-custom-label=\"Contextuel\" data-gtm-event=\"customEventSPE\" data-fig-domain=\"GALA\">sign\u00e9 Dior<\/a>\u00a0est \u00e9galement \u00e0 disposition des clients. Le prix d\u2019une nuit dans cet h\u00f4tel varie selon la chambre choisie et la p\u00e9riode de l\u2019ann\u00e9e, allant de 1828 \u00e0 2850 euros. En haute saison, certaines suites co\u00fbtent bien plus cher que les chambres classiques.<\/p>\n","protected":false},"excerpt":{"rendered":"Meghan Markle a assist\u00e9 au d\u00e9fil\u00e9 Balenciaga ce samedi 4 octobre dans le cadre de la Fashion Week&hellip;\n","protected":false},"author":2,"featured_media":442596,"comment_status":"","ping_status":"","sticky":false,"template":"","format":"standard","meta":{"footnotes":""},"categories":[1888],"tags":[11,34602,1777,674,992,1011,27,5861,908,985,12,626,25],"class_list":{"0":"post-442595","1":"post","2":"type-post","3":"status-publish","4":"format-standard","5":"has-post-thumbnail","7":"category-paris","8":"tag-actualites","9":"tag-anna-wintour","10":"tag-eu","11":"tag-europe","12":"tag-fashion-week","13":"tag-fr","14":"tag-france","15":"tag-gotha","16":"tag-meghan-markle","17":"tag-mode","18":"tag-news","19":"tag-paris","20":"tag-republique-francaise"},"share_on_mastodon":{"url":"https:\/\/pubeurope.com\/@fr\/115326592223660535","error":""},"_links":{"self":[{"href":"https:\/\/www.europesays.com\/fr\/wp-json\/wp\/v2\/posts\/442595","targetHints":{"allow":["GET"]}}],"collection":[{"href":"https:\/\/www.europesays.com\/fr\/wp-json\/wp\/v2\/posts"}],"about":[{"href":"https:\/\/www.europesays.com\/fr\/wp-json\/wp\/v2\/types\/post"}],"author":[{"embeddable":true,"href":"https:\/\/www.europesays.com\/fr\/wp-json\/wp\/v2\/users\/2"}],"replies":[{"embeddable":true,"href":"https:\/\/www.europesays.com\/fr\/wp-json\/wp\/v2\/comments?post=442595"}],"version-history":[{"count":0,"href":"https:\/\/www.europesays.com\/fr\/wp-json\/wp\/v2\/posts\/442595\/revisions"}],"wp:featuredmedia":[{"embeddable":true,"href":"https:\/\/www.europesays.com\/fr\/wp-json\/wp\/v2\/media\/442596"}],"wp:attachment":[{"href":"https:\/\/www.europesays.com\/fr\/wp-json\/wp\/v2\/media?parent=442595"}],"wp:term":[{"taxonomy":"category","embeddable":true,"href":"https:\/\/www.europesays.com\/fr\/wp-json\/wp\/v2\/categories?post=442595"},{"taxonomy":"post_tag","embeddable":true,"href":"https:\/\/www.europesays.com\/fr\/wp-json\/wp\/v2\/tags?post=442595"}],"curies":[{"name":"wp","href":"https:\/\/api.w.org\/{rel}","templated":true}]}}