{"id":442601,"date":"2025-10-06T09:50:21","date_gmt":"2025-10-06T09:50:21","guid":{"rendered":"https:\/\/www.europesays.com\/fr\/442601\/"},"modified":"2025-10-06T09:50:21","modified_gmt":"2025-10-06T09:50:21","slug":"la-strategie-de-la-peur-trump-militarise-lamerique-ville-apres-ville","status":"publish","type":"post","link":"https:\/\/www.europesays.com\/fr\/442601\/","title":{"rendered":"La strat\u00e9gie de la peur : Trump militarise l\u2019Am\u00e9rique, ville apr\u00e8s ville"},"content":{"rendered":"<p>Apr\u00e8s avoir d\u00e9ploy\u00e9 la Garde nationale \u00e0 Los Angeles cet \u00e9t\u00e9 \u2014 alors qu\u2019il n\u2019y avait \u00e9videmment aucune n\u00e9cessit\u00e9 \u00e0 cela \u2014 puis \u00e0 Washington o\u00f9, comme je l\u2019ai d\u00e9j\u00e0 \u00e9crit dans ces colonnes, on peut aujourd\u2019hui croiser des tanks en quittant la gare centrale d\u2019Union Station, Donald Trump vient d\u2019ordonner le d\u00e9ploiement de 300 militaires de la Garde nationale \u00e0 Portland, en Oregon. Un tribunal f\u00e9d\u00e9ral a certes temporairement bloqu\u00e9 cette d\u00e9cision, mais le message est pass\u00e9 : la militarisation de l\u2019Am\u00e9rique se poursuit m\u00e9thodiquement, ville d\u00e9mocrate apr\u00e8s ville d\u00e9mocrate.<\/p>\n<p>Tout cela r\u00e9pond \u00e0 une strat\u00e9gie limpide : celle de la peur. Une peur savamment entretenue au sein de son \u00e9lectorat, qui voit dans cette administration le dernier rempart contre un pr\u00e9tendu \u201cterrorisme int\u00e9rieur\u201d pr\u00eat \u00e0 submerger le pays. Trump a justifi\u00e9 son ordre de d\u00e9ploiement \u00e0 Portland en affirmant que la ville \u00e9tait ravag\u00e9e par \u201cdes violences dignes d\u2019une guerre civile\u201d, autorisant m\u00eame \u201cl\u2019usage de la force maximale si n\u00e9cessaire\u201d.<\/p>\n<p>La r\u00e9alit\u00e9 ? Des manifestations pacifiques contre la police de l\u2019immigration, qui se poursuivent depuis plusieurs mois \u2014 des protestations certes bruyantes, mais relevant pleinement de l\u2019exercice l\u00e9gitime du droit de manifester dans une d\u00e9mocratie.<\/p>\n<p>Cette strat\u00e9gie de la peur fonctionne \u00e0 double sens. D\u2019un c\u00f4t\u00e9, elle rassure la base \u00e9lectorale trumpienne, convaincue que leur pr\u00e9sident \u201cprot\u00e8ge\u201d l\u2019Am\u00e9rique \u201cauthentique\u201d contre le chaos urbain des bastions d\u00e9mocrates. De l\u2019autre, elle t\u00e9tanise l\u2019opposition, chaque jour un peu plus paralys\u00e9e face \u00e0 cette d\u00e9monstration de force. Voir des militaires patrouiller dans les rues am\u00e9ricaines afin de faire r\u00e9gner l\u2019ordre \u2014 spectacle in\u00e9dit depuis un demi-si\u00e8cle \u2014 produit un effet psychologique d\u00e9vastateur sur nombre de ceux qui seraient encore tent\u00e9s de s\u2019opposer aux d\u00e9rives du pouvoir.<\/p>\n<p>Cette mise en sc\u00e8ne avait d\u2019ailleurs \u00e9t\u00e9 sous-entendue lors de cette r\u00e9union surr\u00e9aliste devant les grad\u00e9s de l\u2019arm\u00e9e il y a quelques jours, o\u00f9 Trump parlait de guerre \u00e0 tout va alors qu\u2019il est, on le sait, visc\u00e9ralement oppos\u00e9 \u00e0 toute intervention militaire d\u2019ampleur \u00e0 l\u2019\u00e9tranger. Ces d\u00e9clarations belliqueuses n\u2019avaient qu\u2019un but : justifier non pas des interventions ext\u00e9rieures, mais les d\u00e9ploiements de la Garde nationale sur le sol am\u00e9ricain. Du jamais vu.<\/p>\n<p>Et voil\u00e0 qu\u2019aujourd\u2019hui, l\u2019opposition d\u00e9mocrate prend un risque immense en d\u00e9clenchant un shutdown gouvernemental pour une dur\u00e9e ind\u00e9termin\u00e9e, tout en sachant parfaitement que les r\u00e9publicains ne c\u00e9deront rien.<\/p>\n<p>Leur protestation est compr\u00e9hensible : pr\u00e8s de 30 millions d\u2019Am\u00e9ricains vont voir environ 13 millions d\u2019autres les rejoindre sur la liste des personnes sans assurance sant\u00e9 en raison des mesures de Donald Trump visant \u00e0 d\u00e9manteler l\u2019Obamacare.<br \/>Cette opposition de principe au budget pr\u00e9sidentiel est moralement irr\u00e9prochable \u2014 comment accepter qu\u2019un pays aussi riche condamne 43 millions de citoyens \u00e0 vivre sans couverture m\u00e9dicale ?<\/p>\n<p>Mais ce shutdown est dangereux. Chaque jour qui passe, chaque fonctionnaire non pay\u00e9, chaque allocation sociale non vers\u00e9e, sera reproch\u00e9 dans les urnes aux d\u00e9mocrates. Et Trump, lui, ne laissera pas passer l\u2019occasion : il profitera de cette paralysie pour licencier des milliers de fonctionnaires, transformant une crise politique en purge administrative. Tout cela sera injustement mis sur le dos des d\u00e9mocrates par une opinion publique qui, dans sa grande majorit\u00e9, ne comprend pas les subtilit\u00e9s des batailles budg\u00e9taires \u2014 mais en ressent les cons\u00e9quences imm\u00e9diates dans son quotidien.<\/p>\n<p>Les d\u00e9mocrates ont raison sur le fond, mais leur combat risque vite de devenir st\u00e9rile. Pour le bon fonctionnement du pays, ils devraient peut-\u00eatre \u2014 temporairement \u2014, maintenant qu\u2019ils ont marqu\u00e9 le coup, baisser les bras, laisser rouvrir le gouvernement, et reprendre la bataille sur d\u2019autres fronts : les tribunaux, les m\u00e9dias, l\u2019opinion publique. C\u2019est l\u00e0 que leur voix doit porter, et non dans un bras de fer sans issue qui ne profite qu\u2019\u00e0 l\u2019ex\u00e9cutif.<\/p>\n<p>Ils devraient aussi soutenir sans r\u00e9serve le gouverneur de Californie, Gavin Newsom, dans sa croisade contre l\u2019autoritarisme croissant qui s\u2019incarne dans ces d\u00e9ploiements successifs de la Garde nationale. Car si un juge f\u00e9d\u00e9ral a pu temporairement bloquer celui de Portland, combien de temps tiendront encore les derniers garde-fous de l\u2019\u00c9tat de droit face \u00e0 une administration qui multiplie les pressions sur le syst\u00e8me judiciaire ?<\/p>\n<p>Le fait que Trump ait \u00e9galement autoris\u00e9 le d\u00e9ploiement de la Garde nationale \u00e0 Chicago, quelques heures seulement apr\u00e8s que des responsables de l\u2019immigration ont affirm\u00e9 s\u2019\u00eatre heurt\u00e9s \u00e0 des manifestants, illustre parfaitement cette strat\u00e9gie d\u2019escalade permanente. Chaque incident, chaque manifestation, devient pr\u00e9texte \u00e0 une nouvelle d\u00e9monstration de force.<\/p>\n<p>Nous assistons \u00e0 la mise en place m\u00e9thodique d\u2019un \u00c9tat autoritaire, o\u00f9 les forces arm\u00e9es \u2014 car c\u2019est bien l\u2019arm\u00e9e des \u00c9tats-Unis qui avait \u00e9t\u00e9 d\u00e9ploy\u00e9e aux c\u00f4t\u00e9s de la Garde nationale \u00e0 Los Angeles \u2014 deviennent un instrument de contr\u00f4le int\u00e9rieur plut\u00f4t que de d\u00e9fense ext\u00e9rieure. Cette normalisation de la pr\u00e9sence militaire dans les rues am\u00e9ricaines, pr\u00e9sent\u00e9e comme n\u00e9cessaire face \u00e0 un ennemi int\u00e9rieur fantasm\u00e9, constitue l\u2019un des signes les plus inqui\u00e9tants de la transformation profonde que subit la d\u00e9mocratie am\u00e9ricaine sous cette administration.<\/p>\n<p>Chaque nouveau d\u00e9ploiement rend le suivant plus facile, plus acceptable, plus \u201cnormal\u201d. Et lorsque la pr\u00e9sence de l\u2019arm\u00e9e dans nos villes devient la norme plut\u00f4t que l\u2019exception, c\u2019est la nature m\u00eame de notre soci\u00e9t\u00e9 qui se transforme irr\u00e9m\u00e9diablement.<\/p>\n<p>La question n\u2019est plus de savoir si Donald Trump et son dauphin JD Vance continueront sur cette voie \u2014 ils l\u2019ont clairement indiqu\u00e9 \u2014 mais de savoir si l\u2019opposition trouvera enfin la strat\u00e9gie pour leur r\u00e9sister efficacement sans tomber dans les pi\u00e8ges qui lui sont tendus. Le temps presse, car chaque jour qui passe normalise un peu plus l\u2019inacceptable.<\/p>\n<p>Romuald Sciora dirige l\u2019Observatoire politique et g\u00e9ostrat\u00e9gique des \u00c9tats-Unis de l\u2019IRIS, o\u00f9 il est chercheur associ\u00e9. Essayiste et politologue franco-am\u00e9ricain, il est l\u2019auteur de nombreux ouvrages, articles et documentaires et intervient r\u00e9guli\u00e8rement dans les m\u00e9dias internationaux afin de commenter l\u2019actualit\u00e9. Il vit \u00e0 New York.<\/p>\n","protected":false},"excerpt":{"rendered":"Apr\u00e8s avoir d\u00e9ploy\u00e9 la Garde nationale \u00e0 Los Angeles cet \u00e9t\u00e9 \u2014 alors qu\u2019il n\u2019y avait \u00e9videmment aucune&hellip;\n","protected":false},"author":2,"featured_media":442602,"comment_status":"","ping_status":"","sticky":false,"template":"","format":"standard","meta":{"footnotes":""},"categories":[1589],"tags":[11,73,1866,12,1864,1865,1863,308],"class_list":{"0":"post-442601","1":"post","2":"type-post","3":"status-publish","4":"format-standard","5":"has-post-thumbnail","7":"category-etats-unis","8":"tag-actualites","9":"tag-etats-unis","10":"tag-etats-unis-damerique","11":"tag-news","12":"tag-united-states","13":"tag-united-states-of-america","14":"tag-us","15":"tag-usa"},"share_on_mastodon":{"url":"https:\/\/pubeurope.com\/@fr\/115326604018389967","error":""},"_links":{"self":[{"href":"https:\/\/www.europesays.com\/fr\/wp-json\/wp\/v2\/posts\/442601","targetHints":{"allow":["GET"]}}],"collection":[{"href":"https:\/\/www.europesays.com\/fr\/wp-json\/wp\/v2\/posts"}],"about":[{"href":"https:\/\/www.europesays.com\/fr\/wp-json\/wp\/v2\/types\/post"}],"author":[{"embeddable":true,"href":"https:\/\/www.europesays.com\/fr\/wp-json\/wp\/v2\/users\/2"}],"replies":[{"embeddable":true,"href":"https:\/\/www.europesays.com\/fr\/wp-json\/wp\/v2\/comments?post=442601"}],"version-history":[{"count":0,"href":"https:\/\/www.europesays.com\/fr\/wp-json\/wp\/v2\/posts\/442601\/revisions"}],"wp:featuredmedia":[{"embeddable":true,"href":"https:\/\/www.europesays.com\/fr\/wp-json\/wp\/v2\/media\/442602"}],"wp:attachment":[{"href":"https:\/\/www.europesays.com\/fr\/wp-json\/wp\/v2\/media?parent=442601"}],"wp:term":[{"taxonomy":"category","embeddable":true,"href":"https:\/\/www.europesays.com\/fr\/wp-json\/wp\/v2\/categories?post=442601"},{"taxonomy":"post_tag","embeddable":true,"href":"https:\/\/www.europesays.com\/fr\/wp-json\/wp\/v2\/tags?post=442601"}],"curies":[{"name":"wp","href":"https:\/\/api.w.org\/{rel}","templated":true}]}}