{"id":442618,"date":"2025-10-06T10:02:13","date_gmt":"2025-10-06T10:02:13","guid":{"rendered":"https:\/\/www.europesays.com\/fr\/442618\/"},"modified":"2025-10-06T10:02:13","modified_gmt":"2025-10-06T10:02:13","slug":"nba-en-europe-clubs-satures-avenir-des-bleus-le-president-de-la-federation-devoile-les-chantiers-du-basket-francais","status":"publish","type":"post","link":"https:\/\/www.europesays.com\/fr\/442618\/","title":{"rendered":"NBA en Europe, clubs satur\u00e9s, avenir des Bleus\u00a0: le pr\u00e9sident de la f\u00e9d\u00e9ration d\u00e9voile les chantiers du basket fran\u00e7ais"},"content":{"rendered":"<p>\n                                                                Le pr\u00e9sident de la f\u00e9d\u00e9ration fran\u00e7aise de basket-ball (FFBB), Jean-Pierre Hunckler, \u00e9tait \u00e0 Montpellier pour H\u00e9raia, dimanche 5\u00a0octobre.\n                            <\/p>\n<p class=\"txt-question\">Quelles sont les conclusions tir\u00e9es apr\u00e8s deux championnats d\u2019Europe sans m\u00e9daille pour les \u00e9quipes de France\u00a0?<\/p>\n<p>On \u00e9tait sur de la reconstruction, surtout chez les gar\u00e7ons puisqu\u2019il y a un nouveau staff et une nouvelle \u00e9quipe. On n\u2019a pas eu de chance non plus avec\u00a0beaucoup de blessures. Avec\u00a0les filles, on fait quand m\u00eame un r\u00e9sultat qui est assez int\u00e9ressant puisqu\u2019on a beaucoup de joueuses qui sont tr\u00e8s jeunes.\u00a0Les deux demi-finales se jouent \u00e0 un point. Concernant les gar\u00e7ons, je dirais qu\u2019on a fait une tr\u00e8s bonne premi\u00e8re phase.\u00a0On d\u00e9marre mal le match face \u00e0 la G\u00e9orgie. Et apr\u00e8s, avec le manque de joueurs d\u2019exp\u00e9rience, on ne revient pas dans un match o\u00f9 on a donn\u00e9 la confiance \u00e0 la G\u00e9orgie, qui a fait un tr\u00e8s bon match.\u00a0J\u2019ai quelques regrets sur les gar\u00e7ons. On pr\u00e9pare d\u00e9j\u00e0 les Jeux Olympiques 2028.<\/p>\n<p class=\"txt-question\">Vous regrettez l\u2019absence de certains joueurs\u00a0ou joueuses\u00a0?<\/p>\n<p>Il n\u2019y a pas \u00e0 regretter. Je pense qu\u2019il faut qu\u2019on s\u2019habitue travailler d\u2019une mani\u00e8re diff\u00e9rente.\u00a0On a quand m\u00eame des\u00a0filles qui sont revenues, mais pas toutes. Ce n\u2019est pas parce qu\u2019elles ne viennent pas qu\u2019elles n\u2019ont pas l\u2019amour du maillot.<\/p>\n<p>        <img decoding=\"async\" class=\"std-img__img responsive-img\" src=\"https:\/\/www.europesays.com\/fr\/wp-content\/uploads\/2025\/10\/1759744933_749_image.jpg\" alt=\"Jean-Pierre Hunckler a pu profiter du beau match entre le BLMA et Villeneuve-d\u2019Ascq.\"\/><\/p>\n<p>                Jean-Pierre Hunckler a pu profiter du beau match entre le BLMA et Villeneuve-d\u2019Ascq.<br \/>\n                                    Midi Libre &#8211; JEAN MICHEL MART<\/p>\n<p class=\"txt-question\">On \u00e9voque l\u2019arriv\u00e9e de la NBA en Europe en 2027.\u00a0Les championnats nationaux sont-ils en danger\u00a0?<\/p>\n<p>La NBA a sign\u00e9 un accord avec la FIBA pour que les championnats nationaux et les \u00e9quipes nationales soient pr\u00e9serv\u00e9s. Les r\u00e8gles FIBA vont \u00eatre appliqu\u00e9es, les matchs se d\u00e9rouleront en 4&#215;10 minutes par exemple. Pour la Betclic \u00c9lite, \u00e7a va aller globalement. Pour les clubs qui participent \u00e0 l\u2019Euroleague, \u00e7a peut\u00a0devenir tr\u00e8s compliqu\u00e9.<\/p>\n<p>\u00ab\u00a0On a refus\u00e9 150\u00a0000 jeunes\u00a0\u00bb<\/p>\n<p class=\"txt-question\">Comment faire pour\u00a0am\u00e9liorer la visibilit\u00e9 du basket fran\u00e7ais et de ses championnats\u00a0?<\/p>\n<p>Tout le monde dit qu\u2019on est en manque de visibilit\u00e9, pourtant il n\u2019y a jamais eu autant de matchs t\u00e9l\u00e9vis\u00e9s de basket qu\u2019en ce moment.\u00a0On a resign\u00e9 un contrat avec Sport en France, qui est une tr\u00e8s bonne chose. Il y a des accords qui sont sign\u00e9s avec aussi France T\u00e9l\u00e9visions au niveau des cha\u00eenes r\u00e9gionales.\u00a0La cha\u00eene L\u2019\u00c9quipe diffuse le fameux match du dimanche. Les audimat sont bons\u00a0contrairement \u00e0 ce que les gens peuvent penser.<\/p>\n<p class=\"txt-question\">\u00c7a se ressent au niveau de licence avec un effet Wembanyama\u00a0?<\/p>\n<p>Nos clubs sont d\u00e9j\u00e0 satur\u00e9s. L\u2019an dernier, on a refus\u00e9\u00a0150\u00a0000 jeunes, ce qui est \u00e9norme. L\u2019ann\u00e9e d\u2019avant, c\u2019\u00e9tait 80\u00a0000. L\u00e0, cette ann\u00e9e, aujourd\u2019hui, on est d\u00e9j\u00e0 avec une bonne majorit\u00e9 de clubs qui sont \u00e0 saturation.\u00a0Il faut qu\u2019on travaille pour comment accueillir les sportifs diff\u00e9remment<\/p>\n<p class=\"txt-question\">Comment\u00a0jugez-vous\u00a0la sant\u00e9 du basket f\u00e9minin professionnel avec Tarbes, rel\u00e9gu\u00e9 administrativement\u00a0?<\/p>\n<p>Le sport f\u00e9minin globalement se porte bien. Les clubs sont en bonne sant\u00e9. Tarbes, ce n\u2019est pas une probl\u00e9matique de cette ann\u00e9e.\u00a0\u00c7a fait des ann\u00e9es qu\u2019ils jouaient\u00a0avec les r\u00e8gles. Ils ont d\u00e9pass\u00e9 ces r\u00e8gles. Pendant les trois derni\u00e8res ann\u00e9es, ils ont pay\u00e9 des amendes pour d\u00e9passement de la masse salariale. \u00c0 force d\u2019aller dans\u00a0le d\u00e9ni, ils se punissent tout seuls. Je ne peux que regretter qu\u2019un club tombe. Au niveau \u00e9thique et au niveau sportif, il fallait\u00a0qu\u2019on prenne les bonnes d\u00e9cisions.<\/p>\n<p class=\"txt-question\">Un mot sur H\u00e9raia qui met en valeur le sport f\u00e9minin\u2026<\/p>\n<p>C\u2019est clair qu\u2019aujourd\u2019hui\u00a0ce sont des journ\u00e9es comme \u00e7a qui font la meilleure promotion. F\u00e9licitations au club d\u2019organiser \u00e7a.<\/p>\n","protected":false},"excerpt":{"rendered":"Le pr\u00e9sident de la f\u00e9d\u00e9ration fran\u00e7aise de basket-ball (FFBB), Jean-Pierre Hunckler, \u00e9tait \u00e0 Montpellier pour H\u00e9raia, dimanche 5\u00a0octobre.&hellip;\n","protected":false},"author":2,"featured_media":442619,"comment_status":"","ping_status":"","sticky":false,"template":"","format":"standard","meta":{"footnotes":""},"categories":[1414],"tags":[1465,1464,1011,27,60],"class_list":{"0":"post-442618","1":"post","2":"type-post","3":"status-publish","4":"format-standard","5":"has-post-thumbnail","7":"category-basket","8":"tag-basket","9":"tag-basketball","10":"tag-fr","11":"tag-france","12":"tag-sports"},"share_on_mastodon":{"url":"https:\/\/pubeurope.com\/@fr\/115326651661128083","error":""},"_links":{"self":[{"href":"https:\/\/www.europesays.com\/fr\/wp-json\/wp\/v2\/posts\/442618","targetHints":{"allow":["GET"]}}],"collection":[{"href":"https:\/\/www.europesays.com\/fr\/wp-json\/wp\/v2\/posts"}],"about":[{"href":"https:\/\/www.europesays.com\/fr\/wp-json\/wp\/v2\/types\/post"}],"author":[{"embeddable":true,"href":"https:\/\/www.europesays.com\/fr\/wp-json\/wp\/v2\/users\/2"}],"replies":[{"embeddable":true,"href":"https:\/\/www.europesays.com\/fr\/wp-json\/wp\/v2\/comments?post=442618"}],"version-history":[{"count":0,"href":"https:\/\/www.europesays.com\/fr\/wp-json\/wp\/v2\/posts\/442618\/revisions"}],"wp:featuredmedia":[{"embeddable":true,"href":"https:\/\/www.europesays.com\/fr\/wp-json\/wp\/v2\/media\/442619"}],"wp:attachment":[{"href":"https:\/\/www.europesays.com\/fr\/wp-json\/wp\/v2\/media?parent=442618"}],"wp:term":[{"taxonomy":"category","embeddable":true,"href":"https:\/\/www.europesays.com\/fr\/wp-json\/wp\/v2\/categories?post=442618"},{"taxonomy":"post_tag","embeddable":true,"href":"https:\/\/www.europesays.com\/fr\/wp-json\/wp\/v2\/tags?post=442618"}],"curies":[{"name":"wp","href":"https:\/\/api.w.org\/{rel}","templated":true}]}}