{"id":442624,"date":"2025-10-06T10:06:13","date_gmt":"2025-10-06T10:06:13","guid":{"rendered":"https:\/\/www.europesays.com\/fr\/442624\/"},"modified":"2025-10-06T10:06:13","modified_gmt":"2025-10-06T10:06:13","slug":"mondial-2026-post-polemique-dembele-psg-mateta-le-bizuth-5-questions-sur-le-rassemblement-des-bleus","status":"publish","type":"post","link":"https:\/\/www.europesays.com\/fr\/442624\/","title":{"rendered":"Mondial 2026, post-pol\u00e9mique Demb\u00e9l\u00e9\/PSG, Mateta le bizuth\u2026 5 questions sur le rassemblement des Bleus"},"content":{"rendered":"<p>Programme, calendrier, enjeux&#8230; Voici tout ce qui attend l\u2019\u00e9quipe de France lors de sa s\u00e9quence d\u2019octobre. Avec un objectif clair\u00a0: se rapprocher un peu plus de la Coupe du monde 2026.<\/p>\n<p><strong>Quel est le programme de l\u2019\u00e9quipe de France\u00a0?<\/strong><\/p>\n<p class=\"fig-paragraph\">Les 23 Bleus sont attendus ce lundi \u00e0 16h maximum au ch\u00e2teau de Clairefontaine. Au programme, deux rencontres de\u00a0<a href=\"https:\/\/www.lefigaro.fr\/sports\/football\/qualif-coupe-du-monde-zone-euro\/classement\" target=\"_blank\" rel=\"sponsored noopener\" data-gtm-custom-categorie=\"navigation\" data-gtm-custom-action=\"crossclick\" data-gtm-custom-label=\"Contextuel\" data-gtm-event=\"customEventSPE\">qualification \u00e0 la Coupe du monde 2026<\/a>\u00a0avec la r\u00e9ception de l\u2019Azerba\u00efdjan vendredi soir au Parc des Princes avant un d\u00e9placement en Islande lundi. Entre-temps,<a href=\"http:\/\/www.lefigaro.fr\/sports\/football\/coupe-du-monde\/les-notes-des-bleus-contre-l-islande-mbappe-en-taulier-le-cadeau-d-olise-20250909\" data-fig-type=\"NewsFlash\" data-gtm-custom-categorie=\"navigation\" data-gtm-custom-action=\"crossclick\" data-gtm-custom-label=\"Contextuel\" data-gtm-event=\"customEventSPE\" data-fig-domain=\"LEFIGARO\" target=\"_blank\" rel=\"noopener\">\u00a0les vice-champions du monde<\/a>\u00a0s\u2019entra\u00eeneront tous les jours en fin d\u2019apr\u00e8s-midi, avec des s\u00e9ances le matin en salle, pour ceux qui le souhaitent. Des habitudes inchang\u00e9es avec deux matches en huit jours.<\/p>\n<p><strong>O\u00f9 en est la France dans ses qualifications\u00a0?<\/strong><\/p>\n<p class=\"fig-paragraph\">Le tableau d\u2019ensemble est idyllique. Deux matches, deux victoires, contre\u00a0<a href=\"http:\/\/www.lefigaro.fr\/sports\/football\/coupe-du-monde\/les-notes-des-bleus-olise-chef-d-orchestre-mbappe-tueur-a-gages-maignan-precieux-20250905\" data-fig-type=\"NewsFlash\" data-gtm-custom-categorie=\"navigation\" data-gtm-custom-action=\"crossclick\" data-gtm-custom-label=\"Contextuel\" data-gtm-event=\"customEventSPE\" data-fig-domain=\"LEFIGARO\" target=\"_blank\" rel=\"noopener\">l\u2019Ukraine (0-2)\u00a0<\/a>et\u00a0<a href=\"https:\/\/video.lefigaro.fr\/figaro\/france-islande-les-coups-de-coeur-et-les-coups-de-griffe-de-la-redaction-20250910\" data-fig-type=\"Video\" data-gtm-custom-categorie=\"navigation\" data-gtm-custom-action=\"crossclick\" data-gtm-custom-label=\"Contextuel\" data-gtm-event=\"customEventSPE\" data-fig-domain=\"LEFIGARO\" target=\"_blank\" rel=\"noopener\">l\u2019Islande (2-1)<\/a>\u00a0le mois dernier. Au classement, les Bleus sont donc en t\u00eate d\u2019un groupe largement \u00e0 leur port\u00e9e. Pour rappel, le premier sera qualifi\u00e9 directement pour\u00a0<a href=\"https:\/\/www.lefigaro.fr\/sports\/football\/coupe-du-monde\" target=\"_blank\" data-fig-type=\"Section\" rel=\"sponsored noopener\" data-gtm-custom-categorie=\"navigation\" data-gtm-custom-action=\"crossclick\" data-gtm-custom-label=\"Contextuel\" data-gtm-event=\"customEventSPE\" data-fig-domain=\"LEFIGARO\">le grand rendez-vous de l\u2019\u00e9t\u00e9 prochain (11 juin-19 juillet)<\/a>\u00a0aux \u00c9tats-Unis, Mexique et Canada. En cas de double victoire en octobre, et d\u2019un nul entre l\u2019Islande et l\u2019Ukraine, la qualification serait d\u2019ores et d\u00e9j\u00e0 act\u00e9e, avant m\u00eame l\u2019ultime rassemblement de novembre. La feuille de mission est claire. Et plus qu\u2019atteignable.<\/p>\n<p class=\"fig-body-link\">\n            \u00c0 lire aussi<br \/>\n        <a class=\"fig-body-link__link\" href=\"http:\/\/www.lefigaro.fr\/sports\/football\/espagne\/real-madrid-villarreal-kylian-mbappe-vit-il-le-meilleur-debut-de-saison-de-sa-carriere-20251004\" data-fig-type=\"NewsFlash\" data-gtm-custom-categorie=\"navigation\" data-gtm-custom-action=\"crossclick\" data-gtm-custom-label=\"Contextuel\" data-gtm-event=\"customEventSPE\" data-fig-domain=\"LEFIGARO\" target=\"_blank\" rel=\"noopener\">Real Madrid-Villarreal\u00a0: Kylian Mbapp\u00e9 vit-il le meilleur d\u00e9but de saison de sa carri\u00e8re\u00a0?<br \/>\n    <\/a>\n<\/p>\n<p>                                    <a class=\"fig-a11y-skip a11y-hidden\" href=\"#fig-a11y-skip-main-inarticle\"><br \/>\n        Passer la publicit\u00e9<br \/>\n    <\/a><\/p>\n<p><strong>Qui sont les grands absents en octobre\u00a0?<\/strong><\/p>\n<p class=\"fig-paragraph\"><a href=\"http:\/\/www.lefigaro.fr\/sports\/football\/dossier\/ballon-d-or-palmares-resultats-classement-complet\" data-fig-type=\"Topic\" data-gtm-custom-categorie=\"navigation\" data-gtm-custom-action=\"crossclick\" data-gtm-custom-label=\"Contextuel\" data-gtm-event=\"customEventSPE\" data-fig-domain=\"LEFIGARO\" target=\"_blank\" rel=\"noopener\">Le Ballon d\u2019or 2025<\/a>\u00a0est le grand absent de ce rassemblement.\u00a0<a href=\"http:\/\/www.lefigaro.fr\/sports\/rugby\/antoine-dupont-se-soigne-au-qatar-ousmane-dembele-va-l-y-rejoindre-20250929\" data-fig-type=\"NewsFlash\" data-gtm-custom-categorie=\"navigation\" data-gtm-custom-action=\"crossclick\" data-gtm-custom-label=\"Contextuel\" data-gtm-event=\"customEventSPE\" data-fig-domain=\"LEFIGARO\" target=\"_blank\" rel=\"noopener\">Ousmane Demb\u00e9l\u00e9<\/a>, bless\u00e9 en octobre dernier et au centre d\u2019une grande pol\u00e9mique entre son club et sa s\u00e9lection, n\u2019est pas attendu \u00e0 Clairefontaine lundi. Idem pour\u00a0<a href=\"http:\/\/www.lefigaro.fr\/sports\/football\/espagne\/ballon-d-or-deja-un-trophee-pour-lamine-yamal-au-theatre-du-chatelet-20250922\" data-fig-type=\"NewsFlash\" data-gtm-custom-categorie=\"navigation\" data-gtm-custom-action=\"crossclick\" data-gtm-custom-label=\"Contextuel\" data-gtm-event=\"customEventSPE\" data-fig-domain=\"LEFIGARO\" target=\"_blank\" rel=\"noopener\">D\u00e9sir\u00e9 Dou\u00e9<\/a>, ou encore\u00a0<a href=\"http:\/\/www.lefigaro.fr\/sports\/football\/coupe-du-monde\/bleus-marcus-thuram-forfait-a-la-veille-de-la-liste-de-deschamps-20251001\" data-fig-type=\"NewsFlash\" data-gtm-custom-categorie=\"navigation\" data-gtm-custom-action=\"crossclick\" data-gtm-custom-label=\"Contextuel\" data-gtm-event=\"customEventSPE\" data-fig-domain=\"LEFIGARO\" target=\"_blank\" rel=\"noopener\">Marcus Thuram<\/a>, bless\u00e9s mais aussi\u00a0<a href=\"http:\/\/www.lefigaro.fr\/sports\/football\/coupe-du-monde\/france-islande-en-video-l-enorme-erreur-de-michael-olise-offrant-le-premier-but-aux-islandais-20250909\" data-fig-type=\"NewsFlash\" data-gtm-custom-categorie=\"navigation\" data-gtm-custom-action=\"crossclick\" data-gtm-custom-label=\"Contextuel\" data-gtm-event=\"customEventSPE\" data-fig-domain=\"LEFIGARO\" target=\"_blank\" rel=\"noopener\">Aur\u00e9lien Tchouam\u00e9ni\u00a0<\/a>(suspendu). Sans oublier Rayan Cherki, trop juste et de retour avec Manchester City. Reste \u00e0 savoir l\u2019\u00e9tat de forme de certains \u00e9l\u00e9ments ce lundi, \u00e0 commencer par le capitaine,\u00a0<a href=\"http:\/\/www.lefigaro.fr\/sports\/football\/espagne\/liga-grace-a-un-double-de-vinicius-et-un-but-de-mbappe-le-real-madrid-dompte-villarreal-et-reprend-la-premiere-place-20251004\" data-fig-type=\"NewsFlash\" data-gtm-custom-categorie=\"navigation\" data-gtm-custom-action=\"crossclick\" data-gtm-custom-label=\"Contextuel\" data-gtm-event=\"customEventSPE\" data-fig-domain=\"LEFIGARO\" target=\"_blank\" rel=\"noopener\">Kylian Mbapp\u00e9<\/a>, touch\u00e9 \u00e0 la cheville ce week-end avec le Real Madrid (3-1). Idem pour Ibrahima Konat\u00e9, qui souffre des quadriceps apr\u00e8s avoir \u00e9t\u00e9 sorti peu avant l\u2019heure de jeu contre Chelsea (2-1) samedi avec les Reds de Liverpool.<\/p>\n<p class=\"fig-paragraph\"><strong>\u00c0 VOIR AUSSI &#8211; <\/strong>L\u2019immense carri\u00e8re de Deschamps \u00e0 la t\u00eate des Bleus, qu\u2019il quittera apr\u00e8s la Coupe du monde 2026<\/p>\n<p><strong>Apr\u00e8s la pol\u00e9mique Demb\u00e9l\u00e9, le staff des Bleus va-t-il changer sa m\u00e9thode\u00a0?<\/strong><\/p>\n<p class=\"fig-paragraph\">Pas du tout. Tr\u00e8s agac\u00e9 par les critiques \u00e9mises par le PSG \u00e0 l\u2019\u00e9gard de son staff m\u00e9dical le mois dernier sur la gestion du<a href=\"http:\/\/www.lefigaro.fr\/sports\/football\/coupe-du-monde\/dembele-blesse-deschamps-fautif-fausse-polemique-mauvais-coupable-arretons-d-etre-naifs-20250907\" data-fig-type=\"NewsFlash\" data-gtm-custom-categorie=\"navigation\" data-gtm-custom-action=\"crossclick\" data-gtm-custom-label=\"Contextuel\" data-gtm-event=\"customEventSPE\" data-fig-domain=\"LEFIGARO\" target=\"_blank\" rel=\"noopener\">\u00a0cas Ousmane Demb\u00e9l\u00e9<\/a>, Didier Deschamps a tenu un discours plus rond face aux m\u00e9dias. Toujours est-il que rien n\u2019a chang\u00e9 au sein du staff dans la mani\u00e8re de faire avec les clubs, notamment le\u00a0<a href=\"http:\/\/www.lefigaro.fr\/sports\/football\/equipe-de-france\/polemique-dembele-attaque-du-psg-ce-que-contient-la-reponse-de-la-fff-20250908\" data-fig-type=\"NewsFlash\" data-gtm-custom-categorie=\"navigation\" data-gtm-custom-action=\"crossclick\" data-gtm-custom-label=\"Contextuel\" data-gtm-event=\"customEventSPE\" data-fig-domain=\"LEFIGARO\" target=\"_blank\" rel=\"noopener\">Paris SG qui r\u00e9clamait un changement de m\u00e9thode<\/a>\u00a0et plus d\u2019\u00e9coute. Le docteur Franck Le Gall a \u00e9chang\u00e9 avec ses homologues par messages ces derniers jours, comme il le fait \u00e0 chaque fois.<\/p>\n<p class=\"fig-paragraph\">\u00abJe n\u2019ai eu \u00e0 discuter ni avec le PSG, ni avec aucun club, soufflait \u00ab DD\u00a0\u00bb jeudi au moment de d\u00e9voiler sa liste. Des protocoles sont mis en place. J\u2019ai des \u00e9changes, avant mes choix de liste, sur les situations m\u00e9dicales. Ceux qui ne peuvent pas \u00eatre \u00e0 100%, mais sont disponibles ce week-end, le sont pour l\u2019\u00e9quipe nationale. Il n\u2019y a pas \u00e0 discuter. On fait les choses de fa\u00e7on consciencieuse, professionnelle. Il n\u2019y a pas de risque z\u00e9ro.\u00bb<\/p>\n<p><strong>Quels \u00e9l\u00e9ments jouent \u00ab gros\u00a0\u00bb cette semaine\u00a0?<\/strong><\/p>\n<p class=\"fig-paragraph\">C\u2019est le lot de chaque s\u00e9quence internationale, avec les bons et mauvais points d\u2019une semaine en Bleu. Au regard des absents, Christopher Nkunku, Kingsley Coman et le petit nouveau\u00a0<a href=\"http:\/\/www.lefigaro.fr\/sports\/football\/coupe-du-monde\/produit-de-banlieue-medaille-olympique-maillot-dans-le-short-qui-est-jean-philippe-mateta-nouvel-appele-des-bleus-par-deschamps-20251003\" data-fig-type=\"NewsFlash\" data-gtm-custom-categorie=\"navigation\" data-gtm-custom-action=\"crossclick\" data-gtm-custom-label=\"Contextuel\" data-gtm-event=\"customEventSPE\" data-fig-domain=\"LEFIGARO\" target=\"_blank\" rel=\"noopener\">Jean-Philippe Mateta<\/a>\u00a0auraient la bonne id\u00e9e de se montrer. Le premier cit\u00e9, qui joue peu \u00e0 Milan (4 matches, 1 titularisation, 1 but) apr\u00e8s avoir v\u00e9cu la m\u00eame chose \u00e0 Chelsea, est tr\u00e8s appr\u00e9ci\u00e9 du staff. Sans ses blessures, il aurait \u00e9t\u00e9 en t\u00eate de liste pour \u00absucc\u00e9der\u00bb \u00e0 Antoine Griezmann. Mais le foot n\u2019est pas une science exacte\u2026 Depuis,\u00a0<a href=\"http:\/\/www.lefigaro.fr\/sports\/football\/ligue-des-champions\/ligue-des-champions-griezmann-ekitike-olise-upamecano-les-francais-sont-attendus-mardi-soir-partout-en-europe-20250930\" data-fig-type=\"NewsFlash\" data-gtm-custom-categorie=\"navigation\" data-gtm-custom-action=\"crossclick\" data-gtm-custom-label=\"Contextuel\" data-gtm-event=\"customEventSPE\" data-fig-domain=\"LEFIGARO\" target=\"_blank\" rel=\"noopener\">Michael Olise<\/a>\u00a0(10 s\u00e9lections, 3 buts) a explos\u00e9 et pris possession du poste.<\/p>\n<p>                                    <a class=\"fig-a11y-skip a11y-hidden\" href=\"#fig-a11y-skip-main-inarticle_mtf\"><br \/>\n        Passer la publicit\u00e9<br \/>\n    <\/a><\/p>\n<p class=\"fig-paragraph\">Rappel\u00e9 en cours de stage le mois dernier apr\u00e8s les blessures des Parisiens Demb\u00e9l\u00e9\/Dou\u00e9, Coman, qui \u00e9volue en Arabie saoudite (Al-Nassr), reste dans les petits papiers. \u00c0 lui de montrer qu\u2019il n\u2019a rien perdu de son football. Idem pour Eduardo Camavinga (26 s\u00e9lections), rempla\u00e7ant pour le moment avec le Real Madrid apr\u00e8s son retour de blessure, mais qui garde une belle cote aupr\u00e8s de Deschamps, qui l\u2019a pr\u00e9f\u00e9r\u00e9 \u00e0 Guendouzi, Tolisso ou encore Za\u00efre-Emery et Kant\u00e9, Fofana, Kamara.<\/p>\n<p class=\"fig-paragraph\">Les regards seront aussi tourn\u00e9s vers Jean-Philippe Mateta, le petit nouveau qui profite de l\u2019h\u00e9catombe en attaque. \u00c0 28 ans, il d\u00e9couvrira la s\u00e9lection, en esp\u00e9rant que ce ne soit pas que pour un rassemblement. \u00c0 lui de crever l\u2019\u00e9cran car la concurrence est rude \u00e0 son poste (Mbapp\u00e9, Demb\u00e9l\u00e9, Ekitike, Thuram\u2026). S\u2019il veut revoir Clairefontaine, il doit marquer les esprits.<\/p>\n<p>    <a href=\"https:\/\/photo.lefigaro.fr\/sports\/paul-seixas-heroique-felix-lebrun-finaliste-a-pekin-l-abandon-de-jannik-sinner-les-tops-et-flops-du-week-end-20251005\" target=\"_blank\" rel=\"noopener\"><\/p>\n<p class=\"fig-slideshow__title\">\n                    Paul Seixas h\u00e9ro\u00efque, F\u00e9lix Lebrun proche du Graal, Pogacar et l\u2019OM en patrons, les malheurs de Sinner et Marquez&#8230; Les tops et flops du week-end sport\n                <\/p>\n<p>Acc\u00e9der au diaporama (12)<\/p>\n<p>    <\/a><\/p>\n","protected":false},"excerpt":{"rendered":"Programme, calendrier, enjeux&#8230; Voici tout ce qui attend l\u2019\u00e9quipe de France lors de sa s\u00e9quence d\u2019octobre. Avec un&hellip;\n","protected":false},"author":2,"featured_media":442625,"comment_status":"","ping_status":"","sticky":false,"template":"","format":"standard","meta":{"footnotes":""},"categories":[1410],"tags":[20532,6713,63,1011,27,6477,60],"class_list":{"0":"post-442624","1":"post","2":"type-post","3":"status-publish","4":"format-standard","5":"has-post-thumbnail","7":"category-football","8":"tag-didier-deschamps","9":"tag-equipe-de-france-de-football","10":"tag-football","11":"tag-fr","12":"tag-france","13":"tag-kylian-mbappe","14":"tag-sports"},"share_on_mastodon":{"url":"https:\/\/pubeurope.com\/@fr\/115326666952626331","error":""},"_links":{"self":[{"href":"https:\/\/www.europesays.com\/fr\/wp-json\/wp\/v2\/posts\/442624","targetHints":{"allow":["GET"]}}],"collection":[{"href":"https:\/\/www.europesays.com\/fr\/wp-json\/wp\/v2\/posts"}],"about":[{"href":"https:\/\/www.europesays.com\/fr\/wp-json\/wp\/v2\/types\/post"}],"author":[{"embeddable":true,"href":"https:\/\/www.europesays.com\/fr\/wp-json\/wp\/v2\/users\/2"}],"replies":[{"embeddable":true,"href":"https:\/\/www.europesays.com\/fr\/wp-json\/wp\/v2\/comments?post=442624"}],"version-history":[{"count":0,"href":"https:\/\/www.europesays.com\/fr\/wp-json\/wp\/v2\/posts\/442624\/revisions"}],"wp:featuredmedia":[{"embeddable":true,"href":"https:\/\/www.europesays.com\/fr\/wp-json\/wp\/v2\/media\/442625"}],"wp:attachment":[{"href":"https:\/\/www.europesays.com\/fr\/wp-json\/wp\/v2\/media?parent=442624"}],"wp:term":[{"taxonomy":"category","embeddable":true,"href":"https:\/\/www.europesays.com\/fr\/wp-json\/wp\/v2\/categories?post=442624"},{"taxonomy":"post_tag","embeddable":true,"href":"https:\/\/www.europesays.com\/fr\/wp-json\/wp\/v2\/tags?post=442624"}],"curies":[{"name":"wp","href":"https:\/\/api.w.org\/{rel}","templated":true}]}}