{"id":442641,"date":"2025-10-06T10:19:11","date_gmt":"2025-10-06T10:19:11","guid":{"rendered":"https:\/\/www.europesays.com\/fr\/442641\/"},"modified":"2025-10-06T10:19:11","modified_gmt":"2025-10-06T10:19:11","slug":"jai-lintime-conviction-que-cest-son-mari-qui-la-fait-assure-lamant-de-delphine","status":"publish","type":"post","link":"https:\/\/www.europesays.com\/fr\/442641\/","title":{"rendered":"\u00ab\u00a0J\u2019ai l\u2019intime conviction que c\u2019est son mari qui l\u2019a fait\u00a0\u00bb, assure l\u2019amant de Delphine\u2026"},"content":{"rendered":"<p>\u00ab\u00a0J\u2019ai l\u2019intime conviction que c\u2019est C\u00e9dric Jubillar qui l\u2019a fait\u00a0\u00bb, assure l\u2019amant de Delphine au sujet de sa disparition<\/p>\n<p>La pr\u00e9sidente de la cour d\u2019assises a demand\u00e9 apr\u00e8s le t\u00e9moignage de Donat-Jean, l\u2019amant de Delphine jusqu\u2019\u00e0 sa disparition en d\u00e9cembre\u00a02020 s\u2019il avait quelque chose \u00e0 ajouter. La r\u00e9ponse est claire\u00a0: \u00ab\u00a0Oui. Aujourd\u2019hui, j\u2019ai l\u2019intime conviction que c\u2019est C\u00e9dric Jubillar qui l\u2019a fait\u00a0\u00bb<\/p>\n<p>Un autre homme rencontr\u00e9 sur Gleeden \u00e9galement entendu<\/p>\n<p>La salle d\u2019audience, comble comme depuis le d\u00e9but des d\u00e9bats, le 22\u00a0septembre, a d\u2019abord entendu lundi un autre homme, que l\u2019infirmi\u00e8re disparue avait rencontr\u00e9 ant\u00e9rieurement sur l\u2019application de rencontres extraconjugales Gleeden.<\/p>\n<p>Delphine et lui, a expliqu\u00e9 ce responsable d\u2019un bureau d\u2019\u00e9tudes domicili\u00e9 dans le Gard, s\u2019\u00e9taient vite \u00ab\u00a0rendus compte que beaucoup de kilom\u00e8tres nous s\u00e9paraient et qu\u2019une rencontre physique serait compliqu\u00e9e\u00a0\u00bb.<\/p>\n<p>Pourtant, a-t-il racont\u00e9, \u00ab\u00a0le courant passait bien, donc on a continu\u00e9 d\u2019\u00e9changer\u00a0\u00bb, notamment \u00e0 propos des enfants de Delphine, Louis et Elyah, qui avaient 6 ans et 18 mois lors de sa disparition, ce qui a conduit ce t\u00e9moin \u00e0 spontan\u00e9ment exclure, lui aussi, l\u2019hypoth\u00e8se d\u2019un d\u00e9part volontaire de la jeune femme au vu de l\u2019amour qu\u2019elle portait \u00e0 ses enfants.<\/p>\n<p>La conversation r\u00e9guli\u00e8re et enthousiaste, qui de Gleeden \u00e9tait pass\u00e9e sur l\u2019application de messagerie crypt\u00e9e WhatsApp, s\u2019\u00e9tait finalement arr\u00eat\u00e9e apr\u00e8s quelques mois. \u00ab\u00a0J\u2019ai suppos\u00e9 qu\u2019elle avait fait une rencontre avec une personne g\u00e9ographiquement plus pr\u00e8s\u00a0\u00bb, a-t-il expliqu\u00e9. \u00ab\u00a0Je suis pass\u00e9 \u00e0 autre chose, jusqu\u2019en d\u00e9cembre\u00a0\u00bb, lorsqu\u2019il d\u00e9couvre le portrait de Delphine dans la presse apr\u00e8s sa disparition.<\/p>\n<p>\u00ab\u00a0Delphine a re\u00e7u des menaces de son mari [\u2026] aujourd\u2019hui elle a disparu\u00a0\u00bb, d\u00e9clare son amant<\/p>\n<p> \u00abDelphine, au bout d\u2019un moment, a re\u00e7u des menaces de son mari. [\u2026] Ce que je constate, c\u2019est qu\u2019aujourd\u2019hui elle a disparu\u00a0\u00bb, a d\u00e9clar\u00e9 l\u2019amant avec lequel l\u2019infirmi\u00e8re disparue en\u00a02020 envisageait de refaire sa vie.<\/p>\n<p>Polaire noire sur le dos, agit\u00e9 de mouvements nerveux, C\u00e9dric Jubillar a assist\u00e9 \u00e0 la d\u00e9position de cet homme, expert automobile, avec lequel Delphine voulait s\u2019engager apr\u00e8s le divorce. \u00ab\u00a0On ne savait pas o\u00f9 \u00e7a allait mener et finalement c\u2019est devenu passionnel\u00a0\u00bb, a-t-il expliqu\u00e9 \u00e0 propos de cette relation qui, d\u2019une aventure extraconjugale, \u00e9tait devenue \u00ab\u00a0une nouvelle ligne droite qui s\u2019ouvrait dans un virage\u00a0\u00bb de leurs vies.<\/p>\n<p>Delphine Jubillar, n\u00e9e Aussaguel, ne lui avait \u00ab\u00a0jamais parl\u00e9\u00a0\u00bb de violences psychiques ou physiques de la part de C\u00e9dric, a-t-il d\u00e9clar\u00e9.<\/p>\n<p>Son ex-compagne, un temps soup\u00e7onn\u00e9e avant d\u2019\u00eatre \u00e9cart\u00e9e par les enqu\u00eateurs, avec laquelle il a partag\u00e9 onze ans de vie commune et eu un enfant, avait t\u00e9moign\u00e9 jeudi \u00e0 la barre, dressant un portrait peu \u00e9logieux de celui avec qui Delphine Jubillar envisageait de refaire sa vie.<\/p>\n<p>L\u2019amant de Montauban d\u00e9crit une relation \u00ab\u00a0passionn\u00e9e\u00a0\u00bb avec Delphine<\/p>\n<p>Donat-Jean M., 44 ans aujourd\u2019hui, raconte \u00e0 la barre une relation \u00ab\u00a0passionn\u00e9e\u00a0\u00bb avec Delphine et \u00ab\u00a0pas uniquement charnelle\u00a0\u00bb, marqu\u00e9e par \u00ab\u00a0des discussions intarissables, qui ne s\u2019arr\u00eataient jamais\u00a0\u00bb. \u00ab\u00a0Je trouve triste la tournure qu\u2019a pris cette histoire\u00a0\u00bb, a-t-il dit d\u2019embl\u00e9e, visiblement et nerveux au tout d\u00e9but de son t\u00e9moignage avant de renvoyer l\u2019image d\u2019un homme s\u00fbr de lui, bras crois\u00e9s sur la poitrine dans sa chemise bleue pr\u00e8s du corps. \u00ab\u00a0L\u2019amant de Montauban\u00a0\u00bb explique que Delphine lui parlait beaucoup de son travail et de ses enfants, \u00ab\u00a0ses fiert\u00e9s\u00a0\u00bb , peu de son mari C\u00e9dric. \u00ab\u00a0Elle \u00e9tait g\u00ean\u00e9e pour les sorties avec ses amies, parce qu\u2019il n\u2019\u00e9tait pas sortable\u00a0\u00bb.<\/p>\n<p>A l\u2019entr\u00e9e du t\u00e9moin, le \u00ab\u00a0rival\u00a0\u00bb qu\u2019il n\u2019a jamais rencontr\u00e9, l\u2019accus\u00e9 a souri \u00e0 l\u2019intention d\u2019un proche dans le public et s\u2019est frott\u00e9 les mains. Maintenant, il baille ou tressaute nerveusement, raconte notre journaliste sur place, H\u00e9l\u00e8ne M\u00e9nal.<\/p>\n<p>La rencontre entre Delphine et son amant<\/p>\n<p>Le 26 avril\u00a02020, Delphine s\u2019inscrit sur le site de rencontres Gleeden. Elle fait alors la connaissance de Donat-Jean, un homme habitant \u00e0 Montauban dans le Tarn-et-Garonne. Apr\u00e8s plusieurs semaines d\u2019\u00e9changes sur Internet, ils se rencontrent le 21\u00a0juillet 2020 dans un parc de loisirs du Tarn. C\u2019est \u00e0 ce moment-l\u00e0 que leur relation extraconjugale d\u00e9bute.<\/p>\n<p>Selon les \u00e9changes r\u00e9v\u00e9l\u00e9s par l\u2019enqu\u00eate, Delphine et Donat-Jean se rencontraient en moyenne tous les quinze jours \u00e0 l\u2019h\u00f4tel ou \u00e0 l\u2019ext\u00e9rieur. Avant la disparition de Delphine, les amants pr\u00e9voyaient m\u00eame leur mise en m\u00e9nage en d\u00e9but d\u2019ann\u00e9e\u00a02021.<\/p>\n<p>Des cris \u00e9touff\u00e9s entendus durant la nuit de la disparition de Delphine\u2026 Des voisines des Jubillar attendues \u00e0 la barre cet apr\u00e8s-midi<\/p>\n<p>La cour d\u2019assises du Tarn, pr\u00e9sid\u00e9e par H\u00e9l\u00e8ne Ratinaud, entendra lundi apr\u00e8s-midi des voisines du domicile des Jubillar \u00e0 Cagnac-les-Mines dans le Tarn qui assurent avoir entendu les cris \u00e9touff\u00e9s d\u2019une femme au cours de la nuit de la disparition, entre le 15 et le 16\u00a0d\u00e9cembre 2020. <\/p>\n<p>Le r\u00e9cit tr\u00e8s attendu de \u00ab\u00a0L\u2019amant de Montauban\u00a0\u00bb<\/p>\n<p>Il est le destinataire du tout dernier signe de vie de Delphine Jubillar\u00a0: une photo d\u2019elle en tenue de nuit envoy\u00e9e \u00e0 22h55 le 15\u00a0d\u00e9cembre 2020. Un message qui, selon la th\u00e9orie l\u2019accusation, a pu faire \u00ab\u00a0vriller\u00a0\u00bb C\u00e9dric Jubillar et scell\u00e9 le sort de Delphine. Donat-Jean M., que les m\u00e9dias ont baptis\u00e9 \u00ab\u00a0l\u2019amant de Montauban\u00a0\u00bb, t\u00e9moignera ce lundi matin.<\/p>\n<p>Avec Delphine, ils s\u2019\u00e9taient rencontr\u00e9s l\u2019\u00e9t\u00e9 pr\u00e9c\u00e9dent la disparition et entretenaient une relation si passionn\u00e9e qu\u2019ils avaient tous deux d\u00e9cid\u00e9 de quitter leurs conjoints respectifs.<\/p>\n<p>Bonjour, et bienvenue dans ce live au 9e jour du proc\u00e8s de C\u00e9dric Jubillar<\/p>\n<p>Le proc\u00e8s de C\u00e9dric Jubillar entre dans une troisi\u00e8me semaine d\u00e9cisive, avec notamment les t\u00e9moignages de la m\u00e8re de C\u00e9dric Jubillar et des femmes qu\u2019il a fr\u00e9quent\u00e9es apr\u00e8s la disparition de son \u00e9pouse Delphine. Suivez avec nous les temps forts des audiences sur cette affaire sans corps, ni aveux.<\/p>\n","protected":false},"excerpt":{"rendered":"\u00ab\u00a0J\u2019ai l\u2019intime conviction que c\u2019est C\u00e9dric Jubillar qui l\u2019a fait\u00a0\u00bb, assure l\u2019amant de Delphine au sujet de sa&hellip;\n","protected":false},"author":2,"featured_media":442642,"comment_status":"","ping_status":"","sticky":false,"template":"","format":"standard","meta":{"footnotes":""},"categories":[4],"tags":[47,11,33044,2715,3555,1011,27,303,777,2721,12,2680,2694,25,8412,2312],"class_list":{"0":"post-442641","1":"post","2":"type-post","3":"status-publish","4":"format-standard","5":"has-post-thumbnail","7":"category-france","8":"tag-actualite","9":"tag-actualites","10":"tag-affaire-jubillar","11":"tag-disparition","12":"tag-feminicide","13":"tag-fr","14":"tag-france","15":"tag-justice","16":"tag-meurtre","17":"tag-midi-pyrenees","18":"tag-news","19":"tag-occitanie","20":"tag-proces","21":"tag-republique-francaise","22":"tag-tarn","23":"tag-toulouse"},"share_on_mastodon":{"url":"https:\/\/pubeurope.com\/@fr\/115326718145032475","error":""},"_links":{"self":[{"href":"https:\/\/www.europesays.com\/fr\/wp-json\/wp\/v2\/posts\/442641","targetHints":{"allow":["GET"]}}],"collection":[{"href":"https:\/\/www.europesays.com\/fr\/wp-json\/wp\/v2\/posts"}],"about":[{"href":"https:\/\/www.europesays.com\/fr\/wp-json\/wp\/v2\/types\/post"}],"author":[{"embeddable":true,"href":"https:\/\/www.europesays.com\/fr\/wp-json\/wp\/v2\/users\/2"}],"replies":[{"embeddable":true,"href":"https:\/\/www.europesays.com\/fr\/wp-json\/wp\/v2\/comments?post=442641"}],"version-history":[{"count":0,"href":"https:\/\/www.europesays.com\/fr\/wp-json\/wp\/v2\/posts\/442641\/revisions"}],"wp:featuredmedia":[{"embeddable":true,"href":"https:\/\/www.europesays.com\/fr\/wp-json\/wp\/v2\/media\/442642"}],"wp:attachment":[{"href":"https:\/\/www.europesays.com\/fr\/wp-json\/wp\/v2\/media?parent=442641"}],"wp:term":[{"taxonomy":"category","embeddable":true,"href":"https:\/\/www.europesays.com\/fr\/wp-json\/wp\/v2\/categories?post=442641"},{"taxonomy":"post_tag","embeddable":true,"href":"https:\/\/www.europesays.com\/fr\/wp-json\/wp\/v2\/tags?post=442641"}],"curies":[{"name":"wp","href":"https:\/\/api.w.org\/{rel}","templated":true}]}}