{"id":442645,"date":"2025-10-06T10:21:14","date_gmt":"2025-10-06T10:21:14","guid":{"rendered":"https:\/\/www.europesays.com\/fr\/442645\/"},"modified":"2025-10-06T10:21:14","modified_gmt":"2025-10-06T10:21:14","slug":"saint-etienne-un-spectacle-doctobre-rose-annule-par-manque-de-communication-de-la-ville","status":"publish","type":"post","link":"https:\/\/www.europesays.com\/fr\/442645\/","title":{"rendered":"Saint-\u00c9tienne. Un spectacle d\u2019Octobre rose annul\u00e9 \u00ab\u00a0par manque de communication de la Ville\u00a0\u00bb"},"content":{"rendered":"<p>La soir\u00e9e promettait d\u2019\u00eatre belle, pleine d\u2019\u00e9motions, de chants et de danses. Elle \u00e9tait aussi caritative et devait se d\u00e9rouler \u00e0 l\u2019Op\u00e9ra de Saint-\u00c9tienne, dans le cadre de la campagne de sensibilisation du cancer du sein d\u2019Octobre rose.<\/p>\n<p>L\u2019\u00e9v\u00e9nement a \u00e9t\u00e9 organis\u00e9 par l\u2019Institut du sein de Saint-\u00c9tienne (SIS), qui rassemble des praticiens engag\u00e9s aupr\u00e8s des femmes dans la lutte contre le cancer du sein et une troupe d\u2019artistes mobilis\u00e9e autour du SIS pour collecter des fonds.<\/p>\n<p>Ce <a href=\"https:\/\/www.leprogres.fr\/sante\/2025\/10\/05\/spectacle-pour-octobre-rose-ecrire-l-histoire-en-me-mettant-dans-la-peau-d-une-patiente\" target=\"_blank\" rel=\"noopener\">spectacle, d\u00e9di\u00e9 aux patientes atteintes d\u2019un cancer du sein<\/a> mais aussi aux aidants qui les accompagnent au quotidien dans leur parcours, ne sera pas pr\u00e9sent\u00e9 \u00e0 Saint-\u00c9tienne faute de communication de la Ville.<\/p>\n<p>Les organisateurs d\u00e9plorent un manque de visibilit\u00e9 et la difficult\u00e9 \u00e0 se faire entendre par les services de la mairie. Des \u00e9l\u00e9ments qui ont contraint la troupe d\u2019artistes \u00e0 annuler sa prestation.<\/p>\n<p>  Les 5\u00a0000 abonn\u00e9s de l\u2019Op\u00e9ra auraient \u00e9t\u00e9 inform\u00e9s, selon la mairie<\/p>\n<p>L\u2019adjointe au plan cancer, Nadia Semache, avoue \u00eatre un peu surprise de cette annulation. \u00ab\u00a0Nous avons re\u00e7u les organisateurs avec le maire, Ga\u00ebl Perdriau et leur avons mis \u00e0 disposition gracieusement la salle Copeau. On ne se substitue pas. Nous les avons appel\u00e9s il y a une dizaine de jours et ils ne nous ont pas sollicit\u00e9s pour un coup de pouce\u00a0\u00bb, assure l\u2019\u00e9lue.<\/p>\n<p>En mairie, du c\u00f4t\u00e9 de la communication, on indique que les 5\u00a0000 abonn\u00e9s de l\u2019Op\u00e9ra ont re\u00e7u le flyer du spectacle avec le lien pour acheter des places. Et que ces informations ont \u00e9t\u00e9 partag\u00e9es sur les r\u00e9seaux sociaux de l\u2019Op\u00e9ra. On n\u2019en trouve aucune trace aujourd\u2019hui. \u00ab\u00a0Ces posts ont \u00e9t\u00e9 retir\u00e9s vendredi dernier, pour ne pas semer la confusion aupr\u00e8s des usagers\u00a0\u00bb, pr\u00e9cise-t-on en mairie.<\/p>\n<p>L\u2019annulation de leur spectacle, les organisateurs la regrettent mais \u00e0 dix jours de l\u2019\u00e9v\u00e9nement, seuls 39 billets avaient \u00e9t\u00e9 vendus. Pas assez pour une salle qui peu accueillir presque 300 personnes. Ce spectacle qui sera \u00e9galement pr\u00e9sent\u00e9 \u00e0 Firminy au Firmament, le 25\u00a0octobre prochain, est par contre bien maintenu puisque pr\u00e8s de 300 places ont d\u00e9j\u00e0 \u00e9t\u00e9 vendues.<\/p>\n","protected":false},"excerpt":{"rendered":"La soir\u00e9e promettait d\u2019\u00eatre belle, pleine d\u2019\u00e9motions, de chants et de danses. Elle \u00e9tait aussi caritative et devait&hellip;\n","protected":false},"author":2,"featured_media":442646,"comment_status":"","ping_status":"","sticky":false,"template":"","format":"standard","meta":{"footnotes":""},"categories":[9653],"tags":[1111,11,2430,7539,1777,674,1011,27,12,54321,25,4001,7538,71,104,1631],"class_list":{"0":"post-442645","1":"post","2":"type-post","3":"status-publish","4":"format-standard","5":"has-post-thumbnail","7":"category-saint-etienne","8":"tag-actu","9":"tag-actualites","10":"tag-auvergne-rhone-alpes","11":"tag-edition-loire-sud","12":"tag-eu","13":"tag-europe","14":"tag-fr","15":"tag-france","16":"tag-news","17":"tag-octobre-rose","18":"tag-republique-francaise","19":"tag-saint-etienne","20":"tag-saint-etienne-ville","21":"tag-sante","22":"tag-societe","23":"tag-vie-associative"},"share_on_mastodon":{"url":"https:\/\/pubeurope.com\/@fr\/115326725903789411","error":""},"_links":{"self":[{"href":"https:\/\/www.europesays.com\/fr\/wp-json\/wp\/v2\/posts\/442645","targetHints":{"allow":["GET"]}}],"collection":[{"href":"https:\/\/www.europesays.com\/fr\/wp-json\/wp\/v2\/posts"}],"about":[{"href":"https:\/\/www.europesays.com\/fr\/wp-json\/wp\/v2\/types\/post"}],"author":[{"embeddable":true,"href":"https:\/\/www.europesays.com\/fr\/wp-json\/wp\/v2\/users\/2"}],"replies":[{"embeddable":true,"href":"https:\/\/www.europesays.com\/fr\/wp-json\/wp\/v2\/comments?post=442645"}],"version-history":[{"count":0,"href":"https:\/\/www.europesays.com\/fr\/wp-json\/wp\/v2\/posts\/442645\/revisions"}],"wp:featuredmedia":[{"embeddable":true,"href":"https:\/\/www.europesays.com\/fr\/wp-json\/wp\/v2\/media\/442646"}],"wp:attachment":[{"href":"https:\/\/www.europesays.com\/fr\/wp-json\/wp\/v2\/media?parent=442645"}],"wp:term":[{"taxonomy":"category","embeddable":true,"href":"https:\/\/www.europesays.com\/fr\/wp-json\/wp\/v2\/categories?post=442645"},{"taxonomy":"post_tag","embeddable":true,"href":"https:\/\/www.europesays.com\/fr\/wp-json\/wp\/v2\/tags?post=442645"}],"curies":[{"name":"wp","href":"https:\/\/api.w.org\/{rel}","templated":true}]}}