{"id":442647,"date":"2025-10-06T10:22:11","date_gmt":"2025-10-06T10:22:11","guid":{"rendered":"https:\/\/www.europesays.com\/fr\/442647\/"},"modified":"2025-10-06T10:22:11","modified_gmt":"2025-10-06T10:22:11","slug":"rn88-les-chantiers-saccumulent-entre-la-loire-et-la-haute-loire","status":"publish","type":"post","link":"https:\/\/www.europesays.com\/fr\/442647\/","title":{"rendered":"RN88 : les chantiers s&rsquo;accumulent entre la Loire et la Haute-Loire"},"content":{"rendered":"<p>Saint-\u00c9tienne, Saint-Chamond, La Ricamarie, Monistrol-sur-Loire, Le Pertuis : plusieurs perturbations sont pr\u00e9vues dans les prochains jours sur la RN88.<\/p>\n<p>Prenez votre mal en patience sur la <b>RN88<\/b>.<\/p>\n<p><a class=\"url\" href=\"https:\/\/radioscoop.com\/infos\/maj-incendie-sur-la-rn88-a-saint-etienne-la-circulation-reprend-sur-une-voie_339131\" target=\"_blank\" rel=\"nofollow noopener\">Alors qu&rsquo;un incendie s&rsquo;est produit<\/a>, ce lundi 6 octobre, \u00e0 <b>Saint-\u00c9tienne<\/b>, d&rsquo;autres perturbations sont \u00e0 pr\u00e9voir cette semaine entre la <b>Loire<\/b> et la <b>Haute-Loire<\/b>.<\/p>\n<p>En cause, cette fois : des travaux men\u00e9s sur plusieurs tron\u00e7ons. Ce sera le cas notamment \u00e0 Saint-\u00c9tienne. Avec un chantier d&rsquo;entretien de portiques \u00e0 hauteur du <b>tunnel du Rond-Point<\/b>. Celui-ci sera donc <b>ferm\u00e9 \u00e0 la circulation les nuits du lundi 6 et du mardi 7 octobre<\/b>, de 20h30 \u00e0 5h30, en direction de Firminy.<\/p>\n<p>Dans le secteur de <b>La Ricamarie<\/b>, les travaux d&rsquo;am\u00e9nagement acoustique se poursuivent. Les voies sont r\u00e9duites et la vitesse est limit\u00e9e \u00e0 70 km\/h jusqu&rsquo;au 26 novembre en direction du Puy-en-Velay. Par ailleurs, la voie de droite sera neutralis\u00e9e les journ\u00e9es du lundi 6 et du jeudi 9 octobre, de 9h \u00e0 16h.<\/p>\n<p>Parcours rallong\u00e9 en Haute-Loire<\/p>\n<p>C\u00f4t\u00e9 <b>Haute-Loire<\/b>, deux chantiers sont en cours. L&rsquo;un entre <b>Monistrol-sur-Loire<\/b>,\u00a0<b>La Chapelle-d&rsquo;Aurec<\/b> et <b>Pont-Salomon<\/b>, soit un tron\u00e7on de 4,1 kilom\u00e8tres.\u00a0<\/p>\n<p>La circulation s&rsquo;effectue sur une seule voie dans chaque sens et la vitesse est limit\u00e9e \u00e0 80 km\/h, m\u00eame 50 km\/h par endroits. Ce qui provoque des ralentissements aux heures de pointe dans le secteur. Ces travaux doivent durer jusqu&rsquo;au vendredi 17 octobre.<\/p>\n<p>Le second chantier est men\u00e9 entre <b>Saint-Hostien<\/b> et <b>Le Pertuis<\/b>. <b>La circulation est interrompue<\/b> jusqu&rsquo;au vendredi 10 octobre, en direction de Saint-\u00c9tienne. Les automobilistes venant du Puy-en-Velay doivent donc emprunter une d\u00e9viation par <b>Saint-Julien-Chapteuil<\/b>.<\/p>\n<p>Enfin, les travaux du demi-\u00e9changeur de la Varizelle entrent dans une nouvelle phase \u00e0 <b>Saint-Chamond<\/b>. \u00c0 partir du mardi 7 octobre, la voie de droite sera neutralis\u00e9e en permanence en direction de Lyon. Dans l&rsquo;autre sens, la circulation sera interrompue sur la voie de droite, uniquement la journ\u00e9e du mercredi 8 octobre, de 9h \u00e0 16h.<\/p>\n<p><img loading=\"lazy\" decoding=\"async\" src=\"https:\/\/www.europesays.com\/fr\/wp-content\/uploads\/2025\/10\/1759746131_931_img\" width=\"350\" height=\"200\" border=\"0\" title=\"L'incendie s'est produit peu avant la sortie Montplaisir, sur la RN88, en direction de Firminy\"\/><\/p>\n<p>\u25baTrafic<\/p>\n<p style=\"font-size: 22px;\"><b>[M\u00c0J] Incendie sur la RN88 \u00e0 Saint-\u00c9tienne : la circulation reprend sur une voie<\/b><\/p>\n<p>Un v\u00e9hicule s&rsquo;est embras\u00e9, ce lundi 6 octobre,&#8230;<\/p>\n<p><\/p>\n","protected":false},"excerpt":{"rendered":"Saint-\u00c9tienne, Saint-Chamond, La Ricamarie, Monistrol-sur-Loire, Le Pertuis : plusieurs perturbations sont pr\u00e9vues dans les prochains jours sur la&hellip;\n","protected":false},"author":2,"featured_media":98814,"comment_status":"","ping_status":"","sticky":false,"template":"","format":"standard","meta":{"footnotes":""},"categories":[9653],"tags":[1111,11,2430,1777,674,1011,27,4002,54959,3367,38329,12,14964,25,15292,9920,4001,56893,2086],"class_list":{"0":"post-442647","1":"post","2":"type-post","3":"status-publish","4":"format-standard","5":"has-post-thumbnail","7":"category-saint-etienne","8":"tag-actu","9":"tag-actualites","10":"tag-auvergne-rhone-alpes","11":"tag-eu","12":"tag-europe","13":"tag-fr","14":"tag-france","15":"tag-haute-loire","16":"tag-le-pertuis","17":"tag-loire","18":"tag-monistrol-sur-loire","19":"tag-news","20":"tag-pont-salomon","21":"tag-republique-francaise","22":"tag-rn88","23":"tag-saint-tienne","24":"tag-saint-etienne","25":"tag-saint-hostien","26":"tag-travaux"},"share_on_mastodon":{"url":"https:\/\/pubeurope.com\/@fr\/115326729943114024","error":""},"_links":{"self":[{"href":"https:\/\/www.europesays.com\/fr\/wp-json\/wp\/v2\/posts\/442647","targetHints":{"allow":["GET"]}}],"collection":[{"href":"https:\/\/www.europesays.com\/fr\/wp-json\/wp\/v2\/posts"}],"about":[{"href":"https:\/\/www.europesays.com\/fr\/wp-json\/wp\/v2\/types\/post"}],"author":[{"embeddable":true,"href":"https:\/\/www.europesays.com\/fr\/wp-json\/wp\/v2\/users\/2"}],"replies":[{"embeddable":true,"href":"https:\/\/www.europesays.com\/fr\/wp-json\/wp\/v2\/comments?post=442647"}],"version-history":[{"count":0,"href":"https:\/\/www.europesays.com\/fr\/wp-json\/wp\/v2\/posts\/442647\/revisions"}],"wp:featuredmedia":[{"embeddable":true,"href":"https:\/\/www.europesays.com\/fr\/wp-json\/wp\/v2\/media\/98814"}],"wp:attachment":[{"href":"https:\/\/www.europesays.com\/fr\/wp-json\/wp\/v2\/media?parent=442647"}],"wp:term":[{"taxonomy":"category","embeddable":true,"href":"https:\/\/www.europesays.com\/fr\/wp-json\/wp\/v2\/categories?post=442647"},{"taxonomy":"post_tag","embeddable":true,"href":"https:\/\/www.europesays.com\/fr\/wp-json\/wp\/v2\/tags?post=442647"}],"curies":[{"name":"wp","href":"https:\/\/api.w.org\/{rel}","templated":true}]}}