{"id":442657,"date":"2025-10-06T10:28:09","date_gmt":"2025-10-06T10:28:09","guid":{"rendered":"https:\/\/www.europesays.com\/fr\/442657\/"},"modified":"2025-10-06T10:28:09","modified_gmt":"2025-10-06T10:28:09","slug":"transavia-un-vol-alger-strasbourg-deroute-durgence-vers-montpellier-voici-pourquoi","status":"publish","type":"post","link":"https:\/\/www.europesays.com\/fr\/442657\/","title":{"rendered":"Transavia. Un vol Alger &#8211; Strasbourg d\u00e9rout\u00e9 d&rsquo;urgence vers Montpellier : voici pourquoi"},"content":{"rendered":"<p>            Par<br \/>\n        <strong><br \/>\n            <a href=\"https:\/\/actu.fr\/auteur\/ivan-capecchi\" title=\"Consulter tous les articles de Ivan CAPECCHI\" target=\"_blank\" rel=\"noopener\">Ivan CAPECCHI<\/a><br \/>\n        <\/strong><\/p>\n<p>        Publi\u00e9 le<\/p>\n<p>            6 oct. 2025 \u00e0 12h17        <\/p>\n<p>Le <strong>vol Transavia Alger \u2013 Strasbourg<\/strong> du 1er\u00a0octobre 2025 a d\u00fb \u00eatre <strong>d\u00e9rout\u00e9 en urgence <\/strong>vers <a href=\"https:\/\/actu.fr\/occitanie\/montpellier_34172\" target=\"_blank\" rel=\"noopener\">Montpellier<\/a>. Voici pourquoi.<\/p>\n<p>Un vol Transavia Strasbourg \u2013 Alger d\u00e9rout\u00e9 vers Montpellier<\/p>\n<p class=\" wall-content\">D\u2019apr\u00e8s la<strong> compagnie a\u00e9rienne n\u00e9erlandaise \u00e0 bas prix<\/strong> contact\u00e9e par nos soins, le\u00a0vol TO7315 Alger \u2013 Strasbourg a d\u00fb \u00eatre d\u00e9rout\u00e9 vers Montpellier \u00ab<strong>\u2009en raison d\u2019une urgence m\u00e9dicale concernant un passager<\/strong>\u2009\u00bb.<\/p>\n<p class=\" wall-content\">\u00ab\u2009Les clients ont pu<strong> repartir le lendemain matin <\/strong>sur le vol TO2315 Montpellier \u2013 Strasbourg\u2009\u00bb, indique <a href=\"https:\/\/actu.fr\/tag\/transavia\" target=\"_blank\" rel=\"noopener\">Transavia<\/a>.<\/p>\n<p class=\" wall-content\">Cette derni\u00e8re pr\u00e9cise\u2009: \u00ab\u2009Les passagers ont <strong>soit \u00e9t\u00e9 h\u00e9berg\u00e9s par la compagnie, soit leur frais d\u2019h\u00e9bergement seront rembours\u00e9s par la compagnie<\/strong> sur pr\u00e9sentation des justificatifs\u2009\u00bb.<\/p>\n<p class=\" wall-content\">Personnalisez votre actualit\u00e9 en ajoutant vos villes et m\u00e9dias en favori avec <a href=\"https:\/\/moncompte.actu.fr\" title=\"D\u00e9couvez Mon Actu\" rel=\"nofollow noopener\" data-trk=\"{&quot;cta&quot;:{&quot;action&quot;:&quot;https:\\\/\\\/moncompte.actu.fr&quot;,&quot;category&quot;:&quot;mon compte&quot;,&quot;from&quot;:&quot;article footer&quot;,&quot;name&quot;:&quot;Mon actu&quot;,&quot;type&quot;:&quot;cta&quot;}}\" target=\"_blank\">Mon Actu<\/a>.<\/p>\n","protected":false},"excerpt":{"rendered":"Par Ivan CAPECCHI Publi\u00e9 le 6 oct. 2025 \u00e0 12h17 Le vol Transavia Alger \u2013 Strasbourg du 1er\u00a0octobre&hellip;\n","protected":false},"author":2,"featured_media":442658,"comment_status":"","ping_status":"","sticky":false,"template":"","format":"standard","meta":{"footnotes":""},"categories":[9599],"tags":[1111,11,30491,17788,1777,674,118,1011,27,2208,12,2680,25,756],"class_list":{"0":"post-442657","1":"post","2":"type-post","3":"status-publish","4":"format-standard","5":"has-post-thumbnail","7":"category-montpellier","8":"tag-actu","9":"tag-actualites","10":"tag-aeroport-de-strasbourg","11":"tag-aeroport-montpellier-mediterranee","12":"tag-eu","13":"tag-europe","14":"tag-faits-divers","15":"tag-fr","16":"tag-france","17":"tag-montpellier","18":"tag-news","19":"tag-occitanie","20":"tag-republique-francaise","21":"tag-transavia"},"share_on_mastodon":{"url":"https:\/\/pubeurope.com\/@fr\/115326753577223797","error":""},"_links":{"self":[{"href":"https:\/\/www.europesays.com\/fr\/wp-json\/wp\/v2\/posts\/442657","targetHints":{"allow":["GET"]}}],"collection":[{"href":"https:\/\/www.europesays.com\/fr\/wp-json\/wp\/v2\/posts"}],"about":[{"href":"https:\/\/www.europesays.com\/fr\/wp-json\/wp\/v2\/types\/post"}],"author":[{"embeddable":true,"href":"https:\/\/www.europesays.com\/fr\/wp-json\/wp\/v2\/users\/2"}],"replies":[{"embeddable":true,"href":"https:\/\/www.europesays.com\/fr\/wp-json\/wp\/v2\/comments?post=442657"}],"version-history":[{"count":0,"href":"https:\/\/www.europesays.com\/fr\/wp-json\/wp\/v2\/posts\/442657\/revisions"}],"wp:featuredmedia":[{"embeddable":true,"href":"https:\/\/www.europesays.com\/fr\/wp-json\/wp\/v2\/media\/442658"}],"wp:attachment":[{"href":"https:\/\/www.europesays.com\/fr\/wp-json\/wp\/v2\/media?parent=442657"}],"wp:term":[{"taxonomy":"category","embeddable":true,"href":"https:\/\/www.europesays.com\/fr\/wp-json\/wp\/v2\/categories?post=442657"},{"taxonomy":"post_tag","embeddable":true,"href":"https:\/\/www.europesays.com\/fr\/wp-json\/wp\/v2\/tags?post=442657"}],"curies":[{"name":"wp","href":"https:\/\/api.w.org\/{rel}","templated":true}]}}