{"id":442659,"date":"2025-10-06T10:29:12","date_gmt":"2025-10-06T10:29:12","guid":{"rendered":"https:\/\/www.europesays.com\/fr\/442659\/"},"modified":"2025-10-06T10:29:12","modified_gmt":"2025-10-06T10:29:12","slug":"une-voiture-finit-sa-course-dans-une-ecole-a-rouen","status":"publish","type":"post","link":"https:\/\/www.europesays.com\/fr\/442659\/","title":{"rendered":"Une voiture finit sa course dans une \u00e9cole \u00e0 Rouen"},"content":{"rendered":"<p class=\"article__intro\">Dans la nuit du vendredi 3 au samedi 4 octobre 2025, vers une heure du matin, un v\u00e9hicule aurait fait une sortie de route pour s&rsquo;encastrer dans le pilier d&rsquo;un pr\u00e9au d&rsquo;une \u00e9cole primaire, l&rsquo;\u00e9cole de Maupassant sur les hauts de Rouen (Seine-Maritime). Malgr\u00e9 les d\u00e9g\u00e2ts, les cours ont repris ce lundi 6 octobre<\/p>\n<p>\n      L\u2019actu des r\u00e9gions\n    <\/p>\n<p>\n      Chaque jour, un tour d\u2019horizon des principales infos de toutes les r\u00e9gions.\n    <\/p>\n<p>    France T\u00e9l\u00e9visions utilise votre adresse e-mail afin de vous envoyer la newsletter \u00ab\u00a0L\u2019actu des r\u00e9gions\u00a0\u00bb. Vous pouvez vous d\u00e9sinscrire \u00e0 tout moment via le lien en bas de cette newsletter. <a target=\"_blank\" href=\"https:\/\/www.francetelevisions.fr\/groupe\/confidentialite\/politique-de-confidentialite\/politique-de-confidentialite-de-france-televisions-6503\" rel=\"nofollow noopener\">Notre politique de confidentialit\u00e9<\/a><\/p>\n<p>Il \u00e9tait vers une heure du matin quand l&rsquo;accident a eu lieu. Dans la nuit du vendredi 3 au samedi 4 octobre, une voiture a termin\u00e9 sa course dans l&rsquo;\u00e9cole primaire Maupassant de Rouen.<\/p>\n<p>Le v\u00e9hicule qui devait circuler \u00e0 vive allure a d&rsquo;abord percut\u00e9 un poteau m\u00e9tallique d&rsquo;un trottoir au niveau d&rsquo;un passage clout\u00e9 avant de d\u00e9foncer le grillage de l&rsquo;\u00e9tablissement. Sa trajectoire s&rsquo;est achev\u00e9e contre un pilier porteur du pr\u00e9au de l&rsquo;\u00e9cole. Sous la violence du choc, le v\u00e9hicule a pris feu.\u00a0<\/p>\n<p><a data-article-figure=\"\" href=\"https:\/\/france3-regions.franceinfo.fr\/image\/qVXGXexqj_TOxy7_tz3NAZl6aQg\/1200x1600\/regions\/2025\/10\/06\/pilier-68e390645ae9e627285205.jpg\" data-pswp-width=\"1200\" data-pswp-height=\"1600\" target=\"_blank\" rel=\"nofollow noopener\"><\/p>\n<p>          <img width=\"600\" height=\"400\" class=\"article-image lazy\" data-src=\"https:\/\/www.europesays.com\/fr\/wp-content\/uploads\/2025\/10\/pilier-68e390645ae9e627285205.jpg\" alt=\"L'accident a fragilis\u00e9 le pr\u00e9au de l'\u00e9cole. Les \u00e9quipes municipales ont travaill\u00e9 tout le week-end pour s\u00e9curiser la structure.\" fetchpriority=\"high\" as=\"image\"\/><\/p>\n<p>\n            L&rsquo;accident a fragilis\u00e9 le pr\u00e9au de l&rsquo;\u00e9cole. Les \u00e9quipes municipales ont travaill\u00e9 tout le week-end pour s\u00e9curiser la structure.<br \/>\n                           \u2022<br \/>\n                                      \u00a9 Emmanuelle Partouche\n                      <\/p>\n<p><\/a><\/p>\n<p>Le conducteur a alors pris la fuite, mais son identit\u00e9 a pu \u00eatre retrouv\u00e9e gr\u00e2ce \u00e0 la plaque d&rsquo;immatriculation de la voiture. L&rsquo;homme aurait \u00e9t\u00e9 interpell\u00e9.<\/p>\n<p>D\u00e8s ce week-end, les \u00e9quipes municipales ont pu constater l&rsquo;ampleur des d\u00e9g\u00e2ts et commenc\u00e9 des travaux de s\u00e9curisation. Le grillage a \u00e9t\u00e9 r\u00e9par\u00e9 et le pr\u00e9au \u00e9tay\u00e9 par des poutres pour soutenir alors que la structure reste fragilis\u00e9e. En attendant des \u00e9tudes compl\u00e9mentaires<\/p>\n<p>Les cours ont repris ce lundi 6 octobre au matin. Les \u00e9l\u00e8ves n&rsquo;ont pas le droit d&rsquo;acc\u00e9der \u00e0 la zone accident\u00e9e.<\/p>\n<p>Le maire de Rouen s&rsquo;est rendu sur les lieux aux c\u00f4t\u00e9s d&rsquo;Elisabeth Labaye, adjointe charg\u00e9e des \u00e9coles. Tr\u00e8s remont\u00e9, l&rsquo;\u00e9lu a d\u00e9nonc\u00e9 l&rsquo;irresponsabilit\u00e9 du conducteur<\/p>\n<blockquote class=\"ftvi_content_quote\">\n<p class=\"ftvi_citation_quote\">On est tr\u00e8s en col\u00e8re. Il y a des \u00e9l\u00e9ments de s\u00e9curisation : on est dans une zone \u00e0 30 kilom\u00e8tres heure, il y a des dos d&rsquo;\u00e2nes et ce qu&rsquo;on voit c&rsquo;est qu&rsquo;un imb\u00e9cile est all\u00e9 beaucoup trop vite.<\/p>\n<p>Nicolas Mayer-Rossignol, maire de Rouen<\/p>\n<\/blockquote>\n<p>Les parents d&rsquo;\u00e9l\u00e8ves rencontr\u00e9s sont sereins.<\/p>\n<blockquote class=\"ftvi_content_quote\">\n<p class=\"ftvi_citation_quote\">L&rsquo;\u00e9tablissement nous a inform\u00e9s de ce qui s&rsquo;est pass\u00e9 par mail. L&rsquo;\u00e9quipe p\u00e9dagogique a \u00e9t\u00e9 efficace. Les enfants sont rentr\u00e9s \u00e0 l&rsquo;\u00e9cole d\u00e8s ce lundi.<\/p>\n<\/blockquote>\n<p>Les travaux de r\u00e9fection devraient \u00eatre termin\u00e9s pour la rentr\u00e9e apr\u00e8s la Toussaint, selon le maire.\u00a0<\/p>\n","protected":false},"excerpt":{"rendered":"Dans la nuit du vendredi 3 au samedi 4 octobre 2025, vers une heure du matin, un v\u00e9hicule&hellip;\n","protected":false},"author":2,"featured_media":442660,"comment_status":"","ping_status":"","sticky":false,"template":"","format":"standard","meta":{"footnotes":""},"categories":[9587],"tags":[1111,11,1777,674,1011,27,12,5161,25,9590],"class_list":{"0":"post-442659","1":"post","2":"type-post","3":"status-publish","4":"format-standard","5":"has-post-thumbnail","7":"category-rouen","8":"tag-actu","9":"tag-actualites","10":"tag-eu","11":"tag-europe","12":"tag-fr","13":"tag-france","14":"tag-news","15":"tag-normandie","16":"tag-republique-francaise","17":"tag-rouen"},"share_on_mastodon":{"url":"https:\/\/pubeurope.com\/@fr\/115326757512469935","error":""},"_links":{"self":[{"href":"https:\/\/www.europesays.com\/fr\/wp-json\/wp\/v2\/posts\/442659","targetHints":{"allow":["GET"]}}],"collection":[{"href":"https:\/\/www.europesays.com\/fr\/wp-json\/wp\/v2\/posts"}],"about":[{"href":"https:\/\/www.europesays.com\/fr\/wp-json\/wp\/v2\/types\/post"}],"author":[{"embeddable":true,"href":"https:\/\/www.europesays.com\/fr\/wp-json\/wp\/v2\/users\/2"}],"replies":[{"embeddable":true,"href":"https:\/\/www.europesays.com\/fr\/wp-json\/wp\/v2\/comments?post=442659"}],"version-history":[{"count":0,"href":"https:\/\/www.europesays.com\/fr\/wp-json\/wp\/v2\/posts\/442659\/revisions"}],"wp:featuredmedia":[{"embeddable":true,"href":"https:\/\/www.europesays.com\/fr\/wp-json\/wp\/v2\/media\/442660"}],"wp:attachment":[{"href":"https:\/\/www.europesays.com\/fr\/wp-json\/wp\/v2\/media?parent=442659"}],"wp:term":[{"taxonomy":"category","embeddable":true,"href":"https:\/\/www.europesays.com\/fr\/wp-json\/wp\/v2\/categories?post=442659"},{"taxonomy":"post_tag","embeddable":true,"href":"https:\/\/www.europesays.com\/fr\/wp-json\/wp\/v2\/tags?post=442659"}],"curies":[{"name":"wp","href":"https:\/\/api.w.org\/{rel}","templated":true}]}}