{"id":442661,"date":"2025-10-06T10:30:17","date_gmt":"2025-10-06T10:30:17","guid":{"rendered":"https:\/\/www.europesays.com\/fr\/442661\/"},"modified":"2025-10-06T10:30:17","modified_gmt":"2025-10-06T10:30:17","slug":"il-percute-un-scooter-sur-le-pont-mathilde-et-prend-la-fuite-par-peur-et-pour-cause","status":"publish","type":"post","link":"https:\/\/www.europesays.com\/fr\/442661\/","title":{"rendered":"Il percute un scooter sur le pont Mathilde et prend la fuite \u00ab\u00a0par peur \u00bb, et pour cause&#8230;"},"content":{"rendered":"<p>            Par<br \/>\n        <strong><br \/>\n            <a href=\"https:\/\/actu.fr\/auteur\/julien-bouteiller\" title=\"Consulter tous les articles de Julien Bouteiller\" target=\"_blank\" rel=\"noopener\">Julien Bouteiller<\/a><br \/>\n        <\/strong><\/p>\n<p>        Publi\u00e9 le<\/p>\n<p>            6 oct. 2025 \u00e0 11h41        <\/p>\n<p>Il a pris peur apr\u00e8s l\u2019accident, et pour cause\u2026 Le conducteur d\u2019une camionnette<strong> a percut\u00e9 le pilote d\u2019un scooter<\/strong> \u00e0 <a href=\"https:\/\/actu.fr\/normandie\/rouen_76540\" target=\"_blank\" rel=\"noopener\">Rouen (Seine-Maritime)<\/a>, dans la soir\u00e9e du vendredi 3\u00a0octobre 2025, <strong>avant de prendre la fuite<\/strong>, apprend-on de source polici\u00e8re.<\/p>\n<p>Il percute un scooter et s\u2019enfuit<\/p>\n<p class=\" wall-content\">C\u2019est une femme t\u00e9moin de l\u2019accident qui relate les faits aux policiers. Vers 23h20, le conducteur d\u2019une camionnette, \u00ab\u2009\u00e0 vive allure\u2009\u00bb, percute un scooter par l\u2019arri\u00e8re <a href=\"https:\/\/actu.fr\/tag\/pont-mathilde\" target=\"_blank\" rel=\"noopener\">sur le pont Mathilde<\/a>, faisant chuter le pilote. L\u2019homme de 22\u00a0ans n\u2019a heureusement <strong>\u00ab\u2009pas de blessure apparente\u2009\u00bb<\/strong>. Il est tout de m\u00eame transport\u00e9 au CHU pour examen.<\/p>\n<p class=\" wall-content\">Le chauffard lui, est en fuite, parti en direction de la rive gauche. Mais, vers 1h15, <strong>la police re\u00e7oit un appel du fuyard.<\/strong><\/p>\n<p class=\" wall-content\">Il attend la police, canette et cigarette \u00e0 la main, devant son immeuble de Saint-\u00c9tienne-du-Rouvray. Il reconna\u00eet avoir percut\u00e9 le scooter et fuir \u00ab\u2009par peur\u2009\u00bb<strong> car il a fum\u00e9 du cannabis avant l\u2019accident.<\/strong> Ce qui sera confirm\u00e9 par le d\u00e9pistage, de m\u00eame que sa consommation d\u2019alcool, affichant un taux <strong>d\u20191,78g dans le sang.<\/strong><\/p>\n<p>Suivez l\u2019actualit\u00e9 de Rouen <a href=\"https:\/\/www.whatsapp.com\/channel\/0029VaKfnf99hXF2ddApFB1D\" target=\"_blank\" rel=\"noopener\">sur notre cha\u00eene WhatsApp<\/a> et <a href=\"https:\/\/www.tiktok.com\/@76actu.fr?lang=fr\" target=\"_blank\" rel=\"noopener\">sur notre compte TikTok<\/a><\/p>\n<p class=\" wall-content\">Personnalisez votre actualit\u00e9 en ajoutant vos villes et m\u00e9dias en favori avec <a href=\"https:\/\/moncompte.actu.fr\" title=\"D\u00e9couvez Mon Actu\" rel=\"nofollow noopener\" data-trk=\"{&quot;cta&quot;:{&quot;action&quot;:&quot;https:\\\/\\\/moncompte.actu.fr&quot;,&quot;category&quot;:&quot;mon compte&quot;,&quot;from&quot;:&quot;article footer&quot;,&quot;name&quot;:&quot;Mon actu&quot;,&quot;type&quot;:&quot;cta&quot;}}\" target=\"_blank\">Mon Actu<\/a>.<\/p>\n<p>                    <script async src=\"\/\/www.tiktok.com\/embed.js\"><\/script><\/p>\n","protected":false},"excerpt":{"rendered":"Par Julien Bouteiller Publi\u00e9 le 6 oct. 2025 \u00e0 11h41 Il a pris peur apr\u00e8s l\u2019accident, et pour&hellip;\n","protected":false},"author":2,"featured_media":442662,"comment_status":"","ping_status":"","sticky":false,"template":"","format":"standard","meta":{"footnotes":""},"categories":[9587],"tags":[119,1111,11,1777,674,118,1011,27,12,5161,56894,25,9590],"class_list":{"0":"post-442661","1":"post","2":"type-post","3":"status-publish","4":"format-standard","5":"has-post-thumbnail","7":"category-rouen","8":"tag-accident","9":"tag-actu","10":"tag-actualites","11":"tag-eu","12":"tag-europe","13":"tag-faits-divers","14":"tag-fr","15":"tag-france","16":"tag-news","17":"tag-normandie","18":"tag-pont-mathilde","19":"tag-republique-francaise","20":"tag-rouen"},"share_on_mastodon":{"url":"https:\/\/pubeurope.com\/@fr\/115326761415859486","error":""},"_links":{"self":[{"href":"https:\/\/www.europesays.com\/fr\/wp-json\/wp\/v2\/posts\/442661","targetHints":{"allow":["GET"]}}],"collection":[{"href":"https:\/\/www.europesays.com\/fr\/wp-json\/wp\/v2\/posts"}],"about":[{"href":"https:\/\/www.europesays.com\/fr\/wp-json\/wp\/v2\/types\/post"}],"author":[{"embeddable":true,"href":"https:\/\/www.europesays.com\/fr\/wp-json\/wp\/v2\/users\/2"}],"replies":[{"embeddable":true,"href":"https:\/\/www.europesays.com\/fr\/wp-json\/wp\/v2\/comments?post=442661"}],"version-history":[{"count":0,"href":"https:\/\/www.europesays.com\/fr\/wp-json\/wp\/v2\/posts\/442661\/revisions"}],"wp:featuredmedia":[{"embeddable":true,"href":"https:\/\/www.europesays.com\/fr\/wp-json\/wp\/v2\/media\/442662"}],"wp:attachment":[{"href":"https:\/\/www.europesays.com\/fr\/wp-json\/wp\/v2\/media?parent=442661"}],"wp:term":[{"taxonomy":"category","embeddable":true,"href":"https:\/\/www.europesays.com\/fr\/wp-json\/wp\/v2\/categories?post=442661"},{"taxonomy":"post_tag","embeddable":true,"href":"https:\/\/www.europesays.com\/fr\/wp-json\/wp\/v2\/tags?post=442661"}],"curies":[{"name":"wp","href":"https:\/\/api.w.org\/{rel}","templated":true}]}}