{"id":442663,"date":"2025-10-06T10:31:23","date_gmt":"2025-10-06T10:31:23","guid":{"rendered":"https:\/\/www.europesays.com\/fr\/442663\/"},"modified":"2025-10-06T10:31:23","modified_gmt":"2025-10-06T10:31:23","slug":"les-premieres-neiges-tombent-sur-cette-station-des-alpes-les-images","status":"publish","type":"post","link":"https:\/\/www.europesays.com\/fr\/442663\/","title":{"rendered":"les premi\u00e8res neiges tombent sur cette station des Alpes, les images"},"content":{"rendered":"<p>            Par<br \/>\n        <strong><br \/>\n            <a href=\"https:\/\/actu.fr\/auteur\/redaction-grenoble\" title=\"Consulter tous les articles de R\u00e9daction Grenoble\" target=\"_blank\" rel=\"noopener\">R\u00e9daction Grenoble<\/a><br \/>\n        <\/strong><\/p>\n<p>        Publi\u00e9 le<\/p>\n<p>            6 oct. 2025 \u00e0 12h06        <\/p>\n<p>Les <strong>premiers flocons<\/strong> d\u2019automne \u00e9taient vivement attendus en moyenne altitude.<\/p>\n<p class=\" wall-content\">Alors que des chutes de neige ont d\u00e9j\u00e0 \u00e9t\u00e9 observ\u00e9es sur les <a href=\"https:\/\/actu.fr\/auvergne-rhone-alpes\/huez_38191\/la-neige-tombe-abondamment-sur-cette-celebre-station-de-ski-des-alpes-les-photos_63209278.html\" target=\"_blank\" rel=\"noopener\">hauts-reliefs des Alpes is\u00e9roises fin septembre<\/a>, les flocons sont tomb\u00e9s cette fois-ci un peu plus bas dans certaines stations ce dimanche 5\u00a0octobre 2025.<\/p>\n<p>La neige tombe \u00e0 1\u2009400m<\/p>\n<p class=\" wall-content\">C\u2019est le cas notamment de celle de <strong>Chamrousse<\/strong>, aux portes de <a href=\"https:\/\/actu.fr\/grenoble\/\" target=\"_blank\" rel=\"noopener\">Grenoble<\/a>, o\u00f9 la neige a point\u00e9 le bout de son nez au petit matin ce dimanche.<\/p>\n<p class=\" wall-content\">\n<p class=\" wall-content\">Si un saupoudrage temporaire s\u2019est maintenu un petit moment au-dessus de 1\u2009500-1\u2009600\u00a0m d\u2019altitude, la neige s\u2019est m\u00eame abaiss\u00e9e vers les <strong>1\u2009400m d\u2019altitude<\/strong>, comme au Recoin de Chamrousse, o\u00f9 <strong>2-3\u00a0cm<\/strong> ont \u00e9t\u00e9 signal\u00e9s.<\/p>\n<p>    <a href=\"https:\/\/www.facebook.com\/plugins\/post.php?href=https%3A%2F%2Fwww.facebook.com%2Finfoclimat%2Fposts%2Fpfbid02A6N24TU9LZXXyrXwKaHwV1NELmpKF8yb7Cc2XEYem2XC9QpSKkUVf8wC9VKSdpKXl&amp;show_text=true&amp;width=350\" title=\"Ouvrie le lien\" target=\"_blank\" rel=\"noopener\">Cliquez ici pour visualiser le contenu<\/a><\/p>\n<p class=\" wall-content\">Il s\u2019agit de la premi\u00e8re neige de la saison \u00e0 cette altitude.<\/p>\n<p>Des chutes de neige aux Deux Alpes et \u00e0 l\u2019Alpe d\u2019Huez<\/p>\n<p class=\" wall-content\">Autour du Lac Achard, dans le massif de <strong>Belledonne<\/strong>, un l\u00e9ger manteau blanc a \u00e9galement recouvert le sol \u00e0 quelque 1\u2009900m d\u2019altitude.<\/p>\n<p>Votre r\u00e9gion, votre actu !<\/p>\n<p>Recevez chaque jour les infos qui comptent pour vous.<\/p>\n<p>\t<a href=\"https:\/\/actu.fr\/newsletter\" class=\"ac-btn ac-btn--corner ac-btn--medium ac-btn--blue800\" target=\"_blank\" rel=\"noopener\">S&rsquo;incrire<\/a><\/p>\n<p>    <a href=\"https:\/\/www.facebook.com\/plugins\/post.php?href=https%3A%2F%2Fwww.facebook.com%2Fdavid.goutel.3%2Fposts%2Fpfbid0vPXnaCsJpsofkJqDUoPem7ZUQh456iZzaqfG3yztPdnGJaVYfZaH4HmegvciCN3yl&amp;show_text=true&amp;width=350\" title=\"Ouvrie le lien\" target=\"_blank\" rel=\"noopener\">Cliquez ici pour visualiser le contenu<\/a><\/p>\n<p class=\" wall-content\">Sur les autres stations is\u00e9roises, des chutes de neige se sont par ailleurs manifest\u00e9es, mais \u00e0 de plus hautes altitudes, \u00e0 l\u2019image de l\u2019Alpe d\u2019Huez, \u00e0 2100m, et des Deux Alpes, \u00e0 La F\u00e9e (2600 m).<\/p>\n<p class=\" wall-content\">\n    <img   decoding=\"async\" loading=\"lazy\" src=\"https:\/\/www.europesays.com\/fr\/wp-content\/uploads\/2025\/10\/signal-960x631.png\" alt=\"La neige est tomb\u00e9e sur Le Signal, \u00e0 2 1000m d'altitude, dimanche matin.\" width=\"960\" height=\"631\"\/><br \/>\n    La neige est tomb\u00e9e sur Le Signal, \u00e0 2 1000m d\u2019altitude, dimanche matin. (\u00a9Webcam Alpe d\u2019Huez)<br \/>\n    <img   decoding=\"async\" loading=\"lazy\" src=\"https:\/\/www.europesays.com\/fr\/wp-content\/uploads\/2025\/10\/la-fee-960x640.png\" alt=\"La neige est tomb\u00e9e sur La F\u00e9e, \u00e0 2 600m d'altitude, dimanche matin.\" width=\"960\" height=\"640\"\/><br \/>\n    La neige est tomb\u00e9e sur La F\u00e9e, \u00e0 2\u2009600m d\u2019altitude, dimanche matin. (\u00a9Webcam Deux Alpes)<\/p>\n<p class=\" wall-content\">La saison des neiges est donc lanc\u00e9e.<\/p>\n<p class=\" wall-content\">Personnalisez votre actualit\u00e9 en ajoutant vos villes et m\u00e9dias en favori avec <a href=\"https:\/\/moncompte.actu.fr\" title=\"D\u00e9couvez Mon Actu\" rel=\"nofollow noopener\" data-trk=\"{&quot;cta&quot;:{&quot;action&quot;:&quot;https:\\\/\\\/moncompte.actu.fr&quot;,&quot;category&quot;:&quot;mon compte&quot;,&quot;from&quot;:&quot;article footer&quot;,&quot;name&quot;:&quot;Mon actu&quot;,&quot;type&quot;:&quot;cta&quot;}}\" target=\"_blank\">Mon Actu<\/a>.<\/p>\n","protected":false},"excerpt":{"rendered":"Par R\u00e9daction Grenoble Publi\u00e9 le 6 oct. 2025 \u00e0 12h06 Les premiers flocons d\u2019automne \u00e9taient vivement attendus en&hellip;\n","protected":false},"author":2,"featured_media":442664,"comment_status":"","ping_status":"","sticky":false,"template":"","format":"standard","meta":{"footnotes":""},"categories":[9566],"tags":[1111,11,2430,1777,674,1011,27,2731,10584,12,25,104],"class_list":{"0":"post-442663","1":"post","2":"type-post","3":"status-publish","4":"format-standard","5":"has-post-thumbnail","7":"category-grenoble","8":"tag-actu","9":"tag-actualites","10":"tag-auvergne-rhone-alpes","11":"tag-eu","12":"tag-europe","13":"tag-fr","14":"tag-france","15":"tag-grenoble","16":"tag-neige","17":"tag-news","18":"tag-republique-francaise","19":"tag-societe"},"share_on_mastodon":{"url":"https:\/\/pubeurope.com\/@fr\/115326765831474278","error":""},"_links":{"self":[{"href":"https:\/\/www.europesays.com\/fr\/wp-json\/wp\/v2\/posts\/442663","targetHints":{"allow":["GET"]}}],"collection":[{"href":"https:\/\/www.europesays.com\/fr\/wp-json\/wp\/v2\/posts"}],"about":[{"href":"https:\/\/www.europesays.com\/fr\/wp-json\/wp\/v2\/types\/post"}],"author":[{"embeddable":true,"href":"https:\/\/www.europesays.com\/fr\/wp-json\/wp\/v2\/users\/2"}],"replies":[{"embeddable":true,"href":"https:\/\/www.europesays.com\/fr\/wp-json\/wp\/v2\/comments?post=442663"}],"version-history":[{"count":0,"href":"https:\/\/www.europesays.com\/fr\/wp-json\/wp\/v2\/posts\/442663\/revisions"}],"wp:featuredmedia":[{"embeddable":true,"href":"https:\/\/www.europesays.com\/fr\/wp-json\/wp\/v2\/media\/442664"}],"wp:attachment":[{"href":"https:\/\/www.europesays.com\/fr\/wp-json\/wp\/v2\/media?parent=442663"}],"wp:term":[{"taxonomy":"category","embeddable":true,"href":"https:\/\/www.europesays.com\/fr\/wp-json\/wp\/v2\/categories?post=442663"},{"taxonomy":"post_tag","embeddable":true,"href":"https:\/\/www.europesays.com\/fr\/wp-json\/wp\/v2\/tags?post=442663"}],"curies":[{"name":"wp","href":"https:\/\/api.w.org\/{rel}","templated":true}]}}