{"id":442665,"date":"2025-10-06T10:32:24","date_gmt":"2025-10-06T10:32:24","guid":{"rendered":"https:\/\/www.europesays.com\/fr\/442665\/"},"modified":"2025-10-06T10:32:24","modified_gmt":"2025-10-06T10:32:24","slug":"le-corps-dune-femme-retrouve-en-partie-devetu-a-grenoble-les-circonstances-sont-intrigantes-selon-la-police","status":"publish","type":"post","link":"https:\/\/www.europesays.com\/fr\/442665\/","title":{"rendered":"Le corps d\u2019une femme retrouv\u00e9 en partie d\u00e9v\u00eatu \u00e0 Grenoble, \u00ab\u00a0les circonstances sont intrigantes\u00a0\u00bb, selon la police"},"content":{"rendered":"<p>\n                                                                    l&rsquo;essentiel<br \/>\n                                                                Le corps d\u2019une femme d\u2019une quarantaine d\u2019ann\u00e9es a \u00e9t\u00e9 d\u00e9couvert dimanche matin dans une rue de Grenoble. Les enqu\u00eateurs parlent de circonstances \u00ab\u00a0intrigantes\u00a0\u00bb, mais aucune hypoth\u00e8se n\u2019est encore privil\u00e9gi\u00e9e.\n                            <\/p>\n<p>Le corps sans vie d\u2019une femme \u00e2g\u00e9e d\u2019une quarantaine d\u2019ann\u00e9es a \u00e9t\u00e9 d\u00e9couvert \u00e0 <a href=\"https:\/\/www.ladepeche.fr\/2025\/10\/02\/rugby-cest-meme-contre-productif-le-president-de-grenoble-estime-que-la-menace-de-greve-de-ses-joueurs-ne-changera-rien-12966825.php\" target=\"_self\" rel=\"nofollow noopener\">Grenoble<\/a> ce dimanche 5\u00a0octobre 2025, dans la matin\u00e9e, rue Commandant de Reynies, non loin d\u2019une piste cyclable, selon une source polici\u00e8re cit\u00e9e par France 3 Alpes.<\/p>\n<p>Ce sont des promeneurs qui ont fait la macabre d\u00e9couverte, derri\u00e8re un buisson. La victime, partiellement d\u00e9v\u00eatue, se trouvait \u00e0 proximit\u00e9 imm\u00e9diate du chemin. Alert\u00e9s, les policiers ont s\u00e9curis\u00e9 le secteur pendant plusieurs heures afin de proc\u00e9der aux premi\u00e8res constatations.<\/p>\n<p>Enqu\u00eate ouverte<\/p>\n<p>Une enqu\u00eate a \u00e9t\u00e9 ouverte pour \u00ab\u00a0recherche des causes de la mort\u00a0\u00bb, pr\u00e9cise la m\u00eame source. Les premiers \u00e9l\u00e9ments recueillis sur place n\u2019ont pas permis de trancher entre une origine naturelle ou criminelle du d\u00e9c\u00e8s.<\/p>\n<p>Selon les enqu\u00eateurs, \u00ab\u00a0les circonstances sont intrigantes\u00a0\u00bb, mais il n\u2019y a pour l\u2019heure \u00ab\u00a0pas de certitude quant \u00e0 l\u2019origine criminelle ou naturelle de son d\u00e9c\u00e8s\u00a0\u00bb.<\/p>\n<p>Une autopsie doit \u00eatre pratiqu\u00e9e lundi 6\u00a0octobre afin d\u2019\u00e9claircir les circonstances exactes de la mort.<\/p>\n","protected":false},"excerpt":{"rendered":"l&rsquo;essentiel Le corps d\u2019une femme d\u2019une quarantaine d\u2019ann\u00e9es a \u00e9t\u00e9 d\u00e9couvert dimanche matin dans une rue de Grenoble.&hellip;\n","protected":false},"author":2,"featured_media":442666,"comment_status":"","ping_status":"","sticky":false,"template":"","format":"standard","meta":{"footnotes":""},"categories":[9566],"tags":[1111,11,2430,1777,674,1011,27,2731,12,25],"class_list":{"0":"post-442665","1":"post","2":"type-post","3":"status-publish","4":"format-standard","5":"has-post-thumbnail","7":"category-grenoble","8":"tag-actu","9":"tag-actualites","10":"tag-auvergne-rhone-alpes","11":"tag-eu","12":"tag-europe","13":"tag-fr","14":"tag-france","15":"tag-grenoble","16":"tag-news","17":"tag-republique-francaise"},"share_on_mastodon":{"url":"https:\/\/pubeurope.com\/@fr\/115326769331403641","error":""},"_links":{"self":[{"href":"https:\/\/www.europesays.com\/fr\/wp-json\/wp\/v2\/posts\/442665","targetHints":{"allow":["GET"]}}],"collection":[{"href":"https:\/\/www.europesays.com\/fr\/wp-json\/wp\/v2\/posts"}],"about":[{"href":"https:\/\/www.europesays.com\/fr\/wp-json\/wp\/v2\/types\/post"}],"author":[{"embeddable":true,"href":"https:\/\/www.europesays.com\/fr\/wp-json\/wp\/v2\/users\/2"}],"replies":[{"embeddable":true,"href":"https:\/\/www.europesays.com\/fr\/wp-json\/wp\/v2\/comments?post=442665"}],"version-history":[{"count":0,"href":"https:\/\/www.europesays.com\/fr\/wp-json\/wp\/v2\/posts\/442665\/revisions"}],"wp:featuredmedia":[{"embeddable":true,"href":"https:\/\/www.europesays.com\/fr\/wp-json\/wp\/v2\/media\/442666"}],"wp:attachment":[{"href":"https:\/\/www.europesays.com\/fr\/wp-json\/wp\/v2\/media?parent=442665"}],"wp:term":[{"taxonomy":"category","embeddable":true,"href":"https:\/\/www.europesays.com\/fr\/wp-json\/wp\/v2\/categories?post=442665"},{"taxonomy":"post_tag","embeddable":true,"href":"https:\/\/www.europesays.com\/fr\/wp-json\/wp\/v2\/tags?post=442665"}],"curies":[{"name":"wp","href":"https:\/\/api.w.org\/{rel}","templated":true}]}}