{"id":442667,"date":"2025-10-06T10:33:10","date_gmt":"2025-10-06T10:33:10","guid":{"rendered":"https:\/\/www.europesays.com\/fr\/442667\/"},"modified":"2025-10-06T10:33:10","modified_gmt":"2025-10-06T10:33:10","slug":"un-festival-international-de-magie-sinstalle-a-vannes-le-11-octobre","status":"publish","type":"post","link":"https:\/\/www.europesays.com\/fr\/442667\/","title":{"rendered":"Un festival international de magie s\u2019installe \u00e0 Vannes le 11 octobre"},"content":{"rendered":"<p>A Vannes, le Palais des arts accueille, le samedi 11 octobre, <a href=\"https:\/\/vivelamagie.com\/\" title=\"vivelamagie.com\" target=\"_blank\" rel=\"noopener\">le festival international Vive La Magie<\/a>. Au programme, il y aura un nouveau spectacle \u00ab Espaces magiques \u00bb et deux ateliers d\u2018initiation \u00e0 la magie pour les enfants (\u00e0 10 h 30 et 13 30) avec le magicien Strobineler. <\/p>\n<p>Sous la baguette du metteur en sc\u00e8ne Fran\u00e7ois Normag, des artistes du monde entier, dont un Vannetais, Yannis Why, vont d\u00e9ployer tous leurs talents : grandes illusions, chor\u00e9graphie magique, manipulations, production de bulles, mentalisme, ombres chinoises, feu\u2026 De quoi ravir petits et grands !<\/p>\n<p>Pratique<\/p>\n<p class=\"note\">Spectacle \u00ab Espaces magiques \u00bb du festival international Vive La Magie, samedi 11 octobre, \u00e0 16 h et 20 h, au Palais des arts, \u00e0 Vannes. Tarifs : de 35 \u00e0 70 \u20ac. R\u00e9servations sur le site internet <a href=\"https:\/\/www.mairie-vannes.fr\/agenda\/festival-international-vive-la-magie\" title=\"www.mairie-vannes.fr\" target=\"_blank\" rel=\"noopener\">www.vivelamagie.com<\/a> ou par t\u00e9l\u00e9phone au 06 22 73 72 12<\/p>\n","protected":false},"excerpt":{"rendered":"A Vannes, le Palais des arts accueille, le samedi 11 octobre, le festival international Vive La Magie. Au&hellip;\n","protected":false},"author":2,"featured_media":442668,"comment_status":"","ping_status":"","sticky":false,"template":"","format":"standard","meta":{"footnotes":""},"categories":[2821],"tags":[1111,11,829,1777,674,1011,27,12,584,25,3165],"class_list":{"0":"post-442667","1":"post","2":"type-post","3":"status-publish","4":"format-standard","5":"has-post-thumbnail","7":"category-rennes","8":"tag-actu","9":"tag-actualites","10":"tag-bretagne","11":"tag-eu","12":"tag-europe","13":"tag-fr","14":"tag-france","15":"tag-news","16":"tag-rennes","17":"tag-republique-francaise","18":"tag-vannes"},"share_on_mastodon":{"url":"https:\/\/pubeurope.com\/@fr\/115326773101617278","error":""},"_links":{"self":[{"href":"https:\/\/www.europesays.com\/fr\/wp-json\/wp\/v2\/posts\/442667","targetHints":{"allow":["GET"]}}],"collection":[{"href":"https:\/\/www.europesays.com\/fr\/wp-json\/wp\/v2\/posts"}],"about":[{"href":"https:\/\/www.europesays.com\/fr\/wp-json\/wp\/v2\/types\/post"}],"author":[{"embeddable":true,"href":"https:\/\/www.europesays.com\/fr\/wp-json\/wp\/v2\/users\/2"}],"replies":[{"embeddable":true,"href":"https:\/\/www.europesays.com\/fr\/wp-json\/wp\/v2\/comments?post=442667"}],"version-history":[{"count":0,"href":"https:\/\/www.europesays.com\/fr\/wp-json\/wp\/v2\/posts\/442667\/revisions"}],"wp:featuredmedia":[{"embeddable":true,"href":"https:\/\/www.europesays.com\/fr\/wp-json\/wp\/v2\/media\/442668"}],"wp:attachment":[{"href":"https:\/\/www.europesays.com\/fr\/wp-json\/wp\/v2\/media?parent=442667"}],"wp:term":[{"taxonomy":"category","embeddable":true,"href":"https:\/\/www.europesays.com\/fr\/wp-json\/wp\/v2\/categories?post=442667"},{"taxonomy":"post_tag","embeddable":true,"href":"https:\/\/www.europesays.com\/fr\/wp-json\/wp\/v2\/tags?post=442667"}],"curies":[{"name":"wp","href":"https:\/\/api.w.org\/{rel}","templated":true}]}}