{"id":442669,"date":"2025-10-06T10:34:12","date_gmt":"2025-10-06T10:34:12","guid":{"rendered":"https:\/\/www.europesays.com\/fr\/442669\/"},"modified":"2025-10-06T10:34:12","modified_gmt":"2025-10-06T10:34:12","slug":"octobre-rose-a-rennes-des-coiffeurs-benevoles-vont-se-rendre-dans-des-entreprises-pour-collecter-des-cheveux","status":"publish","type":"post","link":"https:\/\/www.europesays.com\/fr\/442669\/","title":{"rendered":"Octobre rose. \u00c0 Rennes, des coiffeurs b\u00e9n\u00e9voles vont se rendre dans des entreprises pour collecter des cheveux"},"content":{"rendered":"<p>            Par<br \/>\n        <strong><br \/>\n            <a href=\"https:\/\/actu.fr\/auteur\/clemence-pays02-actu-fr\" title=\"Consulter tous les articles de Cl\u00e9mence Pays\" target=\"_blank\" rel=\"noopener\">Cl\u00e9mence Pays<\/a><br \/>\n        <\/strong><\/p>\n<p>        Publi\u00e9 le<\/p>\n<p>            6 oct. 2025 \u00e0 12h16        <\/p>\n<p>L\u2019op\u00e9ration solidaire <strong>\u00ab\u2009Tous de m\u00e8che\u2009\u00bb<\/strong> est de retour pour la cinqui\u00e8me ann\u00e9e cons\u00e9cutive \u00e0 Rennes. <strong>Lundi 13\u00a0octobre 2025,<\/strong> plusieurs entreprises rennaises vont \u00ab\u2009ouvrir leurs portes \u00e0 des coiffeurs b\u00e9n\u00e9voles pour couper les cheveux des salari\u00e9s\u2009\u00bb souhaitant faire don de leurs cheveux \u00e0 deux associations.<\/p>\n<p class=\" wall-content\">La premi\u00e8re, <strong>Fake Hair Don\u2019t Care,<\/strong> est sp\u00e9cialis\u00e9e dans la <strong>confection de perruques sur-mesure<\/strong> et faites \u00e0 la main en France, pour les personnes atteintes d\u2019un cancer.<\/p>\n<p class=\" wall-content\">La seconde,<strong> Coiffeurs Justes,<\/strong> valorise les cheveux pour cr\u00e9er des <strong>solutions \u00e9cologiques,<\/strong> notamment pour la d\u00e9pollution des eaux, l\u2019isolation thermique et acoustique et la cosm\u00e9tique durable.<\/p>\n<p>Quels crit\u00e8res pour participer\u2009?<\/p>\n<p class=\" wall-content\"><strong>\u00ab\u2009Tous les types de cheveux,<\/strong> quelle que soit la texture ou la couleur, sont accept\u00e9s\u2009\u00bb, assurent les organisateurs.<\/p>\n<p class=\" wall-content\">Pour faire don de ses cheveux \u00e0 l\u2019association Fake Hair Don\u2019t Care, il faut toutefois \u00eatre en mesure de donner <strong>minimum 10\u00a0cm de cheveux.<\/strong><\/p>\n<p class=\" wall-content\">Les <strong>m\u00e8ches plus courtes<\/strong> pourront \u00eatre collect\u00e9es par Coiffeurs Justes.<\/p>\n<p>Votre r\u00e9gion, votre actu !<\/p>\n<p>Recevez chaque jour les infos qui comptent pour vous.<\/p>\n<p>\t<a href=\"https:\/\/actu.fr\/newsletter\" class=\"ac-btn ac-btn--corner ac-btn--medium ac-btn--blue800\" target=\"_blank\" rel=\"noopener\">S&rsquo;incrire<\/a><br \/>\nDe nouvelles entreprises engag\u00e9es<\/p>\n<p class=\" wall-content\">Cet \u00e9v\u00e9nement, qui a lieu \u00e0 l\u2019\u00e9chelle nationale, rencontre un beau succ\u00e8s en 2025 puisqu\u2019au total, <strong>37 entreprises se sont engag\u00e9es<\/strong> \u2013 \u00ab\u2009dont la majorit\u00e9 se situe \u00e0 Rennes, Saint-Malo et dans le nord de la France\u2009\u00bb.<\/p>\n<p>Les entreprises participantes en 2025<\/p>\n<p>Voici la liste des entreprises participantes cette ann\u00e9e : <br \/>Olga ; Groupe Sipa Ouest-France ; Net Plus ; Groupama Loire-Bretagne ; Groupe Lamotte ; Groupe Ovalt ; Artefacto ; Institut d\u2019ost\u00e9opathie Rennes-Bretagne ; Destination Rennes ; Groupe Samsic ; Carsat Bretagne ; SG Grand Ouest ; Talenz Toadenn ; Solarenn ; We Flex ; Enedis en Bretagne ; Ma\u00eetre Coq Arriv\u00e9 Auvergne ; Groupe Roullier ; Groupe Beaumanoir ; Les Thermes Marins de Saint-Malo ; Oberthur Fiduciaire ; Rennes 2 ; Geirec ; Les Saveurs de Haute Bretagne ; Emeraude Habitation ; Groupe Videal ; Universit\u00e9 de Rennes 1 ; Oxygen Rennes ; EDF ; CA Ille-et-Vilaine ; SAMS 35 APF France Handicap ; RougeGorge Lingerie ; MBA Mutuelle Grand Ouest ; Avem Groupe ; Armonia ; Nocib\u00e9 ; Digitaleo.<\/p>\n<p class=\" wall-content\">En 2024, 20 entreprises s\u2019\u00e9taient mobilis\u00e9es, permettant de r\u00e9cup\u00e9rer <strong>292 kilos de cheveux.<\/strong><\/p>\n<p class=\" wall-content\">Personnalisez votre actualit\u00e9 en ajoutant vos villes et m\u00e9dias en favori avec <a href=\"https:\/\/moncompte.actu.fr\" title=\"D\u00e9couvez Mon Actu\" rel=\"nofollow noopener\" data-trk=\"{&quot;cta&quot;:{&quot;action&quot;:&quot;https:\\\/\\\/moncompte.actu.fr&quot;,&quot;category&quot;:&quot;mon compte&quot;,&quot;from&quot;:&quot;article footer&quot;,&quot;name&quot;:&quot;Mon actu&quot;,&quot;type&quot;:&quot;cta&quot;}}\" target=\"_blank\">Mon Actu<\/a>.<\/p>\n","protected":false},"excerpt":{"rendered":"Par Cl\u00e9mence Pays Publi\u00e9 le 6 oct. 2025 \u00e0 12h16 L\u2019op\u00e9ration solidaire \u00ab\u2009Tous de m\u00e8che\u2009\u00bb est de retour&hellip;\n","protected":false},"author":2,"featured_media":442670,"comment_status":"","ping_status":"","sticky":false,"template":"","format":"standard","meta":{"footnotes":""},"categories":[2821],"tags":[1111,11,829,1777,674,1011,27,12,54321,584,25,104,3400],"class_list":{"0":"post-442669","1":"post","2":"type-post","3":"status-publish","4":"format-standard","5":"has-post-thumbnail","7":"category-rennes","8":"tag-actu","9":"tag-actualites","10":"tag-bretagne","11":"tag-eu","12":"tag-europe","13":"tag-fr","14":"tag-france","15":"tag-news","16":"tag-octobre-rose","17":"tag-rennes","18":"tag-republique-francaise","19":"tag-societe","20":"tag-solidarite"},"share_on_mastodon":{"url":"https:\/\/pubeurope.com\/@fr\/115326777144252977","error":""},"_links":{"self":[{"href":"https:\/\/www.europesays.com\/fr\/wp-json\/wp\/v2\/posts\/442669","targetHints":{"allow":["GET"]}}],"collection":[{"href":"https:\/\/www.europesays.com\/fr\/wp-json\/wp\/v2\/posts"}],"about":[{"href":"https:\/\/www.europesays.com\/fr\/wp-json\/wp\/v2\/types\/post"}],"author":[{"embeddable":true,"href":"https:\/\/www.europesays.com\/fr\/wp-json\/wp\/v2\/users\/2"}],"replies":[{"embeddable":true,"href":"https:\/\/www.europesays.com\/fr\/wp-json\/wp\/v2\/comments?post=442669"}],"version-history":[{"count":0,"href":"https:\/\/www.europesays.com\/fr\/wp-json\/wp\/v2\/posts\/442669\/revisions"}],"wp:featuredmedia":[{"embeddable":true,"href":"https:\/\/www.europesays.com\/fr\/wp-json\/wp\/v2\/media\/442670"}],"wp:attachment":[{"href":"https:\/\/www.europesays.com\/fr\/wp-json\/wp\/v2\/media?parent=442669"}],"wp:term":[{"taxonomy":"category","embeddable":true,"href":"https:\/\/www.europesays.com\/fr\/wp-json\/wp\/v2\/categories?post=442669"},{"taxonomy":"post_tag","embeddable":true,"href":"https:\/\/www.europesays.com\/fr\/wp-json\/wp\/v2\/tags?post=442669"}],"curies":[{"name":"wp","href":"https:\/\/api.w.org\/{rel}","templated":true}]}}