{"id":442673,"date":"2025-10-06T10:36:15","date_gmt":"2025-10-06T10:36:15","guid":{"rendered":"https:\/\/www.europesays.com\/fr\/442673\/"},"modified":"2025-10-06T10:36:15","modified_gmt":"2025-10-06T10:36:15","slug":"strasbourg-une-femme-de-50-ans-retrouvee-morte-dans-son-congelateur-avec-une-lettre","status":"publish","type":"post","link":"https:\/\/www.europesays.com\/fr\/442673\/","title":{"rendered":"Strasbourg\u00a0: une femme de 50 ans retrouv\u00e9e morte dans son cong\u00e9lateur avec une lettre"},"content":{"rendered":"<p>      R\u00e9sum\u00e9<\/p>\n<p>Ce 1er octobre, la police de Strasbourg a trouv\u00e9 le corps sans vie d&rsquo;une femme de 50 ans dans son cong\u00e9lateur. Cette derni\u00e8re a laiss\u00e9 une lettre d&rsquo;adieu.<\/p>\n<p>        Sommaire<\/p>\n<p>Il y a quelques jours, la police de Strasbourg a lanc\u00e9 <strong>un appel \u00e0 t\u00e9moins pour disparition inqui\u00e9tante<\/strong>. Objectif\u00a0: tenter de retrouver<strong> une femme de 50 ans <\/strong>qui n&rsquo;a plus donn\u00e9 signe de vie depuis plusieurs semaines. De nombreuses investigations ont \u00e9t\u00e9 men\u00e9es. Malheureusement, en vain. Du moins jusqu&rsquo;\u00e0 ce 1er\u00a0octobre. En effet, la disparue se trouvait en fait\u2026 <strong>chez elle<\/strong>. Les enqu\u00eateurs ont alors fait une <strong>triste et macabre d\u00e9couverte<\/strong>.<\/p>\n<p>Apr\u00e8s avoir fait le tour des lieux, ces derniers se sont rendus <strong>sur le balcon <\/strong>de cette femme, install\u00e9e dans le quartier du <strong>Stockfeld<\/strong> au sud de <a href=\"https:\/\/www.public.fr\/affaire-sophie-le-tan-retour-sur-l-histoire-de-cette-etudiante-assassinee-et-demembree-pres-de-strasbourg\" target=\"_blank\" rel=\"noopener\">la ville<\/a>. Sur ce balcon, ils sont alors tomb\u00e9s sur <strong>un cong\u00e9lateur \u00e0 coffre.<\/strong> Par acquis de conscience, ils l&rsquo;ont donc ouvert. L\u00e0, <strong>face \u00e0 eux, l&rsquo;abominable.<\/strong> La femme qu&rsquo;ils cherchaient depuis des jours \u00e9tait alors allong\u00e9e, munie d&rsquo;une couverture, <strong>la t\u00eate reposant sur un oreiller<\/strong>. <\/p>\n<p>Selon les premi\u00e8res constatations, la victime a retir\u00e9 un bac du cong\u00e9lateur pour y faire de la place. Puis, elle s&rsquo;y est install\u00e9e. En effet, \u00ab\u00a0s&rsquo;y installer\u00a0\u00bb, car pour l&rsquo;heure <strong>la piste du suicide est privil\u00e9gi\u00e9e <\/strong>par les enqu\u00eateurs et ce pour une raison bien pr\u00e9cise.<\/p>\n<p>Strasbourg\u00a0: la victime de 50 ans laisse un message d&rsquo;adieu<\/p>\n<p>Voil\u00e0 <strong>un mois<\/strong> que les enqu\u00eateurs \u00e9taient \u00e0 la recherche de cette femme. Selon nos confr\u00e8res de L&rsquo;Alsace et des Derni\u00e8res Nouvelles d\u2019Alsace, la quinquag\u00e9naire aurait laiss\u00e9 <strong>une lettre d&rsquo;adieu<\/strong> avant de prendre place dans son cong\u00e9lateur. D\u2019apr\u00e8s les premiers constats, elle <strong>souffrait d\u2019une maladie <\/strong>ce qui aurait pu la pousser \u00e0 commettre l&rsquo;irr\u00e9parable.<\/p>\n<p>Si la <strong>th\u00e8se du suicide <\/strong>est largement privil\u00e9gi\u00e9e \u00e0 ce stade, le parquet de <strong>Strasbourg<\/strong> a d\u00e9cid\u00e9 d&rsquo;<strong>ouvrir une enqu\u00eate <\/strong>pour d\u00e9terminer les causes exactes du d\u00e9c\u00e8s, par asphyxie ou bien par le froid. Pour rappel, en cas de besoin, <strong>la ligne Suicide \u00e9coute <\/strong>est joignable 24\u00a0heures\/24\u00a0heures et 7j\/7j au 01 45 39 40 00.<\/p>\n<p>      Mentionn\u00e9s dans cet article<\/p>\n<p>      Sur le m\u00eame sujet<\/p>\n","protected":false},"excerpt":{"rendered":"R\u00e9sum\u00e9 Ce 1er octobre, la police de Strasbourg a trouv\u00e9 le corps sans vie d&rsquo;une femme de 50&hellip;\n","protected":false},"author":2,"featured_media":442674,"comment_status":"","ping_status":"","sticky":false,"template":"","format":"standard","meta":{"footnotes":""},"categories":[2820],"tags":[1111,11,2715,1777,674,1294,1011,27,775,18,12,25,640,5748],"class_list":{"0":"post-442673","1":"post","2":"type-post","3":"status-publish","4":"format-standard","5":"has-post-thumbnail","7":"category-strasbourg","8":"tag-actu","9":"tag-actualites","10":"tag-disparition","11":"tag-eu","12":"tag-europe","13":"tag-femme","14":"tag-fr","15":"tag-france","16":"tag-grand-est","17":"tag-mort","18":"tag-news","19":"tag-republique-francaise","20":"tag-strasbourg","21":"tag-suicide"},"share_on_mastodon":{"url":"https:\/\/pubeurope.com\/@fr\/115326784908105762","error":""},"_links":{"self":[{"href":"https:\/\/www.europesays.com\/fr\/wp-json\/wp\/v2\/posts\/442673","targetHints":{"allow":["GET"]}}],"collection":[{"href":"https:\/\/www.europesays.com\/fr\/wp-json\/wp\/v2\/posts"}],"about":[{"href":"https:\/\/www.europesays.com\/fr\/wp-json\/wp\/v2\/types\/post"}],"author":[{"embeddable":true,"href":"https:\/\/www.europesays.com\/fr\/wp-json\/wp\/v2\/users\/2"}],"replies":[{"embeddable":true,"href":"https:\/\/www.europesays.com\/fr\/wp-json\/wp\/v2\/comments?post=442673"}],"version-history":[{"count":0,"href":"https:\/\/www.europesays.com\/fr\/wp-json\/wp\/v2\/posts\/442673\/revisions"}],"wp:featuredmedia":[{"embeddable":true,"href":"https:\/\/www.europesays.com\/fr\/wp-json\/wp\/v2\/media\/442674"}],"wp:attachment":[{"href":"https:\/\/www.europesays.com\/fr\/wp-json\/wp\/v2\/media?parent=442673"}],"wp:term":[{"taxonomy":"category","embeddable":true,"href":"https:\/\/www.europesays.com\/fr\/wp-json\/wp\/v2\/categories?post=442673"},{"taxonomy":"post_tag","embeddable":true,"href":"https:\/\/www.europesays.com\/fr\/wp-json\/wp\/v2\/tags?post=442673"}],"curies":[{"name":"wp","href":"https:\/\/api.w.org\/{rel}","templated":true}]}}