{"id":442677,"date":"2025-10-06T10:38:12","date_gmt":"2025-10-06T10:38:12","guid":{"rendered":"https:\/\/www.europesays.com\/fr\/442677\/"},"modified":"2025-10-06T10:38:12","modified_gmt":"2025-10-06T10:38:12","slug":"ancien-coach-de-logc-nice-silvester-takac-reagit-a-la-disparition-de-lancien-president-milan-mandaric","status":"publish","type":"post","link":"https:\/\/www.europesays.com\/fr\/442677\/","title":{"rendered":"ancien coach de l\u2019OGC Nice, Silvester Takac r\u00e9agit \u00e0 la disparition de l\u2019ancien pr\u00e9sident Milan Mandaric"},"content":{"rendered":"<p class=\"fs-5 \">Les deux hommes avaient la particularit\u00e9 de partager le m\u00eame club de c\u0153ur (FK Vojvodina, Serbie) et d\u2019avoir travaill\u00e9 ensemble \u00e0 la fin des ann\u00e9es 90. Devenu pr\u00e9sident de l\u2019OGC Nice en d\u00e9cembre 1996, Milan Mandaric avait nomm\u00e9 Silvester Takac sur le banc des Aiglons. Ensemble, les deux hommes avaient notamment men\u00e9 le Gym \u00e0 la victoire en Coupe de France 1 997. Au bout du fil, Takac se rem\u00e9more les souvenirs de son ancien pr\u00e9sident. Avec \u00e9motion.<\/p>\n<p class=\"fs-5 \"><strong>Aviez-vous encore des contacts avec Milan Mandaric ?<\/strong><\/p>\n<p class=\"fs-5 \">Comme il est originaire de ma ville natale (Novi Sad), il \u00e9tait supporter de mon club d\u2019origine (FK Vojvodina), club qu\u2019il a essay\u00e9 d\u2019aider un peu il y a environ deux ans. Comme j\u2019y avais jou\u00e9, il m\u2019avait demand\u00e9 si je pouvais envoyer quelques mots \u00e0 la direction du club. Il m\u2019a aussi invit\u00e9 pour aller voir le match quand l\u2019\u00e9quipe a jou\u00e9 la finale de coupe de Serbie mais je ne pouvais pas y aller. C\u2019est \u00e0 ce moment-l\u00e0 qu\u2019on a eu des contacts. Il avait quitt\u00e9 le club il y a quelques mois et on n\u2019a plus eu de contacts ensuite. C\u2019est quelqu\u2019un que je respectais beaucoup, un grand bonhomme.<\/p>\n<p class=\"fs-5 \"><strong>Pour quelles raisons ?<\/strong><\/p>\n<p class=\"fs-5 \">En Yougoslavie il a commenc\u00e9 de 0, c\u2019\u00e9tait un ing\u00e9nieur. Il est parti aux USA et il a d\u00e9velopp\u00e9 son entreprise. Cette nuit (dans la nuit de samedi \u00e0 dimanche), je lisais des commentaires de supporters de Portsmouth (Angleterre) o\u00f9 il avait fait des miracles. Les fans avaient beaucoup de reconnaissance pour ce monsieur. Un grand monsieur, tr\u00e8s humain ! Il adorait le football, il aurait aim\u00e9 y jouer mais \u00e7a n\u2019avait pas march\u00e9 (sourire).<\/p>\n<p class=\"fs-5 \"><strong>\u00ab Au d\u00e9but, j\u2019\u00e9tais l\u00e0 pour l\u2019aider \u00e0 traduire avec le maire de Nice \u00bb<\/strong><\/p>\n<p class=\"fs-5 \"><strong>Quels souvenirs gardez-vous de notre nomination sur le banc ni\u00e7ois par Milan Mandaric ?<\/strong><\/p>\n<p class=\"fs-5 \">Il m\u2019a t\u00e9l\u00e9phon\u00e9 quand j\u2019\u00e9tais \u00e0 Sochaux. Je voulais rester en France, j\u2019avais pris un peu de repos et il m\u2019a dit : \u00ab Ce serait bien si tu venais \u00e0 Nice donner quelques conseils et qu\u2019on discute un peu, tu connais le football fran\u00e7ais. \u00bb Mais il ne m\u2019a jamais propos\u00e9 de devenir entra\u00eeneur \u00e0 ce moment-l\u00e0. Je suis venu, je suis rest\u00e9 2-3 jours, j\u2019\u00e9tais l\u00e0 pour l\u2019aider \u00e0 traduire avec le maire de la ville \u00e0 l\u2019\u00e9poque (quand Mandaric s\u2019int\u00e9ressait au club mais n\u2019y \u00e9tait pas encore). J\u2019ai assist\u00e9 \u00e0 pas mal de discussions, il disait que j\u2019\u00e9tais son conseiller. Et puis un moment, il me dit \u00ab Et si toi tu devenais entra\u00eeneur ici ? \u00bb<\/p>\n<p class=\"fs-5 \"><strong>Qu\u2019est-ce que vous gardez \u00e0 l\u2019esprit ?<\/strong><\/p>\n<p class=\"fs-5 \">C\u2019\u00e9tait un super pr\u00e9sident, il nous a fait gagner la Coupe de France. Malheureusement on est descendu en deuxi\u00e8me division. Quand je dis super pr\u00e9sident, ce n\u2019\u00e9tait pas seulement \u00e0 l\u2019OGC Nice mais dans sa carri\u00e8re, il a fait beaucoup pour le football, notamment en Am\u00e9rique. Quand il \u00e9tait en Angleterre, il nous avait invit\u00e9s \u00e0 Leicester pour un match, il nous a tout pay\u00e9s : le voyage, l\u2019h\u00f4tel\u2026 Il \u00e9tait respect\u00e9 et on \u00e9tait rest\u00e9 en bon contact. On avait de bonnes relations. Ce n\u2019\u00e9tait pas seulement un rapport coach-pr\u00e9sident : on a souvent jou\u00e9 au tennis ensemble, je connaissais sa femme. Vous savez, sa disparition me touche beaucoup\u2026<\/p>\n","protected":false},"excerpt":{"rendered":"Les deux hommes avaient la particularit\u00e9 de partager le m\u00eame club de c\u0153ur (FK Vojvodina, Serbie) et d\u2019avoir&hellip;\n","protected":false},"author":2,"featured_media":442678,"comment_status":"","ping_status":"","sticky":false,"template":"","format":"standard","meta":{"footnotes":""},"categories":[2819],"tags":[1111,11,1777,674,1011,27,12,2401,54521,882,25],"class_list":{"0":"post-442677","1":"post","2":"type-post","3":"status-publish","4":"format-standard","5":"has-post-thumbnail","7":"category-nice","8":"tag-actu","9":"tag-actualites","10":"tag-eu","11":"tag-europe","12":"tag-fr","13":"tag-france","14":"tag-news","15":"tag-nice","16":"tag-ogcnice","17":"tag-provence-alpes-cote-dazur","18":"tag-republique-francaise"},"share_on_mastodon":{"url":"https:\/\/pubeurope.com\/@fr\/115326792784812246","error":""},"_links":{"self":[{"href":"https:\/\/www.europesays.com\/fr\/wp-json\/wp\/v2\/posts\/442677","targetHints":{"allow":["GET"]}}],"collection":[{"href":"https:\/\/www.europesays.com\/fr\/wp-json\/wp\/v2\/posts"}],"about":[{"href":"https:\/\/www.europesays.com\/fr\/wp-json\/wp\/v2\/types\/post"}],"author":[{"embeddable":true,"href":"https:\/\/www.europesays.com\/fr\/wp-json\/wp\/v2\/users\/2"}],"replies":[{"embeddable":true,"href":"https:\/\/www.europesays.com\/fr\/wp-json\/wp\/v2\/comments?post=442677"}],"version-history":[{"count":0,"href":"https:\/\/www.europesays.com\/fr\/wp-json\/wp\/v2\/posts\/442677\/revisions"}],"wp:featuredmedia":[{"embeddable":true,"href":"https:\/\/www.europesays.com\/fr\/wp-json\/wp\/v2\/media\/442678"}],"wp:attachment":[{"href":"https:\/\/www.europesays.com\/fr\/wp-json\/wp\/v2\/media?parent=442677"}],"wp:term":[{"taxonomy":"category","embeddable":true,"href":"https:\/\/www.europesays.com\/fr\/wp-json\/wp\/v2\/categories?post=442677"},{"taxonomy":"post_tag","embeddable":true,"href":"https:\/\/www.europesays.com\/fr\/wp-json\/wp\/v2\/tags?post=442677"}],"curies":[{"name":"wp","href":"https:\/\/api.w.org\/{rel}","templated":true}]}}