{"id":442686,"date":"2025-10-06T10:43:14","date_gmt":"2025-10-06T10:43:14","guid":{"rendered":"https:\/\/www.europesays.com\/fr\/442686\/"},"modified":"2025-10-06T10:43:14","modified_gmt":"2025-10-06T10:43:14","slug":"la-mediatheque-empalot-fait-peau-neuve-et-organise-une-grande-fete-de-reouverture","status":"publish","type":"post","link":"https:\/\/www.europesays.com\/fr\/442686\/","title":{"rendered":"La M\u00e9diath\u00e8que Empalot fait peau neuve et organise une grande f\u00eate de r\u00e9ouverture !"},"content":{"rendered":"<p>C\u2019est l\u2019\u00e9v\u00e9nement de la rentr\u00e9e dans le quartier ! La <b>M\u00e9diath\u00e8que Empalot<\/b> de Toulouse c\u00e9l\u00e8bre sa r\u00e9ouverture avec une grande f\u00eate le <b>vendredi 17 octobre 2025<\/b>, \u00e0 partir de <b>17h00<\/b>. L\u2019occasion de (re)d\u00e9couvrir ce lieu culturel dans une ambiance festive et ludique.<\/p>\n<p><img loading=\"lazy\" decoding=\"async\" class=\"size-medium wp-image-902386 aligncenter\" src=\"https:\/\/www.europesays.com\/fr\/wp-content\/uploads\/2025\/10\/empalot-1-300x220.jpg\" alt=\"\" width=\"300\" height=\"220\"  \/><\/p>\n<p>De 17h \u00e0 21h, le programme s\u2019annonce riche et vari\u00e9, avec des activit\u00e9s pour tous les \u00e2ges :<\/p>\n<ul>\n<li><b>Jeux et technologies :<\/b> Venez profiter d\u2019ateliers badges, de grands jeux en bois, de jeux vid\u00e9o, et d\u2019un espace de <b>r\u00e9alit\u00e9 virtuelle<\/b> (pour les 12 ans et plus).<\/li>\n<li><b>Culture et art :<\/b> D\u00e9couvrez l\u2019exposition de <b>Baptiste Perez<\/b>, illustrateur de jeux toulousain \u00e0 succ\u00e8s (notamment Biomos et Symbiose).<\/li>\n<li><b>Sport :<\/b> De 18h \u00e0 20h, une <b>initiation \u00e0 la boxe anglaise<\/b> est propos\u00e9e en partenariat avec le club de pr\u00e9vention d\u2019Empalot (\u00e0 partir de 6 ans).<\/li>\n<li><b>Musique :<\/b> L\u2019ambiance montera d\u2019un cran \u00e0 partir de 19h avec la performance endiabl\u00e9e de la <b>Fanfare les Filibusters<\/b>.<\/li>\n<\/ul>\n<p>Venez nombreux pour c\u00e9l\u00e9brer la vitalit\u00e9 du quartier et le retour de ce lieu de savoir et de partage !<\/p>\n<p><b>Informations pratiques<\/b><\/p>\n<p><b>Lieu :<\/b> M\u00e9diath\u00e8que Empalot, 4 Rue Jean Lebas, Toulouse<br \/><b>Date et heure :<\/b> Vendredi 17 octobre 2025, de 17h00 \u00e0 21h00 (dur\u00e9e totale 4h)<br \/><b>Tarif :<\/b> L\u2019entr\u00e9e et toutes les animations sont <b>gratuites<\/b>.<br \/><b>R\u00e9servation :<\/b> Entr\u00e9e libre. Certaines activit\u00e9s (comme la r\u00e9alit\u00e9 virtuelle ou l\u2019initiation boxe) sont soumises \u00e0 la limite des places disponibles.<\/p>\n","protected":false},"excerpt":{"rendered":"C\u2019est l\u2019\u00e9v\u00e9nement de la rentr\u00e9e dans le quartier ! La M\u00e9diath\u00e8que Empalot de Toulouse c\u00e9l\u00e8bre sa r\u00e9ouverture avec&hellip;\n","protected":false},"author":2,"featured_media":442687,"comment_status":"","ping_status":"","sticky":false,"template":"","format":"standard","meta":{"footnotes":""},"categories":[2816],"tags":[1111,11,1777,674,1011,27,12,2680,25,2312],"class_list":{"0":"post-442686","1":"post","2":"type-post","3":"status-publish","4":"format-standard","5":"has-post-thumbnail","7":"category-toulouse","8":"tag-actu","9":"tag-actualites","10":"tag-eu","11":"tag-europe","12":"tag-fr","13":"tag-france","14":"tag-news","15":"tag-occitanie","16":"tag-republique-francaise","17":"tag-toulouse"},"share_on_mastodon":{"url":"https:\/\/pubeurope.com\/@fr\/115326813386801301","error":""},"_links":{"self":[{"href":"https:\/\/www.europesays.com\/fr\/wp-json\/wp\/v2\/posts\/442686","targetHints":{"allow":["GET"]}}],"collection":[{"href":"https:\/\/www.europesays.com\/fr\/wp-json\/wp\/v2\/posts"}],"about":[{"href":"https:\/\/www.europesays.com\/fr\/wp-json\/wp\/v2\/types\/post"}],"author":[{"embeddable":true,"href":"https:\/\/www.europesays.com\/fr\/wp-json\/wp\/v2\/users\/2"}],"replies":[{"embeddable":true,"href":"https:\/\/www.europesays.com\/fr\/wp-json\/wp\/v2\/comments?post=442686"}],"version-history":[{"count":0,"href":"https:\/\/www.europesays.com\/fr\/wp-json\/wp\/v2\/posts\/442686\/revisions"}],"wp:featuredmedia":[{"embeddable":true,"href":"https:\/\/www.europesays.com\/fr\/wp-json\/wp\/v2\/media\/442687"}],"wp:attachment":[{"href":"https:\/\/www.europesays.com\/fr\/wp-json\/wp\/v2\/media?parent=442686"}],"wp:term":[{"taxonomy":"category","embeddable":true,"href":"https:\/\/www.europesays.com\/fr\/wp-json\/wp\/v2\/categories?post=442686"},{"taxonomy":"post_tag","embeddable":true,"href":"https:\/\/www.europesays.com\/fr\/wp-json\/wp\/v2\/tags?post=442686"}],"curies":[{"name":"wp","href":"https:\/\/api.w.org\/{rel}","templated":true}]}}