{"id":442697,"date":"2025-10-06T10:49:12","date_gmt":"2025-10-06T10:49:12","guid":{"rendered":"https:\/\/www.europesays.com\/fr\/442697\/"},"modified":"2025-10-06T10:49:12","modified_gmt":"2025-10-06T10:49:12","slug":"prison-ferme-pour-deux-individus-impliques-dans-une-dizaine-de-cambriolages","status":"publish","type":"post","link":"https:\/\/www.europesays.com\/fr\/442697\/","title":{"rendered":"prison ferme pour deux individus impliqu\u00e9s dans une dizaine de cambriolages"},"content":{"rendered":"<p>                            <img loading=\"lazy\" width=\"650\" height=\"406\" class=\"attachment-article size-article wp-post-image lazyload\" alt=\"\" decoding=\"async\" src=\"https:\/\/www.europesays.com\/fr\/wp-content\/uploads\/2025\/08\/Tribunale-palais-de-justice-Genin-Rajon-\u00a9-Tim-Douet_0050-e1673455263317.jpg\" data-eio-rwidth=\"650\" data-eio-rheight=\"406\"\/><\/p>\n<p>Image d\u2019illustration. (\u00a9 Tim Douet)<\/p>\n<p class=\"content\" style=\"font-size:1.2em;font-weight:700\">Samedi 27 septembre, deux hommes impliqu\u00e9s dans douze cambriolages ont \u00e9t\u00e9 interpell\u00e9s par les gendarmes de l&rsquo;Abresle. <\/p>\n<p>Deux hommes, impliqu\u00e9s dans douze cambriolages, ont \u00e9t\u00e9 interpell\u00e9s samedi 27 septembre. Les faits remontent \u00e0 la nuit du 26 au 27 septembre. Cette nuit-l\u00e0, une dizaine de cambriolages sont signal\u00e9s sur les secteurs de Saint-Genis-les-Olli\u00e8res, Gr\u00e9zieu la Varenne et Sainte Consorce. Les gendarmes de l&rsquo;Abresle sont imm\u00e9diatement engag\u00e9s sur l&rsquo;affaire et partent alors en patrouille.<\/p>\n<p>Manquant de discr\u00e9tion, deux individus sont rep\u00e9r\u00e9s par la gendarmerie derri\u00e8re un conteneur \u00e0 poubelle. En fuite, ces derniers sont rapidement rattrap\u00e9s et interpell\u00e9s par la gendarmerie. Des sacs contenant du mat\u00e9riel informatique et t\u00e9l\u00e9phonique sont \u00e9galement retrouv\u00e9s pr\u00e8s d&rsquo;eux.<\/p>\n<p>Confi\u00e9es \u00e0 la brigade de Francheville, les investigations ont permis de mettre en cause les deux suspects pour douze cambriolages commis dans la m\u00eame nuit. <\/p>\n<p>30 mois de prison ferme <\/p>\n<p>D\u00e9j\u00e0 connus des services de police, et faisant l&rsquo;objet d&rsquo;une mesure administrative d&rsquo;\u00e9loignement, les deux suspects ont \u00e9t\u00e9 d\u00e9f\u00e9r\u00e9s au tribunal judiciaire de Lyon en comparution imm\u00e9diate. Les deux individus ont respectivement \u00e9cop\u00e9 de 30 mois de prison ferme, et de dix-huit mois de prison dont neuf avec sursis. Le tout, assorti d&rsquo;une interdiction de territoire fran\u00e7ais pendant cinq ans.<\/p>\n<p>Les victimes ont quant \u00e0 elles pu retrouver l&rsquo;int\u00e9gralit\u00e9 de leurs biens d\u00e9rob\u00e9s. <\/p>\n<p><strong>Lire aussi : <\/strong><\/p>\n","protected":false},"excerpt":{"rendered":"Image d\u2019illustration. (\u00a9 Tim Douet) Samedi 27 septembre, deux hommes impliqu\u00e9s dans douze cambriolages ont \u00e9t\u00e9 interpell\u00e9s par&hellip;\n","protected":false},"author":2,"featured_media":327334,"comment_status":"","ping_status":"","sticky":false,"template":"","format":"standard","meta":{"footnotes":""},"categories":[1889],"tags":[1111,11,2430,1777,674,1011,27,2428,12,25],"class_list":{"0":"post-442697","1":"post","2":"type-post","3":"status-publish","4":"format-standard","5":"has-post-thumbnail","7":"category-lyon","8":"tag-actu","9":"tag-actualites","10":"tag-auvergne-rhone-alpes","11":"tag-eu","12":"tag-europe","13":"tag-fr","14":"tag-france","15":"tag-lyon","16":"tag-news","17":"tag-republique-francaise"},"share_on_mastodon":{"url":"https:\/\/pubeurope.com\/@fr\/115326836384812528","error":""},"_links":{"self":[{"href":"https:\/\/www.europesays.com\/fr\/wp-json\/wp\/v2\/posts\/442697","targetHints":{"allow":["GET"]}}],"collection":[{"href":"https:\/\/www.europesays.com\/fr\/wp-json\/wp\/v2\/posts"}],"about":[{"href":"https:\/\/www.europesays.com\/fr\/wp-json\/wp\/v2\/types\/post"}],"author":[{"embeddable":true,"href":"https:\/\/www.europesays.com\/fr\/wp-json\/wp\/v2\/users\/2"}],"replies":[{"embeddable":true,"href":"https:\/\/www.europesays.com\/fr\/wp-json\/wp\/v2\/comments?post=442697"}],"version-history":[{"count":0,"href":"https:\/\/www.europesays.com\/fr\/wp-json\/wp\/v2\/posts\/442697\/revisions"}],"wp:featuredmedia":[{"embeddable":true,"href":"https:\/\/www.europesays.com\/fr\/wp-json\/wp\/v2\/media\/327334"}],"wp:attachment":[{"href":"https:\/\/www.europesays.com\/fr\/wp-json\/wp\/v2\/media?parent=442697"}],"wp:term":[{"taxonomy":"category","embeddable":true,"href":"https:\/\/www.europesays.com\/fr\/wp-json\/wp\/v2\/categories?post=442697"},{"taxonomy":"post_tag","embeddable":true,"href":"https:\/\/www.europesays.com\/fr\/wp-json\/wp\/v2\/tags?post=442697"}],"curies":[{"name":"wp","href":"https:\/\/api.w.org\/{rel}","templated":true}]}}