{"id":442698,"date":"2025-10-06T10:50:13","date_gmt":"2025-10-06T10:50:13","guid":{"rendered":"https:\/\/www.europesays.com\/fr\/442698\/"},"modified":"2025-10-06T10:50:13","modified_gmt":"2025-10-06T10:50:13","slug":"lusage-professionnel-du-velo-dans-la-metropole-de-lyon","status":"publish","type":"post","link":"https:\/\/www.europesays.com\/fr\/442698\/","title":{"rendered":"L&rsquo;usage professionnel du v\u00e9lo dans la m\u00e9tropole de Lyon"},"content":{"rendered":"<p><img loading=\"lazy\" decoding=\"async\" src=\"https:\/\/www.europesays.com\/fr\/wp-content\/uploads\/2025\/10\/Lyon-Business-L-usage-professionnel-du-velo-dans-la-metropole-de-Lyon-2150088.webp.webp\" width=\"1200\" height=\"675\" alt=\"placeholder video\"\/><\/p>\n<p>Certains employeurs incitent leurs salari\u00e9s \u00e0 les utiliser, pour d&rsquo;autres c&rsquo;est aussi un moyen d&rsquo;effectuer des livraisons. Le v\u00e9lo tend \u00e0 se d\u00e9velopper, pas seulement pour le loisir, mais aussi pour un usage professionnel. Efficacit\u00e9, rentabilit\u00e9, int\u00e9r\u00eat, am\u00e9nagements adapt\u00e9s ou non. On fait le point dans Lyon Business.\u00a0<\/p>\n<p>Aujourd&rsquo;hui \u00e0 12h23 | Dur\u00e9e : 24:48<\/p>\n","protected":false},"excerpt":{"rendered":"Certains employeurs incitent leurs salari\u00e9s \u00e0 les utiliser, pour d&rsquo;autres c&rsquo;est aussi un moyen d&rsquo;effectuer des livraisons. Le&hellip;\n","protected":false},"author":2,"featured_media":442699,"comment_status":"","ping_status":"","sticky":false,"template":"","format":"standard","meta":{"footnotes":""},"categories":[1889],"tags":[1111,11,2430,1777,674,1011,27,2428,12,25],"class_list":{"0":"post-442698","1":"post","2":"type-post","3":"status-publish","4":"format-standard","5":"has-post-thumbnail","7":"category-lyon","8":"tag-actu","9":"tag-actualites","10":"tag-auvergne-rhone-alpes","11":"tag-eu","12":"tag-europe","13":"tag-fr","14":"tag-france","15":"tag-lyon","16":"tag-news","17":"tag-republique-francaise"},"share_on_mastodon":{"url":"https:\/\/pubeurope.com\/@fr\/115326840136150621","error":""},"_links":{"self":[{"href":"https:\/\/www.europesays.com\/fr\/wp-json\/wp\/v2\/posts\/442698","targetHints":{"allow":["GET"]}}],"collection":[{"href":"https:\/\/www.europesays.com\/fr\/wp-json\/wp\/v2\/posts"}],"about":[{"href":"https:\/\/www.europesays.com\/fr\/wp-json\/wp\/v2\/types\/post"}],"author":[{"embeddable":true,"href":"https:\/\/www.europesays.com\/fr\/wp-json\/wp\/v2\/users\/2"}],"replies":[{"embeddable":true,"href":"https:\/\/www.europesays.com\/fr\/wp-json\/wp\/v2\/comments?post=442698"}],"version-history":[{"count":0,"href":"https:\/\/www.europesays.com\/fr\/wp-json\/wp\/v2\/posts\/442698\/revisions"}],"wp:featuredmedia":[{"embeddable":true,"href":"https:\/\/www.europesays.com\/fr\/wp-json\/wp\/v2\/media\/442699"}],"wp:attachment":[{"href":"https:\/\/www.europesays.com\/fr\/wp-json\/wp\/v2\/media?parent=442698"}],"wp:term":[{"taxonomy":"category","embeddable":true,"href":"https:\/\/www.europesays.com\/fr\/wp-json\/wp\/v2\/categories?post=442698"},{"taxonomy":"post_tag","embeddable":true,"href":"https:\/\/www.europesays.com\/fr\/wp-json\/wp\/v2\/tags?post=442698"}],"curies":[{"name":"wp","href":"https:\/\/api.w.org\/{rel}","templated":true}]}}