{"id":442700,"date":"2025-10-06T10:51:10","date_gmt":"2025-10-06T10:51:10","guid":{"rendered":"https:\/\/www.europesays.com\/fr\/442700\/"},"modified":"2025-10-06T10:51:10","modified_gmt":"2025-10-06T10:51:10","slug":"depollution-des-eaux-usees-jusqua-un-milliard-deuros-a-investir-en-ile-de-france","status":"publish","type":"post","link":"https:\/\/www.europesays.com\/fr\/442700\/","title":{"rendered":"D\u00e9pollution des eaux us\u00e9es\u00a0: jusqu&rsquo;\u00e0 un milliard d&rsquo;euros \u00e0 investir en Ile-de-France"},"content":{"rendered":"\n<p>La nouvelle mouture de la directive europ\u00e9enne pour les eaux r\u00e9siduaires urbaines, dite \u201cDeru 2\u201d, qui vise \u00e0 renforcer la protection de l\u2019environnement contre l\u2019impact des rejets d\u2019eaux us\u00e9es des collectivit\u00e9s, est en cours de transposition au niveau des Etats : elle pr\u00e9voit, pour les grandes agglom\u00e9rations, l\u2019\u00e9limination des micropolluants, ces substances ind\u00e9sirables d\u00e9tectables dans l\u2019environnement \u00e0 tr\u00e8s faible concentration, g\u00e9n\u00e9ralement dues \u00e0 l\u2019activit\u00e9 humaine.<\/p>\n<p>\u201cOn estime entre 800 millions et 1 milliard d\u2019euros qui devront \u00eatre consacr\u00e9s, (\u2026) dans les 20 prochaines ann\u00e9es, au traitement des micropolluants\u201d, a d\u00e9clar\u00e9 Fran\u00e7ois-Marie Didier, pr\u00e9sident du Siaap, lors d\u2019une conf\u00e9rence de presse consacr\u00e9e au plan d\u2019investissement de la structure pour les dix prochaines ann\u00e9es, d\u00e9voil\u00e9 jeudi.<\/p>\n<p>Au total, 4,15 milliards d\u2019euros d\u2019investissements sont programm\u00e9s entre 2024 et 2034 \u00e0 l\u2019\u00e9chelle de l\u2019agglom\u00e9ration, pour construire de nouvelles installations et maintenir et moderniser l\u2019existant.<\/p>\n<p>Ce budget, vot\u00e9 en fin d\u2019ann\u00e9e derni\u00e8re, n\u2019int\u00e8gre pas les surco\u00fbts li\u00e9s \u00e0 la \u201cDeru 2\u201d, lesquels devront \u00eatre discut\u00e9s lors d\u2019un conseil d\u2019administration pr\u00e9vu au mois de novembre.<\/p>\n<p>Outre la lutte contre les micro-polluants, la nouvelle directive pr\u00e9voit \u00e9galement l\u2019\u00e9limination de l\u2019azote et du phosphore d\u2019ici 2039.<\/p>\n<p>Au total, le Siaap estime entre 1,5 et 2 milliards d\u2019euros les investissements n\u00e9cessaires pour se mettre en conformit\u00e9 avec ce texte, m\u00eame si la lutte contre les micropolluants doit \u00eatre financ\u00e9e \u00e0 hauteur de 80% par les industriels selon le principe pollueur-payeur, selon le texte europ\u00e9en.<\/p>\n<p>Les entreprises des cosm\u00e9tiques et des m\u00e9dicaments sont principalement point\u00e9es du doigt par Bruxelles.<\/p>\n<p>Enfin, Deru 2 pr\u00e9voit l\u2019obligation pour les stations d\u2019\u00e9puration d\u2019\u00eatre autosuffisantes en \u00e9nergie. Sur ce point, \u201ctr\u00e8s concr\u00e8tement, je ne sais pas comment on fait\u201d, assure Fran\u00e7ois-Marie Didier, qui revendique pourtant le statut de \u201cpremier producteur de biogaz\u201d de France, gr\u00e2ce \u00e0 l\u2019exploitation des boues d\u2019\u00e9puration issues de ses usines.<\/p>\n<p>Dans tous les cas, la redevance de l\u2019assainissement, \u201cqui a d\u00e9j\u00e0 flamb\u00e9 ces derni\u00e8res ann\u00e9es (+45% en dix ans) et repr\u00e9sente environ 40% de la facture d\u2019eau, \u201ccontinuera d\u2019augmenter\u201d, avertit M. Didier.<\/p>\n<p>Ces investissements concernant les eaux us\u00e9es, avant leur rejet dans les cours d\u2019eau, \u00e0 diff\u00e9rencier du traitement des eaux, pr\u00e9lev\u00e9es dans les cours d\u2019eau, pour les rendre potables, qui constituent aussi de gros investissements.<\/p>\n<p>Lire aussi :<\/p>\n<\/p><\/p>\n","protected":false},"excerpt":{"rendered":"La nouvelle mouture de la directive europ\u00e9enne pour les eaux r\u00e9siduaires urbaines, dite \u201cDeru 2\u201d, qui vise \u00e0&hellip;\n","protected":false},"author":2,"featured_media":442701,"comment_status":"","ping_status":"","sticky":false,"template":"","format":"standard","meta":{"footnotes":""},"categories":[1592],"tags":[1111,11,36382,36778,40213,436,1777,674,1011,27,56895,6306,662,2554,38144,12,626,25,4958],"class_list":{"0":"post-442700","1":"post","2":"type-post","3":"status-publish","4":"format-standard","5":"has-post-thumbnail","7":"category-ile-de-france","8":"tag-actu","9":"tag-actualites","10":"tag-assainissement","11":"tag-depollution","12":"tag-eaux-usees","13":"tag-environnement","14":"tag-eu","15":"tag-europe","16":"tag-fr","17":"tag-france","18":"tag-francois-marie-didier","19":"tag-grand-paris","20":"tag-ile-de-france","21":"tag-investissements","22":"tag-micropolluants","23":"tag-news","24":"tag-paris","25":"tag-republique-francaise","26":"tag-traitement-des-eaux"},"share_on_mastodon":{"url":"https:\/\/pubeurope.com\/@fr\/115326843957041229","error":""},"_links":{"self":[{"href":"https:\/\/www.europesays.com\/fr\/wp-json\/wp\/v2\/posts\/442700","targetHints":{"allow":["GET"]}}],"collection":[{"href":"https:\/\/www.europesays.com\/fr\/wp-json\/wp\/v2\/posts"}],"about":[{"href":"https:\/\/www.europesays.com\/fr\/wp-json\/wp\/v2\/types\/post"}],"author":[{"embeddable":true,"href":"https:\/\/www.europesays.com\/fr\/wp-json\/wp\/v2\/users\/2"}],"replies":[{"embeddable":true,"href":"https:\/\/www.europesays.com\/fr\/wp-json\/wp\/v2\/comments?post=442700"}],"version-history":[{"count":0,"href":"https:\/\/www.europesays.com\/fr\/wp-json\/wp\/v2\/posts\/442700\/revisions"}],"wp:featuredmedia":[{"embeddable":true,"href":"https:\/\/www.europesays.com\/fr\/wp-json\/wp\/v2\/media\/442701"}],"wp:attachment":[{"href":"https:\/\/www.europesays.com\/fr\/wp-json\/wp\/v2\/media?parent=442700"}],"wp:term":[{"taxonomy":"category","embeddable":true,"href":"https:\/\/www.europesays.com\/fr\/wp-json\/wp\/v2\/categories?post=442700"},{"taxonomy":"post_tag","embeddable":true,"href":"https:\/\/www.europesays.com\/fr\/wp-json\/wp\/v2\/tags?post=442700"}],"curies":[{"name":"wp","href":"https:\/\/api.w.org\/{rel}","templated":true}]}}