{"id":442704,"date":"2025-10-06T10:53:12","date_gmt":"2025-10-06T10:53:12","guid":{"rendered":"https:\/\/www.europesays.com\/fr\/442704\/"},"modified":"2025-10-06T10:53:12","modified_gmt":"2025-10-06T10:53:12","slug":"aujourdhui-jai-lintime-conviction-quil-a-intente-a-la-vie-de-sa-femme-temoigne-lex-amant-de-delphine-aussaguel","status":"publish","type":"post","link":"https:\/\/www.europesays.com\/fr\/442704\/","title":{"rendered":"\u00ab\u00a0Aujourd&rsquo;hui, j&rsquo;ai l&rsquo;intime conviction qu&rsquo;il a intent\u00e9 \u00e0 la vie de sa femme\u00a0\u00bb, t\u00e9moigne l&rsquo;ex-amant de Delphine Aussaguel"},"content":{"rendered":"<p>Des auditions de t\u00e9moins et d&rsquo;experts cruciales. Alors que le proc\u00e8s de C\u00e9dric Jubillar, soup\u00e7onn\u00e9 du meurtre de son \u00e9pouse disparue, rentre, lundi 6 octobre, dans sa troisi\u00e8me et avant-derni\u00e8re semaine, la cour d&rsquo;assises du Tarn, a entendu Donat-Jean M., qui fut l&rsquo;amant de Delphine Aussaguel-Jubillar de l&rsquo;\u00e9t\u00e9 2020 jusqu&rsquo;au moment de sa disparition. Il a d\u00e9clar\u00e9 avoir eu \u00ab\u00a0une vraie histoire d&rsquo;amour\u00a0\u00bb avec l&rsquo;infirmi\u00e8re, qui avait annonc\u00e9 \u00e0 son mari qu&rsquo;elle souhaitait le quitter. \u00ab\u00a0Delphine avait eu des menaces de son mari. Ces menaces ont eu lieu bien avant qu&rsquo;elle disparaisse\u00a0\u00bb, a-t-il \u00e9galement assur\u00e9, sous le regard de C\u00e9dric Jubillar, qui l&rsquo;a \u00e9cout\u00e9 depuis le box des accus\u00e9s, <a href=\"https:\/\/x.com\/JulietteCampion\" target=\"_blank\" rel=\"noopener nofollow\">selon notre envoy\u00e9e sp\u00e9ciale sur place<\/a>. \u00ab\u00a0Aujourd&rsquo;hui, j&rsquo;ai l&rsquo;intime conviction que c&rsquo;est C\u00e9dric Jubillar qui a intent\u00e9 \u00e0 la vie de sa femme\u00a0\u00bb, a ajout\u00e9 ce t\u00e9moin, \u00e2g\u00e9 de 44 ans. Suivez notre direct.<\/p>\n<p class=\"c-body__bullet\"><strong> Des voisines du domicile du couple auditionn\u00e9es lundi. <\/strong>Ces femmes assurent avoir entendu les cris \u00e9touff\u00e9s d&rsquo;une femme au cours de la nuit de la disparition de Delphine Aussaguel-Jubillar, entre le 15 et le 16 d\u00e9cembre 2020. La cour d&rsquo;assises du Tarn les entendra cinq jours <a href=\"https:\/\/www.franceinfo.fr\/faits-divers\/disparition-de-delphine-jubillar\/elle-n-existait-plus-il-n-y-avait-que-cedric-le-temoignage-d-une-proche-amie-de-delphine-jubillar-aussaguel-egratigne-l-image-de-l-accuse-a-son-proces_7525387.html\" rel=\"nofollow noopener\" target=\"_blank\">apr\u00e8s avoir \u00e9cout\u00e9 leurs proches<\/a>. D&rsquo;autres voisins d\u00e9fileront \u00e0 la barre, mardi. Au total une trentaine de t\u00e9moins et d&rsquo;experts sont attendus cette semaine, avant de laisser la parole \u00e0 l&rsquo;accus\u00e9 pour un interrogatoire en fin de semaine.\u00a0<\/p>\n<p class=\"c-body__bullet\"><strong> Des d\u00e9positions d&rsquo;experts \u00e9galement tr\u00e8s attendues. <\/strong>Un expert ayant analys\u00e9 les lunettes de Delphine Aussaguel-Jubillar va t\u00e9moigner mardi. Il s&rsquo;agit d&rsquo;un des \u00e9l\u00e9ments les plus discut\u00e9s du dossier, l&rsquo;accusation soutenant qu&rsquo;elles ont pu \u00eatre cass\u00e9es lors d&rsquo;une violente dispute alors que la d\u00e9fense conteste, arguant qu&rsquo;elles \u00e9taient d\u00e9j\u00e0 en mauvais \u00e9tat avant la nuit des faits. Le t\u00e9moignage de la\u00a0gendarme qui avait recueilli la d\u00e9position de Louis, le jeune fils du couple qui a racont\u00e9 les avoir vus se disputer dans la soir\u00e9e, sera aussi scrut\u00e9.<\/p>\n<p class=\"c-body__bullet\"><strong> Un \u00ab\u00a0interrogatoire r\u00e9capitulatif\u00a0\u00bb de l&rsquo;accus\u00e9 pour conclure les d\u00e9bats vendredi. <\/strong>Dans la semaine, les jur\u00e9s \u00e9couteront aussi plusieurs co-d\u00e9tenus de C\u00e9dric Jubillar, ainsi que les ex-compagnes avec lesquelles l&rsquo;accus\u00e9 avait nou\u00e9 des relations apr\u00e8s la disparition de son \u00e9pouse. Avant d&rsquo;entendre \u00e0 nouveau C\u00e9dric Jubillar, pour un \u00ab\u00a0interrogatoire r\u00e9capitulatif\u00a0\u00bb. Il s&rsquo;est pour l&rsquo;instant exprim\u00e9 \u00e0 certains moments pr\u00e9cis de l&rsquo;audience ou sur son parcours de vie, martelant n&rsquo;avoir pas \u00ab\u00a0tu\u00e9 Delphine\u00a0\u00bb. \u00a0<\/p>\n","protected":false},"excerpt":{"rendered":"Des auditions de t\u00e9moins et d&rsquo;experts cruciales. Alors que le proc\u00e8s de C\u00e9dric Jubillar, soup\u00e7onn\u00e9 du meurtre de&hellip;\n","protected":false},"author":2,"featured_media":433544,"comment_status":"","ping_status":"","sticky":false,"template":"","format":"standard","meta":{"footnotes":""},"categories":[1888],"tags":[1111,1928,11,1927,1777,674,1011,27,12,1926,626,1925,25],"class_list":{"0":"post-442704","1":"post","2":"type-post","3":"status-publish","4":"format-standard","5":"has-post-thumbnail","7":"category-paris","8":"tag-actu","9":"tag-actu-paris","10":"tag-actualites","11":"tag-actualites-paris","12":"tag-eu","13":"tag-europe","14":"tag-fr","15":"tag-france","16":"tag-news","17":"tag-news-paris","18":"tag-paris","19":"tag-paris-news","20":"tag-republique-francaise"},"share_on_mastodon":{"url":"https:\/\/pubeurope.com\/@fr\/115326851932046009","error":""},"_links":{"self":[{"href":"https:\/\/www.europesays.com\/fr\/wp-json\/wp\/v2\/posts\/442704","targetHints":{"allow":["GET"]}}],"collection":[{"href":"https:\/\/www.europesays.com\/fr\/wp-json\/wp\/v2\/posts"}],"about":[{"href":"https:\/\/www.europesays.com\/fr\/wp-json\/wp\/v2\/types\/post"}],"author":[{"embeddable":true,"href":"https:\/\/www.europesays.com\/fr\/wp-json\/wp\/v2\/users\/2"}],"replies":[{"embeddable":true,"href":"https:\/\/www.europesays.com\/fr\/wp-json\/wp\/v2\/comments?post=442704"}],"version-history":[{"count":0,"href":"https:\/\/www.europesays.com\/fr\/wp-json\/wp\/v2\/posts\/442704\/revisions"}],"wp:featuredmedia":[{"embeddable":true,"href":"https:\/\/www.europesays.com\/fr\/wp-json\/wp\/v2\/media\/433544"}],"wp:attachment":[{"href":"https:\/\/www.europesays.com\/fr\/wp-json\/wp\/v2\/media?parent=442704"}],"wp:term":[{"taxonomy":"category","embeddable":true,"href":"https:\/\/www.europesays.com\/fr\/wp-json\/wp\/v2\/categories?post=442704"},{"taxonomy":"post_tag","embeddable":true,"href":"https:\/\/www.europesays.com\/fr\/wp-json\/wp\/v2\/tags?post=442704"}],"curies":[{"name":"wp","href":"https:\/\/api.w.org\/{rel}","templated":true}]}}