{"id":442705,"date":"2025-10-06T10:54:11","date_gmt":"2025-10-06T10:54:11","guid":{"rendered":"https:\/\/www.europesays.com\/fr\/442705\/"},"modified":"2025-10-06T10:54:11","modified_gmt":"2025-10-06T10:54:11","slug":"elle-devoile-les-coulisses-de-sa-visite-entre-arc-de-triomphe-et-cornet-de-frites","status":"publish","type":"post","link":"https:\/\/www.europesays.com\/fr\/442705\/","title":{"rendered":"elle d\u00e9voile les coulisses de sa visite, entre Arc de Triomphe et cornet de frites"},"content":{"rendered":"<p class=\"mb-4 text-lg md:leading-8 break-words\">Depuis une semaine, les stars du monde entier se pressent \u00e0 Paris pour suivre les d\u00e9fil\u00e9s de la <a href=\"https:\/\/www.parismatch.com\/dossiers\/fashion-week-de-paris\" rel=\"nofollow noopener\" target=\"_blank\" data-ylk=\"slk:Fashion Week;elm:context_link;itc:0;sec:content-canvas\" class=\"link \">Fashion Week<\/a>. Si les habitants de la capitale ont donc pu croiser <a href=\"https:\/\/www.parismatch.com\/People\/beaute-dargent-kylie-jenner-au-premier-rang-du-defile-schiaparelli-pour-admirer-sa-soeur-kendall-258027\" rel=\"nofollow noopener\" target=\"_blank\" data-ylk=\"slk:certaines des personnalit\u00e9s les plus c\u00e9l\u00e8bres de la plan\u00e8te;elm:context_link;itc:0;sec:content-canvas\" class=\"link \">certaines des personnalit\u00e9s les plus c\u00e9l\u00e8bres de la plan\u00e8te<\/a>, aucune n\u2019a cr\u00e9\u00e9 la surprise comme Meghan Markle, <a href=\"https:\/\/www.parismatch.com\/People\/meghan-markle-invitee-surprise-du-defile-balenciaga-a-paris-258100\" rel=\"nofollow noopener\" target=\"_blank\" data-ylk=\"slk:invit\u00e9e inattendue du d\u00e9fil\u00e9 Balenciaga;elm:context_link;itc:0;sec:content-canvas\" class=\"link \">invit\u00e9e inattendue du d\u00e9fil\u00e9 Balenciaga<\/a> qui s\u2019est tenu le 4\u00a0octobre.<\/p>\n<p class=\"mb-4 text-lg md:leading-8 break-words\">Venue \u00e0 Paris en toute discr\u00e9tion, <a href=\"https:\/\/www.parismatch.com\/Royal-Blog\/lapparition-feerique-de-meghan-markle-a-paris-en-pleine-fashion-week-sans-harry-258115\" rel=\"nofollow noopener\" target=\"_blank\" data-ylk=\"slk:la duchesse de Sussex a fait son apparition au 40 rue de S\u00e8vre;elm:context_link;itc:0;sec:content-canvas\" class=\"link \">la duchesse de Sussex a fait son apparition au 40 rue de S\u00e8vre<\/a> v\u00eatue d\u2019un ensemble Balenciaga int\u00e9gralement blanc et agr\u00e9ment\u00e9 d\u2019un large ch\u00e2le. Dans la soir\u00e9e, elle a ensuite \u00e9t\u00e9 aper\u00e7ue en train de quitter le prestigieux Plaza Ath\u00e9n\u00e9e pour une soir\u00e9e au\u00a0restaurant Sugaar, dans le 6e arrondissement. Elle \u00e9tait alors habill\u00e9e d\u2019une longue robe noire drap\u00e9e, toujours sign\u00e9e Balenciaga.<\/p>\n<p class=\"mb-4 text-lg md:leading-8 break-words\">Ne l\u00e2chant pas un mot devant les photographes, l\u2019\u00e9pouse du prince Harry a\u00a0rapidement partag\u00e9 les coulisses de son voyage sur Instagram, \u00e0 travers une vid\u00e9o retra\u00e7ant ses aventures dans la capitale. \u00ab\u00a0\u00c0 propos d\u2019hier soir\u00a0\u00bb, \u00e9crit-elle en l\u00e9gende, remerciant Balenciaga et le cr\u00e9ateur\u00a0Pierpaolo Piccioli. \u00ab\u00a0La France m\u2019avait manqu\u00e9, merci pour l\u2019amour\u00a0\u00bb, ajoute-t-elle.<\/p>\n<p>Place de l\u2019\u00c9toile, Duolingo et \u00ab\u00a0french fries\u00a0\u00bb<\/p>\n<p class=\"mb-4 text-lg md:leading-8 break-words\">La vid\u00e9o commence par une image prise depuis l\u2019avion, laissant penser que Meghan Markle est arriv\u00e9e \u00e0 l\u2019aube dans la capitale fran\u00e7aise. La duchesse de Sussex partage ensuite une image de ses jambes allong\u00e9es sur les si\u00e8ges d\u2019un van, aux c\u00f4t\u00e9s de deux autres personnes qui ne sont pas identifi\u00e9es mais qui appa&#8230;<\/p>\n<p class=\"mb-4 text-lg md:leading-8 break-words\"><a href=\"https:\/\/www.parismatch.com\/Royal-Blog\/meghan-markle-de-passage-a-paris-elle-devoile-les-coulisses-de-sa-visite-entre-arc-de-triomphe-et-cornet-de-frites-258151?at_medium=affiliate&amp;at_campaign=Yahoo\" rel=\"nofollow noopener\" target=\"_blank\" data-ylk=\"slk:Lire la suite sur ParisMatch;elm:context_link;itc:0;sec:content-canvas\" class=\"link \">Lire la suite sur ParisMatch<\/a><\/p>\n","protected":false},"excerpt":{"rendered":"Depuis une semaine, les stars du monde entier se pressent \u00e0 Paris pour suivre les d\u00e9fil\u00e9s de la&hellip;\n","protected":false},"author":2,"featured_media":442706,"comment_status":"","ping_status":"","sticky":false,"template":"","format":"standard","meta":{"footnotes":""},"categories":[1888],"tags":[1111,1928,11,1927,13774,1777,674,1011,27,56897,908,12,1926,626,1925,56896,25],"class_list":{"0":"post-442705","1":"post","2":"type-post","3":"status-publish","4":"format-standard","5":"has-post-thumbnail","7":"category-paris","8":"tag-actu","9":"tag-actu-paris","10":"tag-actualites","11":"tag-actualites-paris","12":"tag-balenciaga","13":"tag-eu","14":"tag-europe","15":"tag-fr","16":"tag-france","17":"tag-les-sieges","18":"tag-meghan-markle","19":"tag-news","20":"tag-news-paris","21":"tag-paris","22":"tag-paris-news","23":"tag-place-de-letoile","24":"tag-republique-francaise"},"share_on_mastodon":{"url":"https:\/\/pubeurope.com\/@fr\/115326855682867455","error":""},"_links":{"self":[{"href":"https:\/\/www.europesays.com\/fr\/wp-json\/wp\/v2\/posts\/442705","targetHints":{"allow":["GET"]}}],"collection":[{"href":"https:\/\/www.europesays.com\/fr\/wp-json\/wp\/v2\/posts"}],"about":[{"href":"https:\/\/www.europesays.com\/fr\/wp-json\/wp\/v2\/types\/post"}],"author":[{"embeddable":true,"href":"https:\/\/www.europesays.com\/fr\/wp-json\/wp\/v2\/users\/2"}],"replies":[{"embeddable":true,"href":"https:\/\/www.europesays.com\/fr\/wp-json\/wp\/v2\/comments?post=442705"}],"version-history":[{"count":0,"href":"https:\/\/www.europesays.com\/fr\/wp-json\/wp\/v2\/posts\/442705\/revisions"}],"wp:featuredmedia":[{"embeddable":true,"href":"https:\/\/www.europesays.com\/fr\/wp-json\/wp\/v2\/media\/442706"}],"wp:attachment":[{"href":"https:\/\/www.europesays.com\/fr\/wp-json\/wp\/v2\/media?parent=442705"}],"wp:term":[{"taxonomy":"category","embeddable":true,"href":"https:\/\/www.europesays.com\/fr\/wp-json\/wp\/v2\/categories?post=442705"},{"taxonomy":"post_tag","embeddable":true,"href":"https:\/\/www.europesays.com\/fr\/wp-json\/wp\/v2\/tags?post=442705"}],"curies":[{"name":"wp","href":"https:\/\/api.w.org\/{rel}","templated":true}]}}