{"id":442719,"date":"2025-10-06T11:01:11","date_gmt":"2025-10-06T11:01:11","guid":{"rendered":"https:\/\/www.europesays.com\/fr\/442719\/"},"modified":"2025-10-06T11:01:11","modified_gmt":"2025-10-06T11:01:11","slug":"apres-la-demission-de-lecornu-lallemagne-souligne-limportance-dune-france-stable-pour-leurope","status":"publish","type":"post","link":"https:\/\/www.europesays.com\/fr\/442719\/","title":{"rendered":"Apr\u00e8s la d\u00e9mission de Lecornu, l\u2019Allemagne souligne l\u2019importance d\u2019une \u00abFrance stable\u00bb pour l\u2019Europe"},"content":{"rendered":"<p>Le gouvernement allemand a soulign\u00e9 que la stabilit\u00e9 de la France restait essentielle pour l\u2019Europe, apr\u00e8s la d\u00e9mission du premier ministre S\u00e9bastien Lecornu, pr\u00e9cisant qu\u2019il n\u2019avait aucun doute sur la capacit\u00e9 du pays \u00e0 maintenir cette stabilit\u00e9.<\/p>\n<p class=\"fig-paragraph\">Le gouvernement allemand a soulign\u00e9 lundi 6 octobre que la stabilit\u00e9 de la France \u00e9tait importante pour l\u2019Europe, apr\u00e8s la\u00a0<a href=\"http:\/\/www.lefigaro.fr\/politique\/demission-de-lecornu-comment-va-fonctionner-l-assemblee-en-l-absence-de-gouvernement-20251006\" data-fig-type=\"NewsFlash\" data-gtm-custom-categorie=\"navigation\" data-gtm-custom-action=\"crossclick\" data-gtm-custom-label=\"Contextuel\" data-gtm-event=\"customEventSPE\" data-fig-domain=\"LEFIGARO\" target=\"_blank\" rel=\"noopener\">d\u00e9mission\u00a0<\/a>du premier ministre fran\u00e7ais\u00a0<a href=\"http:\/\/www.lefigaro.fr\/politique\/sebastien-lecornu-fustige-les-appetits-partisans-qui-ont-conduit-a-sa-demission-20251006\" data-fig-type=\"NewsFlash\" data-gtm-custom-categorie=\"navigation\" data-gtm-custom-action=\"crossclick\" data-gtm-custom-label=\"Contextuel\" data-gtm-event=\"customEventSPE\" data-fig-domain=\"LEFIGARO\" target=\"_blank\" rel=\"noopener\">S\u00e9bastien Lecornu<\/a>, prolongeant et approfondissant la crise politique dans le pays.<\/p>\n<p class=\"fig-paragraph\">\u00abUne France stable est une contribution importante pour l\u2019Europe\u00bb, a affirm\u00e9 le porte-parole du gouvernement allemand, Stefan Kornelius, interrog\u00e9 sur la crise fran\u00e7aise, avant d\u2019ajouter ne pas avoir de doute que \u00abla stabilit\u00e9 r\u00e8gne en France\u00bb. \u00abLa formation du gouvernement va encore prendre un certain temps\u00bb, a-t-il ajout\u00e9, appelant \u00e0 \u00ablaisser le processus suivre son cours\u00bb.<\/p>\n","protected":false},"excerpt":{"rendered":"Le gouvernement allemand a soulign\u00e9 que la stabilit\u00e9 de la France restait essentielle pour l\u2019Europe, apr\u00e8s la d\u00e9mission&hellip;\n","protected":false},"author":2,"featured_media":442720,"comment_status":"","ping_status":"","sticky":false,"template":"","format":"standard","meta":{"footnotes":""},"categories":[1587],"tags":[259,11,260,672,1804,1805,1803,1777,674,1801,14,261,12,262,1802],"class_list":{"0":"post-442719","1":"post","2":"type-post","3":"status-publish","4":"format-standard","5":"has-post-thumbnail","7":"category-allemagne","8":"tag-actualite-internationale","9":"tag-actualites","10":"tag-affaires-etrangeres","11":"tag-allemagne","12":"tag-bundesrepublik-deutschland","13":"tag-de","14":"tag-deutschland","15":"tag-eu","16":"tag-europe","17":"tag-germany","18":"tag-international","19":"tag-ministere-des-affaires-etrangeres","20":"tag-news","21":"tag-politique-etrangere","22":"tag-republique-federale-dallemagne"},"share_on_mastodon":{"url":"https:\/\/pubeurope.com\/@fr\/115326883310667132","error":""},"_links":{"self":[{"href":"https:\/\/www.europesays.com\/fr\/wp-json\/wp\/v2\/posts\/442719","targetHints":{"allow":["GET"]}}],"collection":[{"href":"https:\/\/www.europesays.com\/fr\/wp-json\/wp\/v2\/posts"}],"about":[{"href":"https:\/\/www.europesays.com\/fr\/wp-json\/wp\/v2\/types\/post"}],"author":[{"embeddable":true,"href":"https:\/\/www.europesays.com\/fr\/wp-json\/wp\/v2\/users\/2"}],"replies":[{"embeddable":true,"href":"https:\/\/www.europesays.com\/fr\/wp-json\/wp\/v2\/comments?post=442719"}],"version-history":[{"count":0,"href":"https:\/\/www.europesays.com\/fr\/wp-json\/wp\/v2\/posts\/442719\/revisions"}],"wp:featuredmedia":[{"embeddable":true,"href":"https:\/\/www.europesays.com\/fr\/wp-json\/wp\/v2\/media\/442720"}],"wp:attachment":[{"href":"https:\/\/www.europesays.com\/fr\/wp-json\/wp\/v2\/media?parent=442719"}],"wp:term":[{"taxonomy":"category","embeddable":true,"href":"https:\/\/www.europesays.com\/fr\/wp-json\/wp\/v2\/categories?post=442719"},{"taxonomy":"post_tag","embeddable":true,"href":"https:\/\/www.europesays.com\/fr\/wp-json\/wp\/v2\/tags?post=442719"}],"curies":[{"name":"wp","href":"https:\/\/api.w.org\/{rel}","templated":true}]}}