{"id":442723,"date":"2025-10-06T11:03:14","date_gmt":"2025-10-06T11:03:14","guid":{"rendered":"https:\/\/www.europesays.com\/fr\/442723\/"},"modified":"2025-10-06T11:03:14","modified_gmt":"2025-10-06T11:03:14","slug":"ursula-von-der-leyen-confrontee-cette-semaine-a-deux-motions-de-censure-consecutives","status":"publish","type":"post","link":"https:\/\/www.europesays.com\/fr\/442723\/","title":{"rendered":"Ursula von der Leyen confront\u00e9e cette semaine \u00e0 deux motions de censure cons\u00e9cutives"},"content":{"rendered":"<p class=\"mb-4 text-lg md:leading-8 break-words\">Trois mois apr\u00e8s avoir <a href=\"https:\/\/fr.news.yahoo.com\/motion-censure-ursula-von-der-051527925.html\" data-ylk=\"slk:surv\u00e9cu \u00e0 sa toute premi\u00e8re motion de censure;elm:context_link;itc:0;sec:content-canvas;outcm:mb_qualified_link;_E:mb_qualified_link;ct:story;\" class=\"link  yahoo-link\" target=\"_blank\" rel=\"noopener\"><strong>surv\u00e9cu \u00e0 sa toute premi\u00e8re motion de censure<\/strong><\/a>, Ursula von der Leyen doit faire face \u00e0 deux nouvelles tentatives de renversement de sa Commission europ\u00e9enne.<\/p>\n<p class=\"mb-4 text-lg md:leading-8 break-words\">Les d\u00e9bats au Parlement europ\u00e9en sur les deux motions auront lieu conjointement lundi \u00e0 17 heures (heure de Paris), tandis que les votes se tiendront s\u00e9par\u00e9ment jeudi \u00e0 midi (heure de Paris).<\/p>\n<p>L&rsquo;accord commercial UE-\u00c9tats-Unis au c\u0153ur des critiques<\/p>\n<p class=\"mb-4 text-lg md:leading-8 break-words\">Bien que les motions, d\u00e9pos\u00e9es par l&rsquo;extr\u00eame droite et l&rsquo;extr\u00eame gauche, semblent vou\u00e9es \u00e0 l&rsquo;\u00e9chec, elles repr\u00e9sentent un nouveau d\u00e9fi pour <a href=\"https:\/\/fr.news.yahoo.com\/%C3%A9t%C3%A9-cruel-second-mandat-dursula-083318788.html\" data-ylk=\"slk:le maintien au pouvoir d&#039;Ursula von der Leyen;elm:context_link;itc:0;sec:content-canvas;outcm:mb_qualified_link;_E:mb_qualified_link;ct:story;\" class=\"link  yahoo-link\" target=\"_blank\" rel=\"noopener\"><strong>le maintien au pouvoir d&rsquo;Ursula von der Leyen<\/strong><\/a> et son style de gouvernance, qui font l&rsquo;objet de critiques croissantes depuis le d\u00e9but de son second mandat.<\/p>\n<p class=\"mb-4 text-lg md:leading-8 break-words\">Un point commun lie les deux motions : la vive r\u00e9action contre l&rsquo;<a href=\"https:\/\/fr.news.yahoo.com\/l-union-europ%C3%A9enne-%C3%A9tats-unis-185928232.html\" data-ylk=\"slk:accord commercial entre l&#039;Union europ\u00e9enne et les \u00c9tats-Unis;elm:context_link;itc:0;sec:content-canvas;outcm:mb_qualified_link;_E:mb_qualified_link;ct:story;\" class=\"link  yahoo-link\" target=\"_blank\" rel=\"noopener\"><strong>accord commercial entre l&rsquo;Union europ\u00e9enne et les \u00c9tats-Unis<\/strong><\/a> et les conditions tr\u00e8s d\u00e9favorables qu&rsquo;il a impos\u00e9es aux exportateurs europ\u00e9ens.<\/p>\n<p class=\"mb-4 text-lg md:leading-8 break-words\">L&rsquo;accord &#8211; qui inclue des engagements de l&rsquo;UE de d\u00e9penser 750 milliards d&rsquo;euros en \u00e9nergie produite aux \u00c9tats-Unis et d&rsquo;investir 600 milliards d&rsquo;euros sur le march\u00e9 am\u00e9ricain &#8211; continue de faire l&rsquo;objet de vives critiques de la part de tous les secteurs de l&rsquo;\u00e9chiquier politique.<\/p>\n<p><img alt=\"Donald Trump et Ursula von der Leyen apr\u00e8s la conclusion d'un accord commercial entre les \u00c9tats-Unis et l'Union europ\u00e9enne \u00e0 Turnberry, en \u00c9cosse, le dimanche 27 juillet 2025\" loading=\"lazy\" width=\"808\" height=\"539\" decoding=\"async\" data-nimg=\"1\" class=\"rounded-lg\" style=\"color:transparent\" src=\"https:\/\/www.europesays.com\/fr\/wp-content\/uploads\/2025\/10\/a1cd644ee5eebc72ca50e4fc2321819f.jpeg\"\/><\/p>\n<p> Donald Trump et Ursula von der Leyen apr\u00e8s la conclusion d&rsquo;un accord commercial entre les \u00c9tats-Unis et l&rsquo;Union europ\u00e9enne \u00e0 Turnberry, en \u00c9cosse, le dimanche 27 juillet 2025   &#8211; AP Photo\/Jacquelyn Martin <\/p>\n<p class=\"mb-4 text-lg md:leading-8 break-words\">Dans un r\u00e9cent sondage, 52 % des personnes interrog\u00e9es <a href=\"https:\/\/fr.news.yahoo.com\/majorit%C3%A9-europ%C3%A9ens-laccord-commercial-ue-135931130.html\" data-ylk=\"slk:ont qualifi\u00e9 l&#039;accord d&#039;&quot;humiliation&quot;;elm:context_link;itc:0;sec:content-canvas;outcm:mb_qualified_link;_E:mb_qualified_link;ct:story;\" class=\"link  yahoo-link\" target=\"_blank\" rel=\"noopener\"><strong>ont qualifi\u00e9 l&rsquo;accord d'\u00a0\u00bbhumiliation\u00a0\u00bb<\/strong><\/a> pour l&rsquo;Europe.<\/p>\n<p class=\"mb-4 text-lg md:leading-8 break-words\">Ursula von der Leyen a admis que l&rsquo;accord \u00e9tait \u00ab\u00a0imparfait\u00a0\u00bb mais elle affirme qu&rsquo;il est suffisamment \u00ab\u00a0solide\u00a0\u00bb pour permettre \u00e0 l&rsquo;UE de traverser la tourmente commerciale d\u00e9clench\u00e9e par le pr\u00e9sident am\u00e9ricain Donald Trump.<\/p>\n<p>Accord UE-Mercosur et accusations de manque de transparence<\/p>\n<p class=\"mb-4 text-lg md:leading-8 break-words\">Les Patriotes pour l&rsquo;Europe (PfE) et La Gauche, les auteurs des motions respectives, partagent un autre grief : <a href=\"https:\/\/fr.euronews.com\/my-europe\/2025\/09\/03\/la-commission-europeenne-propose-un-accord-ue-mercosur-modifie-pour-surmonter-lopposition-\" rel=\"nofollow noopener\" target=\"_blank\" data-ylk=\"slk:l&#039;accord de libre-\u00e9change UE-Mercosur;elm:context_link;itc:0;sec:content-canvas\" class=\"link \"><strong>l&rsquo;accord de libre-\u00e9change UE-Mercosur<\/strong><\/a> qu&rsquo;Ursula von der Leyen a conclu en d\u00e9cembre de l&rsquo;ann\u00e9e derni\u00e8re et dont les textes juridiques sont maintenant en cours d&rsquo;adoption.<\/p>\n<p class=\"mb-4 text-lg md:leading-8 break-words\">Les deux groupes politiques s&rsquo;inqui\u00e8tent de l&rsquo;impact potentiellement n\u00e9faste de cet accord sur les agriculteurs europ\u00e9ens et d\u00e9noncent <a href=\"https:\/\/fr.news.yahoo.com\/accord-ue-mercosur-ursula-von-170632180.html\" data-ylk=\"slk:un manque de transparence d&#039;Ursula von der Leyen;elm:context_link;itc:0;sec:content-canvas;outcm:mb_qualified_link;_E:mb_qualified_link;ct:story;\" class=\"link  yahoo-link\" target=\"_blank\" rel=\"noopener\"><strong>un manque de transparence d&rsquo;Ursula von der Leyen<\/strong><\/a>, un th\u00e8me d\u00e9j\u00e0 tr\u00e8s pr\u00e9sent dans la motion de censure de juillet.<\/p>\n<p class=\"mb-4 text-lg md:leading-8 break-words\"><b class=\"c-widget-related__title__text\">Related<\/b><\/p>\n<p class=\"mb-4 text-lg md:leading-8 break-words\">Pour le reste, les avis divergent. Les Patriotes pour l&rsquo;Europe se plaignent de la gestion par la Commission de l&rsquo;immigration clandestine et de ses politiques vertes \u00ab\u00a0malavis\u00e9es\u00a0\u00bb, tandis que La Gauche d\u00e9nonce l'\u00a0\u00bb\u00e9chec\u00a0\u00bb de l&rsquo;ex\u00e9cutif europ\u00e9enne \u00e0 traiter la crise climatique et sociale, ainsi que la guerre d&rsquo;Isra\u00ebl contre Gaza.<\/p>\n<p class=\"mb-4 text-lg md:leading-8 break-words\">Le mois dernier, Ursula von der Leyen a propos\u00e9 de <a href=\"https:\/\/fr.news.yahoo.com\/kaja-kallas-confirme-volont%C3%A9-lue-123210252.html\" data-ylk=\"slk:suspendre partiellement l&#039;accord d&#039;association UE-Isra\u00ebl;elm:context_link;itc:0;sec:content-canvas;outcm:mb_qualified_link;_E:mb_qualified_link;ct:story;\" class=\"link  yahoo-link\" target=\"_blank\" rel=\"noopener\"><strong>suspendre partiellement l&rsquo;accord d&rsquo;association UE-Isra\u00ebl<\/strong><\/a>, une mesure pr\u00e9conis\u00e9e depuis longtemps par les \u00e9lus progressistes. L&rsquo;approbation d\u00e9pend d\u00e9sormais des \u00c9tats membres, qui n&rsquo;ont pas encore trouv\u00e9 de majorit\u00e9 qualifi\u00e9e.<\/p>\n<p class=\"mb-4 text-lg md:leading-8 break-words\">\u00ab\u00a0Le plan consiste \u00e0 renverser la Commission\u00a0\u00bb, a d\u00e9clar\u00e9 Thomas Shannon, porte-parole de la Gauche. \u00ab\u00a0Le plan n&rsquo;est pas de cr\u00e9er quelque chose o\u00f9 l&rsquo;on reviendrait constamment sur le sujet, encore et encore. Je pense qu&rsquo;il est tr\u00e8s clair que le temps est venu\u00a0\u00bb.<\/p>\n<p>Une coalition fragilis\u00e9e<\/p>\n<p class=\"mb-4 text-lg md:leading-8 break-words\">Sauf surprise majeure, Ursula von der Leyen devrait survivre \u00e0 ces nouvelles motions de confiance, gr\u00e2ce au soutien des trois partis centristes : le Parti populaire europ\u00e9en (PPE), les Socialistes et D\u00e9mocrates (S&amp;D) et les lib\u00e9raux de Renew Europe.<\/p>\n<p class=\"mb-4 text-lg md:leading-8 break-words\">Cette coalition pro-europ\u00e9enne a jou\u00e9 un r\u00f4le fondamental dans <a href=\"https:\/\/fr.news.yahoo.com\/ursula-von-der-leyen-r%C3%A9%C3%A9lue-124501388.html\" data-ylk=\"slk:la r\u00e9\u00e9lection de la cheffe de la Commission;elm:context_link;itc:0;sec:content-canvas;outcm:mb_qualified_link;_E:mb_qualified_link;ct:story;\" class=\"link  yahoo-link\" target=\"_blank\" rel=\"noopener\"><strong>la r\u00e9\u00e9lection de la cheffe de la Commission<\/strong><\/a> \u00e0 l&rsquo;\u00e9t\u00e9 2024, mais des divisions sont depuis apparues en raison du rapprochement du PPE avec l&rsquo;extr\u00eame droite et de la forte pression exerc\u00e9e pour simplifier la r\u00e9glementation.<\/p>\n<p class=\"mb-4 text-lg md:leading-8 break-words\">Malgr\u00e9 leurs diff\u00e9rences marqu\u00e9es, les centristes sont d&rsquo;accord pour dire que le Parlement ne devrait pas banaliser les motions de censure \u00e0 un moment de crises multiples \u00e0 l&rsquo;int\u00e9rieur et \u00e0 l&rsquo;ext\u00e9rieur de l&rsquo;UE.<\/p>\n<p class=\"mb-4 text-lg md:leading-8 break-words\">\u00ab\u00a0Renew Europe ne jouera pas ce jeu bimensuel\u00a0\u00bb, a expliqu\u00e9 Vincent Stuer, porte-parole de Renew Europe. \u00ab\u00a0Nous risquons de d\u00e9grader un instrument dont nous pourrions avoir besoin dans des circonstances bien plus graves. Ce Parlement a d&rsquo;autres choses \u00e0 faire\u00a0\u00bb.<\/p>\n<p><img alt=\"Ursula von der Leyen prononce son discours sur l'\u00e9tat de l'Union au Parlement europ\u00e9en \u00e0 Strasbourg, le mercredi 10 septembre 2025\" loading=\"lazy\" width=\"808\" height=\"539\" decoding=\"async\" data-nimg=\"1\" class=\"rounded-lg\" style=\"color:transparent\" src=\"https:\/\/www.europesays.com\/fr\/wp-content\/uploads\/2025\/10\/68b3b27dbd868e405118ee762b5169ae.jpeg\"\/><\/p>\n<p> Ursula von der Leyen prononce son discours sur l&rsquo;\u00e9tat de l&rsquo;Union au Parlement europ\u00e9en \u00e0 Strasbourg, le mercredi 10 septembre 2025   &#8211; AP Photo\/Pascal Bastien <\/p>\n<p class=\"mb-4 text-lg md:leading-8 break-words\">Les Verts, qui entretiennent une relation ambivalente avec Ursula von der Leyen, devraient la soutenir, m\u00eame si certains de leurs membres pourraient voter en faveur de la motion propos\u00e9e par la gauche.<\/p>\n<p>Un Parlement europ\u00e9en de plus en plus polaris\u00e9<\/p>\n<p class=\"mb-4 text-lg md:leading-8 break-words\">Deux tiers des suffrages exprim\u00e9s &#8211; soit une majorit\u00e9 de 719 eurod\u00e9put\u00e9s &#8211; sont n\u00e9cessaires pour renverser la Commission lors d&rsquo;une motion de censure.<\/p>\n<p class=\"mb-4 text-lg md:leading-8 break-words\">Lors du vote de juillet, 360 \u00e9lus s&rsquo;\u00e9taient prononc\u00e9s contre la destitution d&rsquo;Ursula von der Leyen, 175 pour et 18 abstentions, bien loin du seuil n\u00e9cessaire.<\/p>\n<p class=\"mb-4 text-lg md:leading-8 break-words\">N\u00e9anmoins, la simple existence de ces motions cons\u00e9cutives souligne la polarisation politique \u00e0 laquelle la pr\u00e9sidente de la Commission est confront\u00e9e au cours de son second mandat, alors que l&rsquo;UE fait face \u00e0 une stagnation \u00e9conomique, \u00e0 l&rsquo;invasion russe en Ukraine, \u00e0 l&rsquo;administration Trump, \u00e0 la concurrence chinoise et \u00e0 une d\u00e9sinformation croissante.<\/p>\n<p class=\"mb-4 text-lg md:leading-8 break-words\"><b class=\"c-widget-related__title__text\">Related<\/b><\/p>\n<p class=\"mb-4 text-lg md:leading-8 break-words\">Lors du d\u00e9bat de juillet, la pr\u00e9sidente de la Commission a r\u00e9pliqu\u00e9 \u00e0 ses d\u00e9tracteurs, <a href=\"https:\/\/fr.news.yahoo.com\/face-%C3%A0-motion-censure-ursula-164958191.html\" data-ylk=\"slk:les qualifiant de &quot;marionnettes russes&quot;;elm:context_link;itc:0;sec:content-canvas;outcm:mb_qualified_link;_E:mb_qualified_link;ct:story;\" class=\"link  yahoo-link\" target=\"_blank\" rel=\"noopener\"><strong>les qualifiant de \u00ab\u00a0marionnettes russes\u00a0\u00bb<\/strong><\/a>. Mais elle a \u00e9galement tendu la main pour r\u00e9parer sa relation avec le Parlement et gu\u00e9rir les fractures de sa coalition centriste.<\/p>\n<p class=\"mb-4 text-lg md:leading-8 break-words\">\u00ab\u00a0Je reconnais qu&rsquo;il y a des membres qui n&rsquo;ont peut-\u00eatre pas sign\u00e9 cette motion mais qui ont des pr\u00e9occupations l\u00e9gitimes sur certaines des questions qu&rsquo;elle soul\u00e8ve\u00a0\u00bb, a-t-elle d\u00e9clar\u00e9 aux eurod\u00e9put\u00e9s.<\/p>\n<p class=\"mb-4 text-lg md:leading-8 break-words\">\u00ab\u00a0C&rsquo;est tout \u00e0 fait normal. Cela fait partie de notre d\u00e9mocratie et je serai toujours pr\u00eate \u00e0 d\u00e9battre de toute question souhait\u00e9e par cette Assembl\u00e9e, avec des faits et des arguments\u00a0\u00bb.<\/p>\n<p class=\"mb-4 text-lg md:leading-8 break-words\">Le porte-parole d&rsquo;Ursula von der Leyen a confirm\u00e9 que la pr\u00e9sidente participerait au d\u00e9bat en pl\u00e9ni\u00e8re de lundi et \u00ab\u00a0aurait l&rsquo;occasion d&rsquo;\u00e9couter les questions et d&rsquo;y r\u00e9pondre\u00a0\u00bb. Elle sera accompagn\u00e9e par l&rsquo;ensemble du coll\u00e8ge des commissaires.<\/p>\n","protected":false},"excerpt":{"rendered":"Trois mois apr\u00e8s avoir surv\u00e9cu \u00e0 sa toute premi\u00e8re motion de censure, Ursula von der Leyen doit faire&hellip;\n","protected":false},"author":2,"featured_media":442724,"comment_status":"","ping_status":"","sticky":false,"template":"","format":"standard","meta":{"footnotes":""},"categories":[1586],"tags":[11,75,1777,674,1779,1011,27,56901,49094,17306,26542,12,25,1778,364,2544],"class_list":{"0":"post-442723","1":"post","2":"type-post","3":"status-publish","4":"format-standard","5":"has-post-thumbnail","7":"category-europe","8":"tag-actualites","9":"tag-donald-trump","10":"tag-eu","11":"tag-europe","12":"tag-european-union","13":"tag-fr","14":"tag-france","15":"tag-heure-de-paris","16":"tag-lunion-europeenne-2","17":"tag-les-deux","18":"tag-motion-de-censure","19":"tag-news","20":"tag-republique-francaise","21":"tag-ue","22":"tag-union-europeenne","23":"tag-ursula-von-der-leyen"},"share_on_mastodon":{"url":"https:\/\/pubeurope.com\/@fr\/115326891752928555","error":""},"_links":{"self":[{"href":"https:\/\/www.europesays.com\/fr\/wp-json\/wp\/v2\/posts\/442723","targetHints":{"allow":["GET"]}}],"collection":[{"href":"https:\/\/www.europesays.com\/fr\/wp-json\/wp\/v2\/posts"}],"about":[{"href":"https:\/\/www.europesays.com\/fr\/wp-json\/wp\/v2\/types\/post"}],"author":[{"embeddable":true,"href":"https:\/\/www.europesays.com\/fr\/wp-json\/wp\/v2\/users\/2"}],"replies":[{"embeddable":true,"href":"https:\/\/www.europesays.com\/fr\/wp-json\/wp\/v2\/comments?post=442723"}],"version-history":[{"count":0,"href":"https:\/\/www.europesays.com\/fr\/wp-json\/wp\/v2\/posts\/442723\/revisions"}],"wp:featuredmedia":[{"embeddable":true,"href":"https:\/\/www.europesays.com\/fr\/wp-json\/wp\/v2\/media\/442724"}],"wp:attachment":[{"href":"https:\/\/www.europesays.com\/fr\/wp-json\/wp\/v2\/media?parent=442723"}],"wp:term":[{"taxonomy":"category","embeddable":true,"href":"https:\/\/www.europesays.com\/fr\/wp-json\/wp\/v2\/categories?post=442723"},{"taxonomy":"post_tag","embeddable":true,"href":"https:\/\/www.europesays.com\/fr\/wp-json\/wp\/v2\/tags?post=442723"}],"curies":[{"name":"wp","href":"https:\/\/api.w.org\/{rel}","templated":true}]}}