{"id":442727,"date":"2025-10-06T11:05:11","date_gmt":"2025-10-06T11:05:11","guid":{"rendered":"https:\/\/www.europesays.com\/fr\/442727\/"},"modified":"2025-10-06T11:05:11","modified_gmt":"2025-10-06T11:05:11","slug":"psg-la-sortie-inattendue-de-luis-enrique-sur-lucas-chevalier-apres-lille","status":"publish","type":"post","link":"https:\/\/www.europesays.com\/fr\/442727\/","title":{"rendered":"PSG : la sortie inattendue de Luis Enrique sur Lucas Chevalier apr\u00e8s Lille"},"content":{"rendered":"<p data-testid=\"article-teaser\" class=\"article_teaser__rjxUK\">Apr\u00e8s l\u2019\u00e9galisation lilloise, Lucas Chevalier a \u00e9t\u00e9 s\u00e9rieusement critiqu\u00e9 sur la toile. Luis Enrique, le coach parisien, a surpris en conf\u00e9rence.<\/p>\n<p>De retour au stade Pierre-Mauroy pour la premi\u00e8re fois sous les couleurs parisiennes, Lucas Chevalier s\u2019est retrouv\u00e9 au centre des d\u00e9bats. Auteur d\u2019une prestation correcte mais \u00e9clips\u00e9e par <a href=\"https:\/\/www.goal.com\/fr\/listes\/mbappe-sauve-lille-et-prive-le-psg-de-la-victoire-1-1\/bltc3589bd2cae8461b\" target=\"_self\" rel=\"nofollow noopener\">un but tardif d\u2019Ethan Mbapp\u00e9 (1-1)<\/a>, le gardien de 23 ans a d\u00fb composer avec des critiques sur sa r\u00e9activit\u00e9. Alors que certains pointaient sa responsabilit\u00e9 sur l\u2019\u00e9galisation, Luis Enrique a pris la parole pour d\u00e9fendre son dernier rempart. Le technicien espagnol a livr\u00e9 une analyse directe et sans d\u00e9tour, rappelant la confiance qu\u2019il accorde \u00e0 son gardien. Retour sur une soir\u00e9e riche en \u00e9motions et sur les propos de l\u2019entra\u00eeneur parisien.<\/p>\n","protected":false},"excerpt":{"rendered":"Apr\u00e8s l\u2019\u00e9galisation lilloise, Lucas Chevalier a \u00e9t\u00e9 s\u00e9rieusement critiqu\u00e9 sur la toile. Luis Enrique, le coach parisien, a&hellip;\n","protected":false},"author":2,"featured_media":442728,"comment_status":"","ping_status":"","sticky":false,"template":"","format":"standard","meta":{"footnotes":""},"categories":[2],"tags":[11,1011,27,28965,66,1307,921,12,91,56902,25],"class_list":{"0":"post-442727","1":"post","2":"type-post","3":"status-publish","4":"format-standard","5":"has-post-thumbnail","7":"category-actualites","8":"tag-actualites","9":"tag-fr","10":"tag-france","11":"tag-l-chevalier","12":"tag-ligue-1","13":"tag-lille","14":"tag-luis-enrique","15":"tag-news","16":"tag-paris-saint-germain","17":"tag-q-ndjantou","18":"tag-republique-francaise"},"share_on_mastodon":{"url":"https:\/\/pubeurope.com\/@fr\/115326898884932507","error":""},"_links":{"self":[{"href":"https:\/\/www.europesays.com\/fr\/wp-json\/wp\/v2\/posts\/442727","targetHints":{"allow":["GET"]}}],"collection":[{"href":"https:\/\/www.europesays.com\/fr\/wp-json\/wp\/v2\/posts"}],"about":[{"href":"https:\/\/www.europesays.com\/fr\/wp-json\/wp\/v2\/types\/post"}],"author":[{"embeddable":true,"href":"https:\/\/www.europesays.com\/fr\/wp-json\/wp\/v2\/users\/2"}],"replies":[{"embeddable":true,"href":"https:\/\/www.europesays.com\/fr\/wp-json\/wp\/v2\/comments?post=442727"}],"version-history":[{"count":0,"href":"https:\/\/www.europesays.com\/fr\/wp-json\/wp\/v2\/posts\/442727\/revisions"}],"wp:featuredmedia":[{"embeddable":true,"href":"https:\/\/www.europesays.com\/fr\/wp-json\/wp\/v2\/media\/442728"}],"wp:attachment":[{"href":"https:\/\/www.europesays.com\/fr\/wp-json\/wp\/v2\/media?parent=442727"}],"wp:term":[{"taxonomy":"category","embeddable":true,"href":"https:\/\/www.europesays.com\/fr\/wp-json\/wp\/v2\/categories?post=442727"},{"taxonomy":"post_tag","embeddable":true,"href":"https:\/\/www.europesays.com\/fr\/wp-json\/wp\/v2\/tags?post=442727"}],"curies":[{"name":"wp","href":"https:\/\/api.w.org\/{rel}","templated":true}]}}