{"id":442731,"date":"2025-10-06T11:10:14","date_gmt":"2025-10-06T11:10:14","guid":{"rendered":"https:\/\/www.europesays.com\/fr\/442731\/"},"modified":"2025-10-06T11:10:14","modified_gmt":"2025-10-06T11:10:14","slug":"quelle-moyenne-de-jiff-pour-le-rc-vannes-apres-le-premier-bloc-de-pro-d2","status":"publish","type":"post","link":"https:\/\/www.europesays.com\/fr\/442731\/","title":{"rendered":"Quelle moyenne de JIFF pour le RC Vannes apr\u00e8s le premier bloc de Pro D2\u00a0?"},"content":{"rendered":"<p>Le premier bloc de six matchs en Pro D2 s\u2019est termin\u00e9 avec la victoire \u00e9triqu\u00e9e du RC Vannes \u00e0 Dax. Avec quatre victoires, un nul et une d\u00e9faite, le RCV se classe deuxi\u00e8me malgr\u00e9 quatre d\u00e9placements. Le bilan comptable est donc excellent. Mais qu\u2019en est-il de sa moyenne de <a href=\"https:\/\/www.letelegramme.fr\/sports\/rugby\/jiff-au-rugby-ca-change-quoi-en-top-14-et-en-pro-d2-6623376.php\" target=\"_blank\" rel=\"nofollow noopener\">JIFF (Joueur issu des fili\u00e8res de formation)<\/a> ?<\/p>\n<p>Pour rappel, les Morbihannais sont tenus de conclure la saison (matchs de phase finale inclus) avec une moyenne d\u2019au moins 16 JIFF, sous peine de retrait de points pour la saison suivante.<\/p>\n<p>Apr\u00e8s six matchs, le RC Vannes poss\u00e8de une moyenne de 15,5*. Il est donc en dessous du minimum obligatoire de peu. Les Bretons ont un retard de trois JIFF \u00e0 rattraper sur la suite de la saison. Pas d\u2019inqui\u00e9tude donc, ils devraient rentrer dans les clous progressivement au cours de la saison.<\/p>\n<p class=\"tech\">*15 \u00e0 Brive, contre Soyaux Angoul\u00eame, contre Provence Rugby et \u00e0 Aurillac, 16 \u00e0 Mont-de-Marsan et 17 \u00e0 Dax<\/p>\n","protected":false},"excerpt":{"rendered":"Le premier bloc de six matchs en Pro D2 s\u2019est termin\u00e9 avec la victoire \u00e9triqu\u00e9e du RC Vannes&hellip;\n","protected":false},"author":2,"featured_media":442732,"comment_status":"","ping_status":"","sticky":false,"template":"","format":"standard","meta":{"footnotes":""},"categories":[1416],"tags":[1011,27,2308,3164,3167,479,1468,60,3165],"class_list":{"0":"post-442731","1":"post","2":"type-post","3":"status-publish","4":"format-standard","5":"has-post-thumbnail","7":"category-rugby","8":"tag-fr","9":"tag-france","10":"tag-pro-d2","11":"tag-rc-vannes","12":"tag-rcv","13":"tag-rugby","14":"tag-rugby-football","15":"tag-sports","16":"tag-vannes"},"share_on_mastodon":{"url":"https:\/\/pubeurope.com\/@fr\/115326918558978111","error":""},"_links":{"self":[{"href":"https:\/\/www.europesays.com\/fr\/wp-json\/wp\/v2\/posts\/442731","targetHints":{"allow":["GET"]}}],"collection":[{"href":"https:\/\/www.europesays.com\/fr\/wp-json\/wp\/v2\/posts"}],"about":[{"href":"https:\/\/www.europesays.com\/fr\/wp-json\/wp\/v2\/types\/post"}],"author":[{"embeddable":true,"href":"https:\/\/www.europesays.com\/fr\/wp-json\/wp\/v2\/users\/2"}],"replies":[{"embeddable":true,"href":"https:\/\/www.europesays.com\/fr\/wp-json\/wp\/v2\/comments?post=442731"}],"version-history":[{"count":0,"href":"https:\/\/www.europesays.com\/fr\/wp-json\/wp\/v2\/posts\/442731\/revisions"}],"wp:featuredmedia":[{"embeddable":true,"href":"https:\/\/www.europesays.com\/fr\/wp-json\/wp\/v2\/media\/442732"}],"wp:attachment":[{"href":"https:\/\/www.europesays.com\/fr\/wp-json\/wp\/v2\/media?parent=442731"}],"wp:term":[{"taxonomy":"category","embeddable":true,"href":"https:\/\/www.europesays.com\/fr\/wp-json\/wp\/v2\/categories?post=442731"},{"taxonomy":"post_tag","embeddable":true,"href":"https:\/\/www.europesays.com\/fr\/wp-json\/wp\/v2\/tags?post=442731"}],"curies":[{"name":"wp","href":"https:\/\/api.w.org\/{rel}","templated":true}]}}