{"id":442735,"date":"2025-10-06T11:14:13","date_gmt":"2025-10-06T11:14:13","guid":{"rendered":"https:\/\/www.europesays.com\/fr\/442735\/"},"modified":"2025-10-06T11:14:13","modified_gmt":"2025-10-06T11:14:13","slug":"elise-mertens-se-qualifie-pour-le-deuxieme-tour-a-wuhan","status":"publish","type":"post","link":"https:\/\/www.europesays.com\/fr\/442735\/","title":{"rendered":"Elise Mertens se qualifie pour le deuxi\u00e8me tour \u00e0 Wuhan"},"content":{"rendered":"<p>Mertens, 21e mondiale, s&rsquo;est impos\u00e9e en deux sets 7-6 (7\/5), 6-3 contre la Russe<strong> Polina Kudermetova<\/strong>, 73e mondiale et issue des qualifications. La rencontre a dur\u00e9 1 heure et 54 minutes.<\/p>\n<p>Au deuxi\u00e8me tour, la N.1 belge sera oppos\u00e9e \u00e0 la Suissesse <strong>Belinda Bencic<\/strong>, 15e mondiale et t\u00eate de s\u00e9rie N.13, ou \u00e0 la Croate Donna Vekic (WTA 71).<\/p>\n<p>Seule Belge engag\u00e9e dans le tournoi, Mertens dispute \u00e9galement le double aux c\u00f4t\u00e9s de la Russe Veronika Kudermetova, la grande s\u0153ur de Polina.<\/p>\n<p>Le duo forme la paire t\u00eate de s\u00e9rie N.2 et est exempt\u00e9 de premier tour. La Limbourgeoise avait remport\u00e9 le double \u00e0 Wuhan en 2018, avec la N\u00e9erlandaise Demi Schuurs.<\/p>\n<p>Mertens reste sur une \u00e9limination au deuxi\u00e8me tour en simple et en double au tournoi WTA 1000 de P\u00e9kin.<\/p>\n","protected":false},"excerpt":{"rendered":"Mertens, 21e mondiale, s&rsquo;est impos\u00e9e en deux sets 7-6 (7\/5), 6-3 contre la Russe Polina Kudermetova, 73e mondiale&hellip;\n","protected":false},"author":2,"featured_media":442736,"comment_status":"","ping_status":"","sticky":false,"template":"","format":"standard","meta":{"footnotes":""},"categories":[1412],"tags":[1451,1452,1453,1454,1455,1011,27,60],"class_list":{"0":"post-442735","1":"post","2":"type-post","3":"status-publish","4":"format-standard","5":"has-post-thumbnail","7":"category-f1","8":"tag-f1","9":"tag-formula-1","10":"tag-formula1","11":"tag-formule-1","12":"tag-formule1","13":"tag-fr","14":"tag-france","15":"tag-sports"},"share_on_mastodon":{"url":"https:\/\/pubeurope.com\/@fr\/115326934247387546","error":""},"_links":{"self":[{"href":"https:\/\/www.europesays.com\/fr\/wp-json\/wp\/v2\/posts\/442735","targetHints":{"allow":["GET"]}}],"collection":[{"href":"https:\/\/www.europesays.com\/fr\/wp-json\/wp\/v2\/posts"}],"about":[{"href":"https:\/\/www.europesays.com\/fr\/wp-json\/wp\/v2\/types\/post"}],"author":[{"embeddable":true,"href":"https:\/\/www.europesays.com\/fr\/wp-json\/wp\/v2\/users\/2"}],"replies":[{"embeddable":true,"href":"https:\/\/www.europesays.com\/fr\/wp-json\/wp\/v2\/comments?post=442735"}],"version-history":[{"count":0,"href":"https:\/\/www.europesays.com\/fr\/wp-json\/wp\/v2\/posts\/442735\/revisions"}],"wp:featuredmedia":[{"embeddable":true,"href":"https:\/\/www.europesays.com\/fr\/wp-json\/wp\/v2\/media\/442736"}],"wp:attachment":[{"href":"https:\/\/www.europesays.com\/fr\/wp-json\/wp\/v2\/media?parent=442735"}],"wp:term":[{"taxonomy":"category","embeddable":true,"href":"https:\/\/www.europesays.com\/fr\/wp-json\/wp\/v2\/categories?post=442735"},{"taxonomy":"post_tag","embeddable":true,"href":"https:\/\/www.europesays.com\/fr\/wp-json\/wp\/v2\/tags?post=442735"}],"curies":[{"name":"wp","href":"https:\/\/api.w.org\/{rel}","templated":true}]}}