{"id":442737,"date":"2025-10-06T11:16:14","date_gmt":"2025-10-06T11:16:14","guid":{"rendered":"https:\/\/www.europesays.com\/fr\/442737\/"},"modified":"2025-10-06T11:16:14","modified_gmt":"2025-10-06T11:16:14","slug":"convoque-pour-la-premiere-fois-en-equipe-de-france-son-reve-de-gosse-mateta-un-bleu-qui-vient-et-part-de-loin-lequipe","status":"publish","type":"post","link":"https:\/\/www.europesays.com\/fr\/442737\/","title":{"rendered":"Convoqu\u00e9 pour la premi\u00e8re fois en \u00e9quipe de France, \u00ab son r\u00eave de gosse \u00bb, Mateta, un Bleu qui vient (et part) de loin &#8211; L&#039;\u00c9quipe"},"content":{"rendered":"<ol>\n<li><a href=\"https:\/\/news.google.com\/rss\/articles\/CBMinAJBVV95cUxOSHVwcUpnanp4ZVZXbTFEQ2ZCWTJLbWpkLXJrNnJneEZEQ0dBZ01oWS1ubTFoLWRtaWp1bWlUMERodV9LSTgyVDRucjNlNVZrYlkybWk4YTE0cVJVNGhWMjBYRWVXTnQzcV85a3hJSTA3ZW93Z0dHbVlXMGV1WGZaX3FmOWsxeEZqX2pDYjF2Qm9rZV94YlpHTGYyNFRBbzV5QTkxVVRDZFBMYjJDZ1FRd0t6aXV4cV9wRnVvOHloNVBkU00tZlN6c2NmRURBUDFZUW9DR2VyRjViV2hwSmh0YjR4T0FqWW92RGx2ZjhzZm1fbnFrT0l1amFWYk5EMWVjR2MyQUV1Y1JaS1RmN3o4SmtLMUxoYjJXR3Rleg?oc=5\" target=\"_blank\" rel=\"nofollow noopener\">Convoqu\u00e9 pour la premi\u00e8re fois en \u00e9quipe de France, \u00ab son r\u00eave de gosse \u00bb, Mateta, un Bleu qui vient (et part) de loin<\/a>&nbsp;&nbsp;L&rsquo;\u00c9quipe<\/li>\n<li><a href=\"https:\/\/news.google.com\/rss\/articles\/CBMi9gFBVV95cUxOTTVncUdIcVFjTUxDTlRGUnFHeDZiN1lqUk5jdVhzX0VvNW9Xbi1jbUE1alZPRjNGSVhWZDNqN1hheGhyZ0lDOTNDbTBieFY3VjNPNVFSSEhibTkwMUFfaVpDTUdpTjAwUklMOUNwTHk3RDlSbllvYlhBMk9uNUZaUl93WHptVGdsdEFaSE5ENGVkOGJRX2VDTFAxYkZLZmRpQmdvNG52V0hWZnU1a2dlQUZzU1N3aldKdjVsZ016bHI2dVFuaEJYSWZLOU0zRUVUQlo0TnIzUHZQZ3BzLUZQdGpadDItWmcxLWZmSzJaOVF6TGIwbEE?oc=5\" target=\"_blank\" rel=\"nofollow noopener\">Mondial 2026, post-pol\u00e9mique Demb\u00e9l\u00e9\/PSG, Mateta le bizuth\u2026 5 questions sur le rassemblement des Bleus<\/a>&nbsp;&nbsp;Le Figaro<\/li>\n<li><a href=\"https:\/\/news.google.com\/rss\/articles\/CBMijAJBVV95cUxPY2RNRldoaXc1aUJVNEQzT01nU3NOZWE4SFZabS02ZUR4aG1KdDRSR1JZaVdpdjR0WHdoNGtfczdGYmcybGswc0JiQkswNFpKNXd4UGlzd3U1T2x2enVDOG1PNnNOdzdKdW12SDlqWnNYWGxaOVJOeGxONDVWdGhINzRRb0hmbmcyN1hCSHAxdm92Q3Z4bHVlS0F4VE0xLVpZZmt1WjJvdlpwaGRMQjE4M0xMWk9GT1RXazBIbXFPNUJvYTRxY2ZicXVoSGpXbG5UeEZGR2J1elZrcERGRWpGUy1DaFhTSVFLVmcweDdwcXRGVXZqSTVJWTkwbUpZc25kNHZ2ZjZ0em0zS1p5?oc=5\" target=\"_blank\" rel=\"nofollow noopener\">DIRECT. Equipe de France: toutes les infos sur les Bleus dans les qualifications pour la Coupe du monde 2026<\/a>&nbsp;&nbsp;RMC Sport<\/li>\n<li><a href=\"https:\/\/news.google.com\/rss\/articles\/CBMimwJBVV95cUxOSmtiQTh0VHozV1E2NjdLMTA2ZUZnVE5KQzZaRkFQN241SlJSYkRsN1pKYWFoVkc3OEZ2Y2g3bFZaa3poRFlCV2tQTU9kaVpLM240TEFSSllzQVRkYXNxZUFCS21NU0JQWVZfc3JCVllZbUNQOGxtYmlKYlFRVG1oblVucHZYNmRFczRoZnJDaTV6b2VqNFpva3BKaEc4cVpza2RQbXNjQ2s2cW1iZUJoaHBZeW5mel8xeThuM1NlVnlIWjhNQUlITmhTbnpwT3Vfbk5KR01fZTlaN1ZsZDRNRlJLYUY1aU9YUDJwREYwVXdJM2k2TEFraHVDT0x3c3VVanFpalFMOXo4bUU4Q0x4OGRpQzZWVVFTbU80?oc=5\" target=\"_blank\" rel=\"nofollow noopener\">\u00c9quipe de France. Programme, horaires, enjeux, diffusion\u2026 Tout savoir sur le rassemblement des Bleus<\/a>&nbsp;&nbsp;Ouest-France<\/li>\n<li><a href=\"https:\/\/news.google.com\/rss\/articles\/CBMipAFBVV95cUxQUmQxZU56SVVrc1VNY1RwUFhlU3JuTFVaanFJUWZDdURHeGxram1BSUo3NG4tWmRGZ0FxblR3Qmc1UVg1RV95VlBzWUJHekZEZjNla2NhbkpRVnpDRnVNMXVYN2VEU2VfMXdHdTdRZWtoT2FUaWlWdXQ5TDJBVnNZLWZPbHJGN0NwWlhJdkxFUzF2SjZmSm5yeDVyVzlLakRueExkTw?oc=5\" target=\"_blank\" rel=\"nofollow noopener\">\u00c9quipe de France : Eduardo Camavinga va jouer tr\u00e8s gros<\/a>&nbsp;&nbsp;Foot Mercato<\/li>\n<\/ol>\n","protected":false},"excerpt":{"rendered":"Convoqu\u00e9 pour la premi\u00e8re fois en \u00e9quipe de France, \u00ab son r\u00eave de gosse \u00bb, Mateta, un Bleu&hellip;\n","protected":false},"author":2,"featured_media":442738,"comment_status":"","ping_status":"","sticky":false,"template":"","format":"standard","meta":{"footnotes":""},"categories":[1410],"tags":[63,1011,27,60],"class_list":{"0":"post-442737","1":"post","2":"type-post","3":"status-publish","4":"format-standard","5":"has-post-thumbnail","7":"category-football","8":"tag-football","9":"tag-fr","10":"tag-france","11":"tag-sports"},"share_on_mastodon":{"url":"https:\/\/pubeurope.com\/@fr\/115326942191851074","error":""},"_links":{"self":[{"href":"https:\/\/www.europesays.com\/fr\/wp-json\/wp\/v2\/posts\/442737","targetHints":{"allow":["GET"]}}],"collection":[{"href":"https:\/\/www.europesays.com\/fr\/wp-json\/wp\/v2\/posts"}],"about":[{"href":"https:\/\/www.europesays.com\/fr\/wp-json\/wp\/v2\/types\/post"}],"author":[{"embeddable":true,"href":"https:\/\/www.europesays.com\/fr\/wp-json\/wp\/v2\/users\/2"}],"replies":[{"embeddable":true,"href":"https:\/\/www.europesays.com\/fr\/wp-json\/wp\/v2\/comments?post=442737"}],"version-history":[{"count":0,"href":"https:\/\/www.europesays.com\/fr\/wp-json\/wp\/v2\/posts\/442737\/revisions"}],"wp:featuredmedia":[{"embeddable":true,"href":"https:\/\/www.europesays.com\/fr\/wp-json\/wp\/v2\/media\/442738"}],"wp:attachment":[{"href":"https:\/\/www.europesays.com\/fr\/wp-json\/wp\/v2\/media?parent=442737"}],"wp:term":[{"taxonomy":"category","embeddable":true,"href":"https:\/\/www.europesays.com\/fr\/wp-json\/wp\/v2\/categories?post=442737"},{"taxonomy":"post_tag","embeddable":true,"href":"https:\/\/www.europesays.com\/fr\/wp-json\/wp\/v2\/tags?post=442737"}],"curies":[{"name":"wp","href":"https:\/\/api.w.org\/{rel}","templated":true}]}}