{"id":442747,"date":"2025-10-06T11:25:11","date_gmt":"2025-10-06T11:25:11","guid":{"rendered":"https:\/\/www.europesays.com\/fr\/442747\/"},"modified":"2025-10-06T11:25:11","modified_gmt":"2025-10-06T11:25:11","slug":"lea-salame-morte-de-rire-ironise-sur-son-interview-avec-marion-cotillard-dans-quelle-epoque","status":"publish","type":"post","link":"https:\/\/www.europesays.com\/fr\/442747\/","title":{"rendered":"L\u00e9a Salam\u00e9, morte de rire, ironise sur son interview avec Marion Cotillard dans \u00abQuelle \u00e9poque !\u00bb"},"content":{"rendered":"<p>La pr\u00e9sentatrice du talk-show a fait un clin d\u2019\u0153il humoristique sur son interview de l\u2019actrice qui avait fait pol\u00e9mique au journal t\u00e9l\u00e9vis\u00e9 de France 2, il y a deux semaines.<\/p>\n<p class=\"fig-paragraph\">Il y a deux semaines,\u00a0<a href=\"https:\/\/www.lefigaro.fr\/tag\/lea-salame\" target=\"_blank\" rel=\"noopener\" data-gtm-custom-categorie=\"navigation\" data-gtm-custom-action=\"crossclick\" data-gtm-custom-label=\"Contextuel\" data-gtm-event=\"customEventSPE\"><strong>L\u00e9a Salam\u00e9<\/strong><\/a> \u00a0avait cr\u00e9\u00e9 la pol\u00e9mique en posant une question personnelle \u00e0\u00a0<a href=\"https:\/\/www.lefigaro.fr\/tag\/marion-cotillard\" target=\"_blank\" rel=\"noopener\" data-gtm-custom-categorie=\"navigation\" data-gtm-custom-action=\"crossclick\" data-gtm-custom-label=\"Contextuel\" data-gtm-event=\"customEventSPE\">Marion Cotillard<\/a>\u00a0lors du journal t\u00e9l\u00e9vis\u00e9 de\u00a0<a href=\"https:\/\/tvmag.lefigaro.fr\/programme-tv\/chaine\/4\/tous-les-programmes-de-france-2\" target=\"_blank\" rel=\"noopener\" data-gtm-custom-categorie=\"navigation\" data-gtm-custom-action=\"crossclick\" data-gtm-custom-label=\"Contextuel\" data-gtm-event=\"customEventSPE\">France 2<\/a>. Si l\u2019eau a coul\u00e9 depuis sous les ponts, l\u2019animatrice s\u2019est fait rattraper par ce fait d\u2019armes sur le plateau de \u00abQuelle \u00e9poque\u00a0!\u00bb, ce samedi 4 octobre. Une allusion qu\u2019elle a prise avec humour.<\/p>\n<p class=\"fig-paragraph\">L\u2019animatrice recevait plusieurs personnalit\u00e9s du monde du cin\u00e9ma et de la musique dont les com\u00e9diens\u00a0<a href=\"https:\/\/www.lefigaro.fr\/tag\/elsa-zylberstein\" target=\"_blank\" rel=\"noopener\" data-gtm-custom-categorie=\"navigation\" data-gtm-custom-action=\"crossclick\" data-gtm-custom-label=\"Contextuel\" data-gtm-event=\"customEventSPE\">Elsa Zylberstein<\/a>\u00a0et\u00a0<a href=\"https:\/\/www.lefigaro.fr\/tag\/didier-bourdon\" target=\"_blank\" rel=\"noopener\" data-gtm-custom-categorie=\"navigation\" data-gtm-custom-action=\"crossclick\" data-gtm-custom-label=\"Contextuel\" data-gtm-event=\"customEventSPE\">Didier Bourdon<\/a>, venus pr\u00e9senter le film C\u2019\u00e9tait mieux demain ou encore la chanteuse Rita Ora. Autre star internationale venue ce soir-l\u00e0 sur le plateau, le com\u00e9dien\u00a0<a href=\"http:\/\/tvmag.lefigaro.fr\/programme-tv\/series\/fabien-frankel-l-itineraire-tenace-du-chevalier-honni-de-house-of-the-dragon-20240810\" target=\"_blank\" data-fig-type=\"Article\" rel=\"noopener\" data-gtm-custom-categorie=\"navigation\" data-gtm-custom-action=\"crossclick\" data-gtm-custom-label=\"Contextuel\" data-gtm-event=\"customEventSPE\" data-fig-domain=\"TVMAG\"><strong>Fabien Frankel<\/strong><\/a>, vu dans House of the Dragon, s\u00e9rie d\u00e9riv\u00e9e de Game of Thrones ou Le Serpent.<\/p>\n<p class=\"fig-body-link\">\n            \u00c0 lire aussi<br \/>\n        <a class=\"fig-body-link__link\" href=\"http:\/\/tvmag.lefigaro.fr\/programme-tv\/actu-tele\/la-question-venait-de-lea-salame-isabelle-ithurburu-vivement-critiquee-apres-son-interview-de-dorothee-20251004\" target=\"_blank\" data-fig-type=\"Article\" rel=\"noopener\" data-gtm-custom-categorie=\"navigation\" data-gtm-custom-action=\"crossclick\" data-gtm-custom-label=\"Contextuel\" data-gtm-event=\"customEventSPE\" data-fig-domain=\"TVMAG\">\u00abLa question venait de L\u00e9a Salam\u00e9\u00a0?\u00bb\u00a0: Isabelle Ithurburu vivement critiqu\u00e9e apr\u00e8s son interview de Doroth\u00e9e<br \/>\n    <\/a>\n<\/p>\n<p>                                    <a class=\"fig-a11y-skip a11y-hidden\" href=\"#fig-a11y-skip-main-inarticle\"><br \/>\n        Passer la publicit\u00e9<br \/>\n    <\/a><\/p>\n<p class=\"fig-paragraph\">L\u2019acteur de 31 ans, n\u00e9 \u00e0 Londres d\u2019une m\u00e8re fran\u00e7aise et d\u2019un p\u00e8re britannique, venait parler de la s\u00e9rie polici\u00e8re Task diffus\u00e9e sur HBO dans laquelle il partage l\u2019affiche avec\u00a0<a href=\"https:\/\/www.lefigaro.fr\/tag\/mark-ruffalo\" target=\"_blank\" rel=\"noopener\" data-gtm-custom-categorie=\"navigation\" data-gtm-custom-action=\"crossclick\" data-gtm-custom-label=\"Contextuel\" data-gtm-event=\"customEventSPE\">Mark Ruffalo<\/a>. \u00ab Il est tr\u00e8s charmant, tr\u00e8s talentueux et en plus il parle tr\u00e8s bien fran\u00e7ais\u00a0\u00bb, a d\u00e9clar\u00e9 L\u00e9a Salam\u00e9 \u00e0 l\u2019antenne pour le pr\u00e9senter.<\/p>\n<p class=\"fig-paragraph\">\u00ab \u00catre acteur, cela vous vient de votre famille, \u00e7a coule dans votre sang, votre p\u00e8re \u00e9tait un acteur et vous l\u2019avez perdu \u00e0 l\u2019\u00e2ge de deux ans et l\u00e0, vous vous \u00eates senti comme une transmission que vous deviez passer\u00a0?\u00a0\u00bb, l\u2019a questionn\u00e9 l\u2019animatrice. \u00ab Oui, certainement. Il y a peut-\u00eatre quelque chose en moi qui veut finir ce qu\u2019il a commenc\u00e9. Il est mort tr\u00e8s tr\u00e8s jeune, il avait 34 ans. Je m\u2019approche de son \u00e2ge il y a quelque chose en moi qui veut lui faire plaisir et le rendre fier aussi\u00a0\u00bb, a r\u00e9pondu l\u2019acteur.<\/p>\n<p class=\"fig-paragraph\">L\u00e9a Salam\u00e9 a continu\u00e9 en \u00e9voquant la vocation de Fabien Frankel pour la com\u00e9die. \u00ab Quand vous \u00eates jeune, vous dites \u00e0 votre m\u00e8re \u201cJ\u2019aimerais bien faire acteur\u201d et, l\u00e0, elle vous dit \u201cTu connais quoi au cin\u00e9ma\u00a0?\u201d et vous, vous ne connaissiez rien&#8230;\u00bb, a expliqu\u00e9 la pr\u00e9sentatrice. \u00ab Ce n\u2019est pas que je ne connaissais rien, j\u2019avais les films de ma jeunesse mais je ne connaissais pas vraiment le cin\u00e9ma fran\u00e7ais, europ\u00e9en au grand cin\u00e9ma am\u00e9ricain. Elle m\u2019a donn\u00e9 le livre Les mille films \u00e0 voir avant de mourir. Je n\u2019en ai pas vu 1000 mais une centaine et j\u2019essaye de continuer \u00e0 regarder autant de films que je peux pour am\u00e9liorer ce que je connais au cin\u00e9ma\u00a0\u00bb, a-t-il pr\u00e9cis\u00e9.<\/p>\n<p class=\"fig-body-link\">\n            \u00c0 lire aussi<br \/>\n        <a class=\"fig-body-link__link\" href=\"http:\/\/tvmag.lefigaro.fr\/programme-tv\/actu-tele\/claire-chazal-je-trouve-absurde-et-disproportionnee-l-avalanche-de-critiques-contre-lea-salame-20251002\" target=\"_blank\" data-fig-type=\"Article\" rel=\"noopener\" data-gtm-custom-categorie=\"navigation\" data-gtm-custom-action=\"crossclick\" data-gtm-custom-label=\"Contextuel\" data-gtm-event=\"customEventSPE\" data-fig-domain=\"TVMAG\">Claire Chazal\u00a0: \u00abJe trouve absurde et disproportionn\u00e9e l\u2019avalanche de critiques contre L\u00e9a Salam\u00e9\u00bb<br \/>\n    <\/a>\n<\/p>\n<p class=\"fig-paragraph\">L\u2019animatrice a ensuite encha\u00een\u00e9 sur les acteurs fran\u00e7ais. \u00ab Vous connaissez qui\u00a0? Vous aimez bien qui\u00a0?\u00a0\u00bb, l\u2019a-t-elle interrog\u00e9. \u00ab Belmondo, bien s\u00fbr Tahar (Rahim, NDLR), Marion Cotillard, Vincent Cassel, je ne sais pas il y en a plein, Romain Duris, L\u00e9a Seydoux&#8230;\u00a0\u00bb, a-t-il \u00e9num\u00e9r\u00e9. \u00ab Ah oui, vous connaissez bien\u00a0\u00bb, s\u2019est enthousiasm\u00e9e l\u2019animatrice avant que\u00a0<a href=\"https:\/\/www.lefigaro.fr\/tag\/paul-de-saint-sernin\" target=\"_blank\" rel=\"noopener\" data-gtm-custom-categorie=\"navigation\" data-gtm-custom-action=\"crossclick\" data-gtm-custom-label=\"Contextuel\" data-gtm-event=\"customEventSPE\">Paul de Saint Sernin<\/a>\u00a0ne prenne la parole.<\/p>\n<p class=\"fig-paragraph\">\u00ab Juste Fabien, comme tu la connais bien, est-ce qu\u2019elle va bien Marion Cotillard\u00a0?\u00a0\u00bb, a-t-il demand\u00e9, mutin. \u00ab Oh non\u00a0!\u00a0\u00bb, s\u2019est exclam\u00e9e L\u00e9a Salam\u00e9 tandis que Fabien Frankel a souri en se frottant nerveusement le cou. \u00ab Non\u00a0! On arr\u00eate avec \u00e7a\u00a0\u00bb, s\u2019est encore amus\u00e9e l\u2019animatrice. Le com\u00e9dien, mort de rire, a tenu quand m\u00eame \u00e0 r\u00e9pondre. \u00ab Elle va bien, elle va tr\u00e8s bien merci\u00a0\u00bb, a-t-il d\u00e9clar\u00e9 avec humour.<\/p>\n<p>                                    <a class=\"fig-a11y-skip a11y-hidden\" href=\"#fig-a11y-skip-main-inarticle_mtf\"><br \/>\n        Passer la publicit\u00e9<br \/>\n    <\/a><\/p>\n<p class=\"fig-paragraph\">L\u00e9a Salam\u00e9 a alors \u00e9clat\u00e9 d\u2019un grand rire et n\u2019a pas pu s\u2019emp\u00eacher de r\u00e9torquer \u00ab Et vous\u00a0?\u00a0\u00bb\u00a0<a href=\"http:\/\/tvmag.lefigaro.fr\/programme-tv\/people\/et-vous-ca-va-malaise-entre-lea-salame-et-marion-cotillard-apres-une-question-sur-guillaume-canet-20250915\" target=\"_blank\" data-fig-type=\"Article\" rel=\"noopener\" data-gtm-custom-categorie=\"navigation\" data-gtm-custom-action=\"crossclick\" data-gtm-custom-label=\"Contextuel\" data-gtm-event=\"customEventSPE\" data-fig-domain=\"TVMAG\">en r\u00e9f\u00e9rence \u00e0 la r\u00e9ponse que lui avait faite Marion Cotillard apr\u00e8s sa question sur son divorce avec Guillaume Canet<\/a>. Avant d\u2019encha\u00eener avec \u00ab Non, je d\u00e9conne\u00a0!\u00a0\u00bb. La pr\u00e9sentatrice a ensuite repris son s\u00e9rieux pour terminer son entretien.<\/p>\n","protected":false},"excerpt":{"rendered":"La pr\u00e9sentatrice du talk-show a fait un clin d\u2019\u0153il humoristique sur son interview de l\u2019actrice qui avait fait&hellip;\n","protected":false},"author":2,"featured_media":442748,"comment_status":"","ping_status":"","sticky":false,"template":"","format":"standard","meta":{"footnotes":""},"categories":[8],"tags":[58,59,1011,27,594,3806,17798],"class_list":{"0":"post-442747","1":"post","2":"type-post","3":"status-publish","4":"format-standard","5":"has-post-thumbnail","7":"category-divertissement","8":"tag-divertissement","9":"tag-entertainment","10":"tag-fr","11":"tag-france","12":"tag-france-2","13":"tag-lea-salame","14":"tag-paul-de-saint-sernin"},"share_on_mastodon":{"url":"https:\/\/pubeurope.com\/@fr\/115326977585917863","error":""},"_links":{"self":[{"href":"https:\/\/www.europesays.com\/fr\/wp-json\/wp\/v2\/posts\/442747","targetHints":{"allow":["GET"]}}],"collection":[{"href":"https:\/\/www.europesays.com\/fr\/wp-json\/wp\/v2\/posts"}],"about":[{"href":"https:\/\/www.europesays.com\/fr\/wp-json\/wp\/v2\/types\/post"}],"author":[{"embeddable":true,"href":"https:\/\/www.europesays.com\/fr\/wp-json\/wp\/v2\/users\/2"}],"replies":[{"embeddable":true,"href":"https:\/\/www.europesays.com\/fr\/wp-json\/wp\/v2\/comments?post=442747"}],"version-history":[{"count":0,"href":"https:\/\/www.europesays.com\/fr\/wp-json\/wp\/v2\/posts\/442747\/revisions"}],"wp:featuredmedia":[{"embeddable":true,"href":"https:\/\/www.europesays.com\/fr\/wp-json\/wp\/v2\/media\/442748"}],"wp:attachment":[{"href":"https:\/\/www.europesays.com\/fr\/wp-json\/wp\/v2\/media?parent=442747"}],"wp:term":[{"taxonomy":"category","embeddable":true,"href":"https:\/\/www.europesays.com\/fr\/wp-json\/wp\/v2\/categories?post=442747"},{"taxonomy":"post_tag","embeddable":true,"href":"https:\/\/www.europesays.com\/fr\/wp-json\/wp\/v2\/tags?post=442747"}],"curies":[{"name":"wp","href":"https:\/\/api.w.org\/{rel}","templated":true}]}}