{"id":442749,"date":"2025-10-06T11:26:10","date_gmt":"2025-10-06T11:26:10","guid":{"rendered":"https:\/\/www.europesays.com\/fr\/442749\/"},"modified":"2025-10-06T11:26:10","modified_gmt":"2025-10-06T11:26:10","slug":"michel-mayor-et-didier-queloz-lastrophysique-vit-un-age-dor-le-monde-fr","status":"publish","type":"post","link":"https:\/\/www.europesays.com\/fr\/442749\/","title":{"rendered":"Michel Mayor et Didier Queloz : \u00ab L\u2019astrophysique vit un \u00e2ge d\u2019or \u00bb &#8211; Le Monde.fr"},"content":{"rendered":"<ol>\n<li><a href=\"https:\/\/news.google.com\/rss\/articles\/CBMizgFBVV95cUxNYVc5UVlYdjd3NW4xZzJzR2wza2RmTWVQV1M2OXR3REptRmVhWVlLRW5UNGI1YzJSRGdRNGhub2ZuMkQ1MW10QUUtTm5EMDU4Rkh6ak9CSC11aGd5RFZoTG1hZklfRHNmTkdMUmlaYXN5dFlnc1JLUDl5UExiTkdvVFdmdG5CRWZKNGFNaDFYTFl0RVFmZVY2NENoM2luWW5PMGNSamhPcVVrU2I3NXFJY0d2V1hXaXpXZWVpX0diM0VfeE1KNk1PaUtlSHdhdw?oc=5\" target=\"_blank\" rel=\"nofollow noopener\">Michel Mayor et Didier Queloz : \u00ab L\u2019astrophysique vit un \u00e2ge d\u2019or \u00bb<\/a>&nbsp;&nbsp;Le Monde.fr<\/li>\n<li><a href=\"https:\/\/news.google.com\/rss\/articles\/CBMiwAJBVV95cUxPNDA0M2VkSHJKRHIxdmVFTkpDM3lVRGd0aU54OEVlZTQ5VXpla1pLQVZCMjBzMlBoY2JHdG1yQW9ZNTNMbDZLX2NVdVA1ZjVUZmJ2SVo0LXo5SWg1RTRMQnZqRE4wSjgxdFFlUHc0OTVNemE0cVNOWGR6Tk1PVFZtdlJNMlNqZFUyV3hmMDk5cTBQRW9nSmZSRXp6ejdEbFJyNmlLS2dSeDBxQVJIM3pNNTltMDFVYUV2aERiSy1lODBKSDU5ZERpa1VkU2txY3BPQU45VngtQlg3ODJvS0MzOWRlY3h4V05CTFBVR0JFaWJkQmF1djd6REUxS0d1ekQzbkhMbHJVbEd4aGpweUhwaWQyelJ0LV9aN2RnUjEwenhiNmZQRy1wR0NTd0dlWHpJTFVuVVNIelhkV0VNLTJZZw?oc=5\" target=\"_blank\" rel=\"nofollow noopener\">Des plan\u00e8tes oc\u00e9ans, gazeuses ou br\u00fblantes\u2026 Comment notre vision de l&rsquo;Univers a chang\u00e9, trente ans apr\u00e8s la d\u00e9couverte de la premi\u00e8re exoplan\u00e8te<\/a>&nbsp;&nbsp;France Info<\/li>\n<li><a href=\"https:\/\/news.google.com\/rss\/articles\/CBMiiwFBVV95cUxQU3l0OExBZ3dHX21jWnVrVzlaOGgzbE10OVFFcXdYSTNoMFRJM1Nrc1p4UUlLSGhOdnJhd1RKOGZ6cWNTQ1FReDdFcnpCU1QxdkxIb2FobFJoM0wtOEhQcmZXWlVSNm1LR1hBbDNkdzdnZ0wzU2hJbW5XN2xJN0hCckh0bGRjZW1heWZj?oc=5\" target=\"_blank\" rel=\"nofollow noopener\">Il y a 30 ans, le monde d\u00e9couvrait la premi\u00e8re plan\u00e8te extrasolaire<\/a>&nbsp;&nbsp;Yahoo Actualit\u00e9s<\/li>\n<li><a href=\"https:\/\/news.google.com\/rss\/articles\/CBMi1gFBVV95cUxOSk5YVkpkME5HdmJjZ2xmOUdRLWJqQVEwUjZpQV9QRkxqN0tmck1pR0JMTW9EWGZPeGU2bzYwR3duTnNPNllMWURaNjRQMGY3b29WS2JZM0c0VFI3eWl4aVljOENHSHRrUUJBRzVEcWxYLUNyNllCQWhibGQ1SW5YUmZiZ3lmMnltVHJtUXF6S21TQ0hNN2VoRHV1eGdfMk1fT0E3LXotOHk0OTFadUxucGNQMUhPdm9GYW5MaFhRNkUtS3dXMy1sNUJLTV9CeEtqOHNzSWdB?oc=5\" target=\"_blank\" rel=\"nofollow noopener\">Suisse. D\u00e9couverte par deux chercheurs genevois, la premi\u00e8re exoplan\u00e8te f\u00eate ses 30 ans<\/a>&nbsp;&nbsp;Le Dauphin\u00e9 Lib\u00e9r\u00e9<\/li>\n<li><a href=\"https:\/\/news.google.com\/rss\/articles\/CBMi8wFBVV95cUxNTUtnWkdiODZQemtvSlhDVjBISnB1UTBfc19OaXRtNkpzUlVFb0hielhJQkJicThFSGljSFZyLTgxNl9DRUREdklPWmNJVGZoM2FzbFFhLWxvX0NhQ0xlSFdaQ2IxN1dTOTBYMXpQNGFMZnZnYVd4NS1WdnNiS2VzMDV3akZYZV9UMjZVdEhteWJWUjlWWVBvam5tNFZlVjRLWGFHa2x5aXI4WWNIVUN3SWtNUUNYcHFEejhlWVJ0UU14YkpZMUdNY0hVcU9TWTdTcGd6c09Mb2kwYmpVd21ISU5QelFrTU9oaDRGLU5kdUJTelU?oc=5\" target=\"_blank\" rel=\"nofollow noopener\">6 octobre 1995 : d\u00e9couverte historique de la \u00ab premi\u00e8re \u00bb exoplan\u00e8te sauf que cette \u00ab premi\u00e8re \u00bb en cachait une autre !<\/a>&nbsp;&nbsp;futura-sciences.com<\/li>\n<\/ol>\n","protected":false},"excerpt":{"rendered":"Michel Mayor et Didier Queloz : \u00ab L\u2019astrophysique vit un \u00e2ge d\u2019or \u00bb&nbsp;&nbsp;Le Monde.fr Des plan\u00e8tes oc\u00e9ans, gazeuses&hellip;\n","protected":false},"author":2,"featured_media":442750,"comment_status":"","ping_status":"","sticky":false,"template":"","format":"standard","meta":{"footnotes":""},"categories":[7],"tags":[1011,27,43,40,41,39,42,44],"class_list":{"0":"post-442749","1":"post","2":"type-post","3":"status-publish","4":"format-standard","5":"has-post-thumbnail","7":"category-sciences-et-technologies","8":"tag-fr","9":"tag-france","10":"tag-science","11":"tag-science-and-technology","12":"tag-sciences","13":"tag-sciences-et-technologies","14":"tag-technologies","15":"tag-technology"},"share_on_mastodon":{"url":"https:\/\/pubeurope.com\/@fr\/115326981529641971","error":""},"_links":{"self":[{"href":"https:\/\/www.europesays.com\/fr\/wp-json\/wp\/v2\/posts\/442749","targetHints":{"allow":["GET"]}}],"collection":[{"href":"https:\/\/www.europesays.com\/fr\/wp-json\/wp\/v2\/posts"}],"about":[{"href":"https:\/\/www.europesays.com\/fr\/wp-json\/wp\/v2\/types\/post"}],"author":[{"embeddable":true,"href":"https:\/\/www.europesays.com\/fr\/wp-json\/wp\/v2\/users\/2"}],"replies":[{"embeddable":true,"href":"https:\/\/www.europesays.com\/fr\/wp-json\/wp\/v2\/comments?post=442749"}],"version-history":[{"count":0,"href":"https:\/\/www.europesays.com\/fr\/wp-json\/wp\/v2\/posts\/442749\/revisions"}],"wp:featuredmedia":[{"embeddable":true,"href":"https:\/\/www.europesays.com\/fr\/wp-json\/wp\/v2\/media\/442750"}],"wp:attachment":[{"href":"https:\/\/www.europesays.com\/fr\/wp-json\/wp\/v2\/media?parent=442749"}],"wp:term":[{"taxonomy":"category","embeddable":true,"href":"https:\/\/www.europesays.com\/fr\/wp-json\/wp\/v2\/categories?post=442749"},{"taxonomy":"post_tag","embeddable":true,"href":"https:\/\/www.europesays.com\/fr\/wp-json\/wp\/v2\/tags?post=442749"}],"curies":[{"name":"wp","href":"https:\/\/api.w.org\/{rel}","templated":true}]}}