{"id":442759,"date":"2025-10-06T11:31:13","date_gmt":"2025-10-06T11:31:13","guid":{"rendered":"https:\/\/www.europesays.com\/fr\/442759\/"},"modified":"2025-10-06T11:31:13","modified_gmt":"2025-10-06T11:31:13","slug":"il-termine-sa-soiree-danniversaire-au-commissariat","status":"publish","type":"post","link":"https:\/\/www.europesays.com\/fr\/442759\/","title":{"rendered":"Il termine sa soir\u00e9e d&rsquo;anniversaire au commissariat"},"content":{"rendered":"\n<p style=\"margin: 12.0pt 0cm 12.0pt 0cm;\">Ce samedi 4 octobre, aux alentours de 23h50 dans le secteur de Bellevue, des agents de la police secours de nuit constatent un v\u00e9hicule Kia circulant sur les voies du tram au niveau de la rue Gabriel P\u00e9ri. Mais ce n&rsquo;est pas tout. Ils remarquent que le chauffard ne s&rsquo;arr\u00eate pas \u00e0 un feu rouge situ\u00e9 boulevard Pasteur avant d&#8217;emprunter une nouvelle rue en sens interdit. <\/p>\n<p style=\"margin: 12.0pt 0cm 12.0pt 0cm;\">Finalement interpell\u00e9, les forces de l&rsquo;ordre constatent une forte odeur d&rsquo;alcool. Celui qui f\u00eatait son anniversaire souffle donc dans l&rsquo;\u00e9thylotest (plut\u00f4t que sur ses bougies) qui indique qu&rsquo;il a 1 gramme 70 d&rsquo;alcool dans le sang.\u00a0<\/p>\n<p style=\"margin: 12.0pt 0cm 12.0pt 0cm;\">Le jeune homme de 25 ans n&rsquo;est dopnc pas pr\u00eat d&rsquo;oublier cette soir\u00e9e mouvement\u00e9e. Apr\u00e8s une nuit \u00e0 l&rsquo;h\u00f4tel de police de Saint-Etienne, il va se voir d\u00e9livrer une ordonnance p\u00e9nale pour l\u2019ensemble de ses \u0153uvres.\u00a0<\/p>\n","protected":false},"excerpt":{"rendered":"Ce samedi 4 octobre, aux alentours de 23h50 dans le secteur de Bellevue, des agents de la police&hellip;\n","protected":false},"author":2,"featured_media":134303,"comment_status":"","ping_status":"","sticky":false,"template":"","format":"standard","meta":{"footnotes":""},"categories":[9653],"tags":[1111,11,2430,14367,1777,674,56903,1011,27,3367,12,1072,25,4001],"class_list":{"0":"post-442759","1":"post","2":"type-post","3":"status-publish","4":"format-standard","5":"has-post-thumbnail","7":"category-saint-etienne","8":"tag-actu","9":"tag-actualites","10":"tag-auvergne-rhone-alpes","11":"tag-commissariat","12":"tag-eu","13":"tag-europe","14":"tag-faits_divers","15":"tag-fr","16":"tag-france","17":"tag-loire","18":"tag-news","19":"tag-police","20":"tag-republique-francaise","21":"tag-saint-etienne"},"share_on_mastodon":{"url":"https:\/\/pubeurope.com\/@fr\/115327001207768390","error":""},"_links":{"self":[{"href":"https:\/\/www.europesays.com\/fr\/wp-json\/wp\/v2\/posts\/442759","targetHints":{"allow":["GET"]}}],"collection":[{"href":"https:\/\/www.europesays.com\/fr\/wp-json\/wp\/v2\/posts"}],"about":[{"href":"https:\/\/www.europesays.com\/fr\/wp-json\/wp\/v2\/types\/post"}],"author":[{"embeddable":true,"href":"https:\/\/www.europesays.com\/fr\/wp-json\/wp\/v2\/users\/2"}],"replies":[{"embeddable":true,"href":"https:\/\/www.europesays.com\/fr\/wp-json\/wp\/v2\/comments?post=442759"}],"version-history":[{"count":0,"href":"https:\/\/www.europesays.com\/fr\/wp-json\/wp\/v2\/posts\/442759\/revisions"}],"wp:featuredmedia":[{"embeddable":true,"href":"https:\/\/www.europesays.com\/fr\/wp-json\/wp\/v2\/media\/134303"}],"wp:attachment":[{"href":"https:\/\/www.europesays.com\/fr\/wp-json\/wp\/v2\/media?parent=442759"}],"wp:term":[{"taxonomy":"category","embeddable":true,"href":"https:\/\/www.europesays.com\/fr\/wp-json\/wp\/v2\/categories?post=442759"},{"taxonomy":"post_tag","embeddable":true,"href":"https:\/\/www.europesays.com\/fr\/wp-json\/wp\/v2\/tags?post=442759"}],"curies":[{"name":"wp","href":"https:\/\/api.w.org\/{rel}","templated":true}]}}