{"id":442760,"date":"2025-10-06T11:32:12","date_gmt":"2025-10-06T11:32:12","guid":{"rendered":"https:\/\/www.europesays.com\/fr\/442760\/"},"modified":"2025-10-06T11:32:12","modified_gmt":"2025-10-06T11:32:12","slug":"didier-brosse-fbtp-loire-lannee-ecoulee-plutot-moins-pire-que-prevue-mais","status":"publish","type":"post","link":"https:\/\/www.europesays.com\/fr\/442760\/","title":{"rendered":"Didier Brosse (FBTP Loire)\u00a0: \u00ab\u00a0L\u2019ann\u00e9e \u00e9coul\u00e9e ? Plut\u00f4t moins pire que pr\u00e9vue mais\u2026\u00bb"},"content":{"rendered":"<p class=\"is-style-chapo\">La F\u00e9d\u00e9ration\u00a0du BTP\u00a0Loire a tenu sa traditionnelle assembl\u00e9e g\u00e9n\u00e9rale, vendredi dernier, \u00e0 l\u2019Op\u00e9ra de Saint-\u00c9tienne devant plusieurs centaines de personnes dont une grande part d\u2019institutionnels et d\u2019\u00e9lus locaux. Entretien avec son pr\u00e9sident, Didier Brosse, rencontr\u00e9 en amont.<\/p>\n<p><img loading=\"lazy\" decoding=\"async\" width=\"1024\" height=\"576\" src=\"https:\/\/www.europesays.com\/fr\/wp-content\/uploads\/2025\/10\/20251003_165856-1024x576.jpg\" alt=\"\" class=\"wp-image-80691\"  \/>Didier Brosse, pr\u00e9sident de la F\u00e9d\u00e9ration du B\u00e2timent et des Travaux Publics de la loire (FBTP 42). \u00a9If Saint-Etienne \/ Xavier Alix<\/p>\n<p><strong>Il y a un an, lors de votre AG 2024, vous aviez dress\u00e9 des perspectives bien sombres pour le secteur du B\u00e2timent et des Travaux publics dans la Loire, \u00e0 l\u2019image du pays d\u2019ailleurs. O\u00f9 en est-on d\u00e9but octobre 2025\u00a0?<\/strong><\/p>\n<p>\u00ab\u00a0L\u2019ann\u00e9e \u00e9coul\u00e9e \u2013 nous parlons de bilans allant de fin juillet \u00e0 fin juillet \u2013 a \u00e9t\u00e9 plut\u00f4t moins pire qu\u2019initialement pr\u00e9vue. Mais ce n\u2019est pas du tout l\u2019euphorie d\u2019un p\u00e9riode post crise avec m\u00eame, h\u00e9las, avec un constat final moins favorable que l\u2019on pouvait esp\u00e9rer \u00e0 la fin du printemps. Prenons une donn\u00e9e essentielle que sont les logements neufs construits dans le d\u00e9partement, donnant bien la temp\u00e9rature\u00a0: nous \u00e9tions fin juillet 2025 dans la Loire \u00e0 environ 2 900, soit + 23 % par rapport \u00e0 2023\/2024. C\u2019est mieux oui, et d\u2019ailleurs bien au-dessus de la moyenne r\u00e9gionale (+ 3,27 %) mais on esp\u00e9rait faire plus de 3 000 au regard des tendances de la fin du printemps. Le \u00ab\u00a0rebond\u00a0\u00bb est d\u00e9cevant, et par-dessus tout, \u00e0 comparer \u00e0 une ann\u00e9e moyenne satisfaisante dans la Loire pour le secteur\u00a0: c\u2019est-\u00e0-dire 3 400 \/3 500 logements neufs\u2026\u00a0\u00bb<\/p>\n<p>\u00ab\u00a0Personnellement, la ZAN, j\u2019y suis favorable\u00a0\u00bb<\/p>\n<p><strong>La conjoncture, toujours difficile donc, se traduit elle de mani\u00e8re significative par des d\u00e9fections d\u2019entreprises\u00a0dans la Loire ?<\/strong><\/p>\n<p>\u00ab\u00a0Des entreprises ferment et d\u2019autres ouvrent chaque jour mais non, dans la globalit\u00e9, il n\u2019y a heureusement pas encore ce signal l\u00e0 pour ce qui est, du moins, des entreprises relevant de notre ressort. Pour rappel\u00a0: 1 220 adh\u00e9rents pour 10 400 salari\u00e9s. Ce qui ne veut pas dire qu\u2019elles ne souffrent pas. Le personnel est comprim\u00e9\u00a0: on ne recrute pas et m\u00eame l\u2019apprentissage va s\u2019en ressentir. Au niveau de l\u2019int\u00e9rim, je n\u2019ai pas de chiffre local \u00e0 vous donner mais le signal lui est bien l\u00e0 et on sait que la Loire suit, \u00e0 son \u00e9chelle, la chute vertigineuse des postes propos\u00e9s au niveau national\u00a0: 33 000 int\u00e9rims de moins fin 2025 que fin 2022\u00a0! Il est vrai que c\u00f4t\u00e9 travaux publics (TP), une fin de mandat telle que nous vivons est favorable et cela se v\u00e9rifie cette fois-ci encore\u00a0: ce c\u00f4t\u00e9-l\u00e0 travaille bien en ce moment. La r\u00e9novation\/entretien (15 % environ de notre activit\u00e9 dans la Loire) progresse de 0,3 %.<\/p>\n<blockquote class=\"wp-block-quote is-layout-flow wp-block-quote-is-layout-flow\">\n<p>Nous avons des entreprises qui sont solides mais tout cela, aussi, a ses limites. <\/p>\n<\/blockquote>\n<p>Mais apr\u00e8s\u00a0? Nous avons des entreprises qui sont solides mais tout cela, aussi, a ses limites. Ce n\u2019est pas la premi\u00e8re crise que nous affrontons, j\u2019ai toujours \u00e9volu\u00e9 avec celles-ci depuis que je suis professionnel. On peut la surmonter comme les autres \u00e0 la diff\u00e9rence tr\u00e8s notable que l\u2019instabilit\u00e9 gouvernementale bloque la visibilit\u00e9, les investissements, et que les factures sociales semblent, criantes, les conflits profonds comme jamais\u2026 \u00bb \u00a0<\/p>\n<p><strong>A vos yeux, la situation r\u00e9clame davantage de pragmatisme vis-\u00e0-vis de la vie quotidienne des entreprises\u2026<\/strong><\/p>\n<p>\u00ab\u00a0Nous le r\u00e9p\u00e9tons\u00a0: il faut mettre fin \u00e0 cette inflation normative et r\u00e9glementaire qui perd tout le monde et capte une \u00e9nergie folle dans le public comme le priv\u00e9 au d\u00e9triment de l\u2019efficacit\u00e9. Cette escalade correspond \u00e0 elle seule \u00e0 + 20 % de nos co\u00fbts de production en quelques ann\u00e9es. Pour le grand public, l\u2019acc\u00e8s \u00e0 la propri\u00e9t\u00e9 reste tr\u00e8s compliqu\u00e9 et on esp\u00e8re le maintien \u00e0 long terme du pr\u00eat \u00e0 taux z\u00e9ro prolong\u00e9 r\u00e9cemment jusqu\u2019en 2027. Il y a eu des fraudes sur le dispositif <a href=\"https:\/\/www.service-public.fr\/particuliers\/vosdroits\/F35083\" target=\"_blank\" rel=\"noreferrer noopener nofollow\">MaPrimeR\u00e9nov<\/a> oui, parce que mal encadr\u00e9, mal ficel\u00e9\u00a0? Reste que derri\u00e8re, on suspend, on arr\u00eate, on reprend, on restreint, on modifie, on ne sait plus\u00a0! Il n\u2019y a pas de logique technique et \u00e9conomique.\u00a0Cette logique de recourir syst\u00e9matiquement \u00e0 un jeu de d\u00e9fiscalisation est, elle, compl\u00e8tement \u00e0 bout. Il y a besoin d\u2019une vision plus forte, plus ferme. \u00bb<\/p>\n<p>La ruralit\u00e9, th\u00e8me de cette AG 2025\u00a0du BTP<\/p>\n<p><strong>A propose d\u2019horizon, le <a href=\"https:\/\/www.if-saint-etienne.fr\/politique-societe\/saint-etienne-metropole-lurbanisation-a-lheure-de-la-nouvelle-donne\" target=\"_blank\" rel=\"noreferrer noopener nofollow\">d\u00e9ploiement<\/a> progressif, d\u00e9j\u00e0 d\u2019actualit\u00e9, de l\u2019objectif Z\u00e9ro artificialisation nette (<a href=\"https:\/\/www.vie-publique.fr\/eclairage\/287326-zero-artificialisation-nette-zan-comment-proteger-les-sols\" target=\"_blank\" rel=\"noreferrer noopener nofollow\">ZAN<\/a>) d\u2019ici 2050. Cela va-t-il fatalement handicaper la construction\u00a0? \u00a0\u00a0<\/strong><\/p>\n<p>\u00ab Pas forc\u00e9ment. Alors oui, le ZAN pourrait, lui aussi, \u00eatre assoupli pour le l\u00e9gislateur pour avancer de mani\u00e8re plus r\u00e9aliste sur le sujet de la lutte contre l\u2019\u00e9talement urbain, lui aussi une r\u00e9alit\u00e9 ind\u00e9niable\u00a0: on ne peut plus consommer autant de foncier comme on l\u2019a fait, c\u2019est ainsi. La nature, l\u2019agriculture ont besoin d\u2019\u00eatre pr\u00e9serv\u00e9es. Personnellement, la ZAN, j\u2019y suis favorable. Pour la BTP, il faut l\u2019aborder non comme une contrainte mais comme une opportunit\u00e9, l\u2019occasion de se r\u00e9inventer. Reconstruire sur ce qui a \u00e9t\u00e9 construit\u00a0: c\u2019est vrai aussi bien pour les centres-villes des communes moyennes, des grandes m\u00e9tropoles que pour des centre bourgs ruraux, tous d\u00e9sert\u00e9s, tous souffrant de toujours plus de taux de vacances. La ruralit\u00e9, c\u2019\u00e9tait le th\u00e8me de cette AG 2025\u00a0: elle a \u00e9t\u00e9 d\u00e9laiss\u00e9e au profit des M\u00e9tropoles, de politiques de la ville sur politiques de la ville. Elle a pourtant de quoi inspirer avec de belles r\u00e9ussites sur le sujet du B\u00e2timent. Urbain ou rural, il y a de quoi, \u00e0 la fois r\u00e9nover massivement, comme d\u00e9molir et en partie reconstruire. C\u2019est la politique d\u00e9fendue par la municipalit\u00e9 st\u00e9phanoise\u00a0? Certes, mais concr\u00e9tis\u00e9e dans la r\u00e9alit\u00e9 de mani\u00e8re bien, bien timide par rapport aux enjeux.\u00a0\u00bb \u00a0\u00a0<\/p>\n<p><strong>Vis-\u00e0-vis de la M\u00e9tropole st\u00e9phanoise, vous aviez fustig\u00e9 l\u2019an pass\u00e9 la suspension, depuis <a href=\"https:\/\/www.if-saint-etienne.fr\/politique\/saint-etienne-metropole-gele-la-patinoire-et-refroidit-cite-du-design-2025\" target=\"_blank\" rel=\"noreferrer noopener nofollow\">act\u00e9e<\/a>, du projet de patinoire. Reste que ses investissements auront bel et bien doubl\u00e9 par rapport au mandat pr\u00e9c\u00e9dent, et que pour le prochain, un <a href=\"https:\/\/www.if-saint-etienne.fr\/societe\/futur-incinerateur-de-dechets-saint-etienne-metropole-devra-choisir-entre-quatre-lieux\" target=\"_blank\" rel=\"noreferrer noopener nofollow\">UTVE<\/a> (incin\u00e9rateur de d\u00e9chets) \u00e0 plus 200 M\u20ac va obligatoirement se faire\u2026<\/strong><\/p>\n<p>\u00ab\u00a0C\u2019est vrai que des projets majeurs peuvent continuer \u00e0 sortir de d\u00e9cisions m\u00e9tropolitaines. Cependant, avoir longtemps fait miroiter aux communes et aux entreprises jusqu\u2019\u00e0 1,2 Md\u20ac d\u2019investissements m\u00e9tropolitains (pour finalement environ 800 M\u20ac, 700 selon certaines estimations en retirant, soit x 2 par rapport \u00e0 2014 \/2020, Ndlr) durant le mandat qui s\u2019ach\u00e8ve ce n\u2019\u00e9tait pas responsable. Aujourd\u2019hui, nous restons inquiets pour la commande publique qui compte tant pour nos activit\u00e9s et, par cascade, pour celles des autres. L\u2019ex\u00e9cutif de M\u00e9tropole a fait part de ses inqui\u00e9tudes sur les finances jeudi\u00a0? Le plus inqui\u00e9tant, de loin, au niveau des collectivit\u00e9s, c\u2019est la <a href=\"https:\/\/www.if-saint-etienne.fr\/politique\/budget-du-departement-les-signes-cliniques-sont-la\" target=\"_blank\" rel=\"noreferrer noopener nofollow\">situation<\/a> du <a href=\"https:\/\/www.if-saint-etienne.fr\/politique-societe\/finances-du-departement-la-station-de-chalmazel-nouvrira-pas-cet-hiver\" target=\"_blank\" rel=\"noreferrer noopener nofollow\">D\u00e9partement<\/a> de la Loire. Pour revenir \u00e0 Saint-Etienne M\u00e9tropole, derri\u00e8re cette probl\u00e9matique centrale de gouvernance au sommet qui <a href=\"https:\/\/www.if-saint-etienne.fr\/politique\/saint-etienne-metropole-sylvie-fayolle-exige-la-pleine-maitrise\" target=\"_blank\" rel=\"noreferrer noopener nofollow\">persiste<\/a> et impacte les entreprises \u2013 je n\u2019y reviens pas (probl\u00e9matique li\u00e9e \u00e0 l\u2019affaire de chantage et au retrait plus au moins \u00ab\u00a0total\u00a0\u00bb du pr\u00e9sident, Ndlr) \u2013, il y a cette lourdeur administrative structurelle, cette incapacit\u00e9 \u00e0 aller plus vite vis-\u00e0-vis d\u2019un monde \u00e9conomique soumis \u00e0 un rythme, des imp\u00e9ratifs qui ne pardonnent pas. Des notifications de march\u00e9 aussi longues, ce n\u2019est pas possible.\u00a0\u00bb<\/p>\n","protected":false},"excerpt":{"rendered":"La F\u00e9d\u00e9ration\u00a0du BTP\u00a0Loire a tenu sa traditionnelle assembl\u00e9e g\u00e9n\u00e9rale, vendredi dernier, \u00e0 l\u2019Op\u00e9ra de Saint-\u00c9tienne devant plusieurs centaines&hellip;\n","protected":false},"author":2,"featured_media":442761,"comment_status":"","ping_status":"","sticky":false,"template":"","format":"standard","meta":{"footnotes":""},"categories":[9653],"tags":[1111,11,2430,4807,56904,56905,16350,56906,1777,674,56907,56908,1011,27,12,25,4001],"class_list":{"0":"post-442760","1":"post","2":"type-post","3":"status-publish","4":"format-standard","5":"has-post-thumbnail","7":"category-saint-etienne","8":"tag-actu","9":"tag-actualites","10":"tag-auvergne-rhone-alpes","11":"tag-batiment","12":"tag-conjoncture-economique-loire","13":"tag-conjoncture-immobilier","14":"tag-constructif","15":"tag-didier-brosse","16":"tag-eu","17":"tag-europe","18":"tag-fbtp-42","19":"tag-fbtp-loire","20":"tag-fr","21":"tag-france","22":"tag-news","23":"tag-republique-francaise","24":"tag-saint-etienne"},"share_on_mastodon":{"url":"https:\/\/pubeurope.com\/@fr\/115327005245412031","error":""},"_links":{"self":[{"href":"https:\/\/www.europesays.com\/fr\/wp-json\/wp\/v2\/posts\/442760","targetHints":{"allow":["GET"]}}],"collection":[{"href":"https:\/\/www.europesays.com\/fr\/wp-json\/wp\/v2\/posts"}],"about":[{"href":"https:\/\/www.europesays.com\/fr\/wp-json\/wp\/v2\/types\/post"}],"author":[{"embeddable":true,"href":"https:\/\/www.europesays.com\/fr\/wp-json\/wp\/v2\/users\/2"}],"replies":[{"embeddable":true,"href":"https:\/\/www.europesays.com\/fr\/wp-json\/wp\/v2\/comments?post=442760"}],"version-history":[{"count":0,"href":"https:\/\/www.europesays.com\/fr\/wp-json\/wp\/v2\/posts\/442760\/revisions"}],"wp:featuredmedia":[{"embeddable":true,"href":"https:\/\/www.europesays.com\/fr\/wp-json\/wp\/v2\/media\/442761"}],"wp:attachment":[{"href":"https:\/\/www.europesays.com\/fr\/wp-json\/wp\/v2\/media?parent=442760"}],"wp:term":[{"taxonomy":"category","embeddable":true,"href":"https:\/\/www.europesays.com\/fr\/wp-json\/wp\/v2\/categories?post=442760"},{"taxonomy":"post_tag","embeddable":true,"href":"https:\/\/www.europesays.com\/fr\/wp-json\/wp\/v2\/tags?post=442760"}],"curies":[{"name":"wp","href":"https:\/\/api.w.org\/{rel}","templated":true}]}}