{"id":442770,"date":"2025-10-06T11:37:09","date_gmt":"2025-10-06T11:37:09","guid":{"rendered":"https:\/\/www.europesays.com\/fr\/442770\/"},"modified":"2025-10-06T11:37:09","modified_gmt":"2025-10-06T11:37:09","slug":"un-jeune-sdf-blesse-au-couteau-retrouve-son-agresseur-a-lhopital","status":"publish","type":"post","link":"https:\/\/www.europesays.com\/fr\/442770\/","title":{"rendered":"un jeune SDF bless\u00e9 au couteau retrouve son agresseur \u00e0 l\u2019h\u00f4pital"},"content":{"rendered":"<p>            Par<br \/>\n        <strong><br \/>\n            <a href=\"https:\/\/actu.fr\/auteur\/lea-pippinato\" title=\"Consulter tous les articles de L\u00e9a Pippinato\" target=\"_blank\" rel=\"noopener\">L\u00e9a Pippinato<\/a><br \/>\n        <\/strong><\/p>\n<p>        Publi\u00e9 le<\/p>\n<p>            6 oct. 2025 \u00e0 13h04        <\/p>\n<p>Peu apr\u00e8s 19h, <strong>ce dimanche 5 octobre 2025<\/strong>, la police nationale intervient avenue de Barcelone, quartier Mosson, \u00e0 Montpellier. Un jeune homme vient d\u2019\u00eatre bless\u00e9 \u00e0 la cuisse gauche par un coup de couteau. Sur place, les policiers d\u00e9couvrent un adolescent de 16 ans, sans domicile fixe.<\/p>\n<p>    <a href=\"https:\/\/www.google.com\/maps\/embed?pb=!1m18!1m12!1m3!1d23114.090373704526!2d3.8535167999999995!3d43.6011008!2m3!1f0!2f0!3f0!3m2!1i1024!2i768!4f13.1!3m3!1m2!1s0x12b6ac25a5d999b3%3A0x20cd269de1509074!2sAv.%20de%20Barcelone%2C%2034080%20Montpellier!5e0!3m2!1sen!2sfr!4v1759746043098!5m2!1sen!2sfr\" title=\"Ouvrie le lien\" target=\"_blank\" rel=\"noopener\">Cliquez ici pour visualiser le contenu<\/a><\/p>\n<p class=\" wall-content\">Il explique peu de choses et refuse de d\u00e9cliner son identit\u00e9. Le bless\u00e9 se pr\u00e9sente comme un mineur non accompagn\u00e9. Les enqu\u00eateurs tentent d\u2019en savoir plus, mais l\u2019adolescent garde le silence. Les agents assurent son transport aux urgences de l\u2019h\u00f4pital Lapeyronie.<\/p>\n<p>Une rencontre inattendue \u00e0 l\u2019h\u00f4pital<\/p>\n<p class=\" wall-content\">Vers 2h du matin, alors qu\u2019il attend encore aux urgences, le jeune homme aper\u00e7oit un individu qu\u2019il affirme reconna\u00eetre. Selon lui, c\u2019est l\u2019auteur du coup de couteau ! L\u2019homme, \u00e2g\u00e9 de 29 ans, se trouve lui aussi aux urgences de Lapeyronie. Il y a \u00e9t\u00e9 conduit pour des blessures au visage, re\u00e7ues au cours de la m\u00eame rixe. Les premiers \u00e9l\u00e9ments laissent penser \u00e0 une bagarre qui aurait d\u00e9g\u00e9n\u00e9r\u00e9, sans trop savoir pour quel mobile.<\/p>\n<p class=\" wall-content\">Personnalisez votre actualit\u00e9 en ajoutant vos villes et m\u00e9dias en favori avec <a href=\"https:\/\/moncompte.actu.fr\" title=\"D\u00e9couvez Mon Actu\" rel=\"nofollow noopener\" data-trk=\"{&quot;cta&quot;:{&quot;action&quot;:&quot;https:\\\/\\\/moncompte.actu.fr&quot;,&quot;category&quot;:&quot;mon compte&quot;,&quot;from&quot;:&quot;article footer&quot;,&quot;name&quot;:&quot;Mon actu&quot;,&quot;type&quot;:&quot;cta&quot;}}\" target=\"_blank\">Mon Actu<\/a>.<\/p>\n","protected":false},"excerpt":{"rendered":"Par L\u00e9a Pippinato Publi\u00e9 le 6 oct. 2025 \u00e0 13h04 Peu apr\u00e8s 19h, ce dimanche 5 octobre 2025,&hellip;\n","protected":false},"author":2,"featured_media":442771,"comment_status":"","ping_status":"","sticky":false,"template":"","format":"standard","meta":{"footnotes":""},"categories":[9599],"tags":[1111,11,15154,1777,674,118,1011,27,2208,12,2680,1072,25,7501],"class_list":{"0":"post-442770","1":"post","2":"type-post","3":"status-publish","4":"format-standard","5":"has-post-thumbnail","7":"category-montpellier","8":"tag-actu","9":"tag-actualites","10":"tag-chu-de-montpellier","11":"tag-eu","12":"tag-europe","13":"tag-faits-divers","14":"tag-fr","15":"tag-france","16":"tag-montpellier","17":"tag-news","18":"tag-occitanie","19":"tag-police","20":"tag-republique-francaise","21":"tag-violences-urbaines"},"share_on_mastodon":{"url":"https:\/\/pubeurope.com\/@fr\/115327024776610598","error":""},"_links":{"self":[{"href":"https:\/\/www.europesays.com\/fr\/wp-json\/wp\/v2\/posts\/442770","targetHints":{"allow":["GET"]}}],"collection":[{"href":"https:\/\/www.europesays.com\/fr\/wp-json\/wp\/v2\/posts"}],"about":[{"href":"https:\/\/www.europesays.com\/fr\/wp-json\/wp\/v2\/types\/post"}],"author":[{"embeddable":true,"href":"https:\/\/www.europesays.com\/fr\/wp-json\/wp\/v2\/users\/2"}],"replies":[{"embeddable":true,"href":"https:\/\/www.europesays.com\/fr\/wp-json\/wp\/v2\/comments?post=442770"}],"version-history":[{"count":0,"href":"https:\/\/www.europesays.com\/fr\/wp-json\/wp\/v2\/posts\/442770\/revisions"}],"wp:featuredmedia":[{"embeddable":true,"href":"https:\/\/www.europesays.com\/fr\/wp-json\/wp\/v2\/media\/442771"}],"wp:attachment":[{"href":"https:\/\/www.europesays.com\/fr\/wp-json\/wp\/v2\/media?parent=442770"}],"wp:term":[{"taxonomy":"category","embeddable":true,"href":"https:\/\/www.europesays.com\/fr\/wp-json\/wp\/v2\/categories?post=442770"},{"taxonomy":"post_tag","embeddable":true,"href":"https:\/\/www.europesays.com\/fr\/wp-json\/wp\/v2\/tags?post=442770"}],"curies":[{"name":"wp","href":"https:\/\/api.w.org\/{rel}","templated":true}]}}