{"id":442776,"date":"2025-10-06T11:40:21","date_gmt":"2025-10-06T11:40:21","guid":{"rendered":"https:\/\/www.europesays.com\/fr\/442776\/"},"modified":"2025-10-06T11:40:21","modified_gmt":"2025-10-06T11:40:21","slug":"girl-only-night-la-soiree-100-filles-revient-a-rouen-pour-octobre-rose","status":"publish","type":"post","link":"https:\/\/www.europesays.com\/fr\/442776\/","title":{"rendered":"Girl Only Night : la soir\u00e9e 100% filles revient \u00e0 Rouen pour Octobre Rose !"},"content":{"rendered":"<p>Soir\u00e9e sp\u00e9ciale filles \u00e0 Rouen, ap\u00e9ro d\u00eenatoire, DJ live, cocktails roses et dons pour la recherche contre le cancer<\/p>\n<p>Vous aviez ador\u00e9 la derni\u00e8re fois\u2026 et c\u2019est reparti ! \ud83d\udc95 Le <strong>mercredi 15 octobre<\/strong>, Rouen se met en mode <strong>girly &amp; solidaire<\/strong> avec la <strong>5e \u00e9dition<\/strong> de la <strong>soir\u00e9e 100% femmes<\/strong> au <strong>Bar\u2019OuF<\/strong>. Un moment unique pour faire la f\u00eate entre copines, <strong>danser jusqu\u2019\u00e0 2h du matin<\/strong> et soutenir une belle cause : <strong>la recherche contre le cancer<\/strong>.<\/p>\n<p><strong>\ud83d\udc83 Un programme qui fait plaisir<\/strong><\/p>\n<p>Cette soir\u00e9e, c\u2019est un <strong>mix parfait entre fun et engagement<\/strong> :<\/p>\n<ul class=\"wp-block-list\">\n<li><strong>Ap\u00e9ro d\u00eenatoire<\/strong> d\u00e8s 21h pour bien commencer la nuit \ud83e\udd42<\/li>\n<li><strong>DJ live<\/strong> pour danser sans mod\u00e9ration (enfin\u2026 sauf pour les talons \ud83d\udc60)<\/li>\n<li><strong>Cocktails sp\u00e9ciaux<\/strong> cr\u00e9\u00e9s pour l\u2019occasion \ud83c\udf78<\/li>\n<li><strong>Jeu concours exclusif<\/strong> avec de <strong>belles prestations \u00e0 gagner<\/strong> \ud83c\udf81<\/li>\n<\/ul>\n<p>Et cerise sur le g\u00e2teau : <strong>l\u2019entr\u00e9e est gratuite<\/strong> !<\/p>\n<p style=\"margin: 0; color: #000000; font-size: 16px; font-weight: bold;\">\u00c0 voir aussi sur Rouen Bouge<\/p>\n<\/p>\n<p>                    \u2716\n                <\/p>\n<blockquote class=\"instagram-media\" data-instgrm-permalink=\"https:\/\/www.instagram.com\/p\/DPRc3_KCAjs\/?utm_source=ig_embed&amp;utm_campaign=loading\" data-instgrm-version=\"14\" style=\" background:#FFF; border:0; border-radius:3px; box-shadow:0 0 1px 0 rgba(0,0,0,0.5),0 1px 10px 0 rgba(0,0,0,0.15); margin: 1px; max-width:540px; min-width:326px; padding:0; width:99.375%; width:-webkit-calc(100% - 2px); width:calc(100% - 2px);\" wp_automatic_readability=\"-0.23595505617978\"\/><p><strong>\ud83c\udf38 Un \u00e9v\u00e9nement qui a du sens<\/strong><\/p>\n<p>En participant \u00e0 cette soir\u00e9e, vous faites aussi un <strong>don pour la recherche contre le cancer<\/strong>. Une belle fa\u00e7on de s\u2019amuser tout en soutenant une cause essentielle.<\/p>\n<p>Petit bonus : un <strong>dress code<\/strong> est de mise. Venez avec <strong>une touche de rose<\/strong>, surprise garantie pour celles qui jouent le jeu !<\/p>\n<p><strong>\ud83d\uddd3\ufe0f Infos pratiques<\/strong><\/p>\n<p>\ud83d\udccd <strong>Le Bar\u2019OuF<\/strong>, 11 BIS rue de Fontenelle, Rouen<br \/>\ud83d\udcc5 <strong>Mercredi 15 octobre<\/strong> \u2014 de 21h \u00e0 2h<br \/>\ud83c\udf9f\ufe0f <strong>Entr\u00e9e gratuite<\/strong><br \/>\ud83d\ude90 <strong>Service retour gratuit jusqu\u2019\u00e0 votre porte<\/strong> pour toutes les participantes<br \/>\ud83d\udcf1 Plus d\u2019infos &amp; rejoindre le canal avec d\u00e9j\u00e0 + de <strong>100 femmes motiv\u00e9es<\/strong> : <a href=\"https:\/\/chat.whatsapp.com\/CzlaqdCRhL990EHuygV8fU\" target=\"_blank\" rel=\"noopener nofollow\">Lien du canal <strong>Whatsapp<\/strong><\/a><\/p>\n<p>            <script async src=\"\/\/www.instagram.com\/embed.js\"><\/script><\/p>\n","protected":false},"excerpt":{"rendered":"Soir\u00e9e sp\u00e9ciale filles \u00e0 Rouen, ap\u00e9ro d\u00eenatoire, DJ live, cocktails roses et dons pour la recherche contre le&hellip;\n","protected":false},"author":2,"featured_media":442777,"comment_status":"","ping_status":"","sticky":false,"template":"","format":"standard","meta":{"footnotes":""},"categories":[9587],"tags":[1111,11,1777,674,1011,27,12,5161,25,9590],"class_list":{"0":"post-442776","1":"post","2":"type-post","3":"status-publish","4":"format-standard","5":"has-post-thumbnail","7":"category-rouen","8":"tag-actu","9":"tag-actualites","10":"tag-eu","11":"tag-europe","12":"tag-fr","13":"tag-france","14":"tag-news","15":"tag-normandie","16":"tag-republique-francaise","17":"tag-rouen"},"share_on_mastodon":{"url":"https:\/\/pubeurope.com\/@fr\/115327036574204314","error":""},"_links":{"self":[{"href":"https:\/\/www.europesays.com\/fr\/wp-json\/wp\/v2\/posts\/442776","targetHints":{"allow":["GET"]}}],"collection":[{"href":"https:\/\/www.europesays.com\/fr\/wp-json\/wp\/v2\/posts"}],"about":[{"href":"https:\/\/www.europesays.com\/fr\/wp-json\/wp\/v2\/types\/post"}],"author":[{"embeddable":true,"href":"https:\/\/www.europesays.com\/fr\/wp-json\/wp\/v2\/users\/2"}],"replies":[{"embeddable":true,"href":"https:\/\/www.europesays.com\/fr\/wp-json\/wp\/v2\/comments?post=442776"}],"version-history":[{"count":0,"href":"https:\/\/www.europesays.com\/fr\/wp-json\/wp\/v2\/posts\/442776\/revisions"}],"wp:featuredmedia":[{"embeddable":true,"href":"https:\/\/www.europesays.com\/fr\/wp-json\/wp\/v2\/media\/442777"}],"wp:attachment":[{"href":"https:\/\/www.europesays.com\/fr\/wp-json\/wp\/v2\/media?parent=442776"}],"wp:term":[{"taxonomy":"category","embeddable":true,"href":"https:\/\/www.europesays.com\/fr\/wp-json\/wp\/v2\/categories?post=442776"},{"taxonomy":"post_tag","embeddable":true,"href":"https:\/\/www.europesays.com\/fr\/wp-json\/wp\/v2\/tags?post=442776"}],"curies":[{"name":"wp","href":"https:\/\/api.w.org\/{rel}","templated":true}]}}