{"id":442778,"date":"2025-10-06T11:41:12","date_gmt":"2025-10-06T11:41:12","guid":{"rendered":"https:\/\/www.europesays.com\/fr\/442778\/"},"modified":"2025-10-06T11:41:12","modified_gmt":"2025-10-06T11:41:12","slug":"le-conflit-degenere-un-octogenaire-poignarde-son-voisin","status":"publish","type":"post","link":"https:\/\/www.europesays.com\/fr\/442778\/","title":{"rendered":"le conflit d\u00e9g\u00e9n\u00e8re, un octog\u00e9naire poignarde son voisin"},"content":{"rendered":"<p>\t\t\t\t\t\t\t\t\t\t\t<img loading=\"lazy\" decoding=\"async\" width=\"1280\" title=\"Grenoble : le conflit d\u00e9g\u00e9n\u00e8re, un octog\u00e9naire poignarde son voisin\" class=\"img-fluid  mb-3\" src=\"https:\/\/grandgrenoble.alpes1.com\/media\/news\/grenoble-le-conflit-degenere-un-octogenaire-poignarde-son-voisin_68e3a9619f26d.webp\" alt=\"Grenoble : le conflit d\u00e9g\u00e9n\u00e8re, un octog\u00e9naire poignarde son voisin\" itemprop=\"image\" height=\"720\"\/>\t\t\t\t\t\t\t\t\t\t\t\t<\/p>\n<p>Grenoble : le conflit d\u00e9g\u00e9n\u00e8re, un octog\u00e9naire poignarde son voisin &#8211; DR<\/p>\n<p itemprop=\"description\"><strong>C&rsquo;est pour une banale histoire de poubelles que le drame s&rsquo;est nou\u00e9 ce dimanche soir.<\/strong><\/p>\n<p>Vers 21h30, un homme \u00e2g\u00e9 de 81 ans a eu une dispute avec son voisin \u00e2g\u00e9 de 53 ans dans leur immeuble du 40 galerie de l&rsquo;Arlequin \u00e0 Grenoble.<\/p>\n<p>Si le probl\u00e8me des poubelles n&rsquo;a pas encore \u00e9t\u00e9 explicit\u00e9 par les forces de l&rsquo;ordre, il a \u00e9t\u00e9 si important pour l&rsquo;octog\u00e9naire que ce dernier, exc\u00e9d\u00e9, s&rsquo;est muni d&rsquo;un couteau et a poignard\u00e9 son rival quinquag\u00e9naire.<\/p>\n<p>Touch\u00e9e au cou, la victime a \u00e9t\u00e9 rapidement prise en charge par les secours arriv\u00e9s en urgence \u00e0 la Villeneuve. L&rsquo;art\u00e8re n&rsquo;ayant pas \u00e9t\u00e9 touch\u00e9e, ses jours ne sont pas en danger.<\/p>\n<p>La police a interpell\u00e9 l&rsquo;agresseur. Mais sa garde \u00e0 vue a \u00e9t\u00e9 rapidement \u00e9court\u00e9e. Compte-tenu de son \u00e2ge avanc\u00e9, il sera entendu prochainement au commissariat.<\/p>\n","protected":false},"excerpt":{"rendered":"Grenoble : le conflit d\u00e9g\u00e9n\u00e8re, un octog\u00e9naire poignarde son voisin &#8211; DR C&rsquo;est pour une banale histoire de&hellip;\n","protected":false},"author":2,"featured_media":442779,"comment_status":"","ping_status":"","sticky":false,"template":"","format":"standard","meta":{"footnotes":""},"categories":[9566],"tags":[1111,11,7733,8279,2430,7736,650,7734,2889,2263,1777,674,1011,27,2731,8280,6417,1114,108,4662,12,3725,1825,25,7737],"class_list":{"0":"post-442778","1":"post","2":"type-post","3":"status-publish","4":"format-standard","5":"has-post-thumbnail","7":"category-grenoble","8":"tag-actu","9":"tag-actualites","10":"tag-alpes","11":"tag-alpes1","12":"tag-auvergne-rhone-alpes","13":"tag-cds","14":"tag-cinema","15":"tag-ecoute","16":"tag-emission","17":"tag-equipe","18":"tag-eu","19":"tag-europe","20":"tag-fr","21":"tag-france","22":"tag-grenoble","23":"tag-haute","24":"tag-information","25":"tag-infos","26":"tag-isere","27":"tag-journal","28":"tag-news","29":"tag-podcast","30":"tag-radio","31":"tag-republique-francaise","32":"tag-winamp"},"share_on_mastodon":{"url":"https:\/\/pubeurope.com\/@fr\/115327041720840099","error":""},"_links":{"self":[{"href":"https:\/\/www.europesays.com\/fr\/wp-json\/wp\/v2\/posts\/442778","targetHints":{"allow":["GET"]}}],"collection":[{"href":"https:\/\/www.europesays.com\/fr\/wp-json\/wp\/v2\/posts"}],"about":[{"href":"https:\/\/www.europesays.com\/fr\/wp-json\/wp\/v2\/types\/post"}],"author":[{"embeddable":true,"href":"https:\/\/www.europesays.com\/fr\/wp-json\/wp\/v2\/users\/2"}],"replies":[{"embeddable":true,"href":"https:\/\/www.europesays.com\/fr\/wp-json\/wp\/v2\/comments?post=442778"}],"version-history":[{"count":0,"href":"https:\/\/www.europesays.com\/fr\/wp-json\/wp\/v2\/posts\/442778\/revisions"}],"wp:featuredmedia":[{"embeddable":true,"href":"https:\/\/www.europesays.com\/fr\/wp-json\/wp\/v2\/media\/442779"}],"wp:attachment":[{"href":"https:\/\/www.europesays.com\/fr\/wp-json\/wp\/v2\/media?parent=442778"}],"wp:term":[{"taxonomy":"category","embeddable":true,"href":"https:\/\/www.europesays.com\/fr\/wp-json\/wp\/v2\/categories?post=442778"},{"taxonomy":"post_tag","embeddable":true,"href":"https:\/\/www.europesays.com\/fr\/wp-json\/wp\/v2\/tags?post=442778"}],"curies":[{"name":"wp","href":"https:\/\/api.w.org\/{rel}","templated":true}]}}