{"id":442780,"date":"2025-10-06T11:42:17","date_gmt":"2025-10-06T11:42:17","guid":{"rendered":"https:\/\/www.europesays.com\/fr\/442780\/"},"modified":"2025-10-06T11:42:17","modified_gmt":"2025-10-06T11:42:17","slug":"laurence-ruffin-en-tete-selon-un-sondage","status":"publish","type":"post","link":"https:\/\/www.europesays.com\/fr\/442780\/","title":{"rendered":"Laurence Ruffin en t\u00eate selon un sondage"},"content":{"rendered":"<p>\u00ab\u00a0Il ne faut pas prendre un tel son\u00addage comme la v\u00e9rit\u00e9 r\u00e9v\u00e9\u00adl\u00e9e de ce qui va se pas\u00adser apr\u00e8s la cam\u00adpagne.\u00a0\u00bb Cet aver\u00adtis\u00adse\u00adment, c\u2019est l\u2019Ades (<a href=\"https:\/\/www.ades-grenoble.org\/wordpress\/2025\/10\/03\/un-sondage-pour-les-elections-municipales-a-grenoble\/\" target=\"_blank\" rel=\"noopener nofollow\">Association d\u00e9mo\u00adcra\u00adtie \u00e9co\u00adlo\u00adgie soli\u00adda\u00adrit\u00e9<\/a>), sou\u00adtien de la majo\u00adrit\u00e9 gre\u00adno\u00adbloise, qui le lance en r\u00e9v\u00e9\u00adlant un son\u00addage r\u00e9a\u00adlis\u00e9 \u00e0 sa demande par l\u2019ins\u00adti\u00adtut <a href=\"https:\/\/cluster17.com\/sondage-elections-municipales-a-grenoble-intentions-de-vote-et-propositions-programmatiques\/\" target=\"_blank\" rel=\"noopener nofollow\">Cluster 17<\/a>. L\u2019objet de l\u2019en\u00adqu\u00eate\u00a0? Les \u00e9lec\u00adtions muni\u00adci\u00adpales \u00e0 Grenoble de mars\u00a02026.<\/p>\n<p>Ceci dans le contexte de la \u00ab\u00a0can\u00addi\u00adda\u00adture nou\u00advelle\u00a0\u00bb <a href=\"https:\/\/www.placegrenet.fr\/2025\/09\/25\/cooperation-protection-et-sante-les-priorites-de-laurence-ruffin-candidate-aux-municipales-a-grenoble\/660653\" target=\"_blank\" rel=\"noopener nofollow\">de Laurence Ruffin<\/a>, pr\u00e9\u00adcise l\u2019Ades, d\u00e9si\u00adgn\u00e9e t\u00eate de liste de la majo\u00adrit\u00e9 sor\u00adtante de Grenoble aux muni\u00adci\u00adpales 2026, <a href=\"https:\/\/www.placegrenet.fr\/2025\/09\/22\/grenoble-laurence-ruffin-tete-de-liste-de-la-majorite-sortante-aux-municipales-au-terme-dun-processus-douloureux\/660342\" rel=\"nofollow noopener\" target=\"_blank\">au terme d\u2019un vote interne<\/a> qui lui a donn\u00e9 une tr\u00e8s large majorit\u00e9.<\/p>\n<p><a href=\"https:\/\/www.europesays.com\/fr\/wp-content\/uploads\/2025\/07\/Grenoble-hotel-de-ville-2-Morgane-Poulet-Place-Grenet-scaled-1.jpg\" target=\"_blank\" rel=\"noopener\"><img fetchpriority=\"high\" decoding=\"async\" aria-describedby=\"caption-attachment-649891\" class=\"wp-image-649891 size-full\" src=\"data:image\/svg+xml,%3Csvg%20xmlns=\" http:=\"\" alt=\"H\u00f4tel de Ville de Grenoble. \u00a9 Morgane Poulet - Place Gre'net\" width=\"1449\" height=\"971\" data-lazy- data-lazy- data-lazy-src=\"https:\/\/www.europesays.com\/fr\/wp-content\/uploads\/2025\/07\/Grenoble-hotel-de-ville-2-Morgane-Poulet-Place-Grenet-scaled-1.jpg\"\/><\/a><\/p>\n<p id=\"caption-attachment-649891\" class=\"wp-caption-text\">H\u00f4tel de Ville de Grenoble. \u00a9 Morgane Poulet \u2013 Place Gre\u2019net<\/p>\n<p>C\u00f4t\u00e9 m\u00e9tho\u00addo\u00adlo\u00adgie, Cluster 17 indique s\u2019\u00eatre bas\u00e9 sur un \u00e9chan\u00adtillon de 505 per\u00adsonnes, sur lequel 439 se sont expri\u00adm\u00e9es concer\u00adnant un pre\u00admier sc\u00e9\u00adna\u00adrio et 457 sur un deuxi\u00e8me. Apr\u00e8s \u00ab\u00a0redres\u00adse\u00adment et pon\u00add\u00e9\u00adra\u00adtion\u00a0\u00bb, c\u2019est fina\u00adle\u00adment sur un \u00ab\u00a0effec\u00adtif utile\u00a0\u00bb de 389 per\u00adsonnes (sc\u00e9\u00adna\u00adrio\u00a01) ou de 409 per\u00adsonnes (sc\u00e9\u00adna\u00adrio 2) que se base l\u2019en\u00adqu\u00eate. En d\u00e9coulent des marges d\u2019er\u00adreur variant de 2 \u00e0 (presque) 5 points, selon les pour\u00adcen\u00adtages pr\u00e9\u00adsen\u00adt\u00e9s. Autant dire que les r\u00e9sul\u00adtats sont \u00e0 prendre avec des pincettes.<\/p>\n<p>Le son\u00addage conclut \u00e0 un net avan\u00adtage \u00e0 la can\u00addi\u00addate Ruffin. Dans le cadre d\u2019une alliance \u00c9cologistes, com\u00admu\u00adnistes, socia\u00adlistes et LFI (sc\u00e9\u00adna\u00adrio 1), sa liste obtien\u00addrait ainsi 45\u00a0% des voix d\u00e8s le pre\u00admier tour. Loin devant le can\u00addi\u00addat \u00ab\u00a0LR et divers droite\u00a0\u00bb <a href=\"https:\/\/www.placegrenet.fr\/2025\/06\/06\/alain-carignon-annonce-officiellement-sa-candidature-pour-les-elections-municipales-de-grenoble-2026-2\/653575\" target=\"_blank\" rel=\"noopener nofollow\">Alain Carignon<\/a> (24\u00a0%), la can\u00addi\u00addate \u00ab\u00a0Renaissance-Modem\u00a0\u00bb \u00c9milie Chalas (14\u00a0%), le can\u00addi\u00addat Horizons <a href=\"https:\/\/www.placegrenet.fr\/2025\/08\/30\/municipales-a-grenoble-herve-gerbi-propose-un-contrat-de-rassemblement-contre-la-radicalite\/658467\" target=\"_blank\" rel=\"noopener nofollow\">Herv\u00e9 Gerbi<\/a> (9\u00a0%) et le can\u00addi\u00addat Rassemblement natio\u00adnal \u2013 Union des droites pour la R\u00e9publique <a href=\"https:\/\/www.placegrenet.fr\/2025\/09\/05\/municipales-un-chef-de-file-rn-a-grenoble-et-des-options-sur-la-table-en-nord-isere\/658865\" target=\"_blank\" rel=\"noopener nofollow\">Valentin Gabriac<\/a> (8\u00a0%).<\/p>\n","protected":false},"excerpt":{"rendered":"\u00ab\u00a0Il ne faut pas prendre un tel son\u00addage comme la v\u00e9rit\u00e9 r\u00e9v\u00e9\u00adl\u00e9e de ce qui va se pas\u00adser&hellip;\n","protected":false},"author":2,"featured_media":442781,"comment_status":"","ping_status":"","sticky":false,"template":"","format":"standard","meta":{"footnotes":""},"categories":[9566],"tags":[1111,11,2430,1777,674,1011,27,2731,12,25],"class_list":{"0":"post-442780","1":"post","2":"type-post","3":"status-publish","4":"format-standard","5":"has-post-thumbnail","7":"category-grenoble","8":"tag-actu","9":"tag-actualites","10":"tag-auvergne-rhone-alpes","11":"tag-eu","12":"tag-europe","13":"tag-fr","14":"tag-france","15":"tag-grenoble","16":"tag-news","17":"tag-republique-francaise"},"share_on_mastodon":{"url":"https:\/\/pubeurope.com\/@fr\/115327044463854041","error":""},"_links":{"self":[{"href":"https:\/\/www.europesays.com\/fr\/wp-json\/wp\/v2\/posts\/442780","targetHints":{"allow":["GET"]}}],"collection":[{"href":"https:\/\/www.europesays.com\/fr\/wp-json\/wp\/v2\/posts"}],"about":[{"href":"https:\/\/www.europesays.com\/fr\/wp-json\/wp\/v2\/types\/post"}],"author":[{"embeddable":true,"href":"https:\/\/www.europesays.com\/fr\/wp-json\/wp\/v2\/users\/2"}],"replies":[{"embeddable":true,"href":"https:\/\/www.europesays.com\/fr\/wp-json\/wp\/v2\/comments?post=442780"}],"version-history":[{"count":0,"href":"https:\/\/www.europesays.com\/fr\/wp-json\/wp\/v2\/posts\/442780\/revisions"}],"wp:featuredmedia":[{"embeddable":true,"href":"https:\/\/www.europesays.com\/fr\/wp-json\/wp\/v2\/media\/442781"}],"wp:attachment":[{"href":"https:\/\/www.europesays.com\/fr\/wp-json\/wp\/v2\/media?parent=442780"}],"wp:term":[{"taxonomy":"category","embeddable":true,"href":"https:\/\/www.europesays.com\/fr\/wp-json\/wp\/v2\/categories?post=442780"},{"taxonomy":"post_tag","embeddable":true,"href":"https:\/\/www.europesays.com\/fr\/wp-json\/wp\/v2\/tags?post=442780"}],"curies":[{"name":"wp","href":"https:\/\/api.w.org\/{rel}","templated":true}]}}