{"id":442782,"date":"2025-10-06T11:43:23","date_gmt":"2025-10-06T11:43:23","guid":{"rendered":"https:\/\/www.europesays.com\/fr\/442782\/"},"modified":"2025-10-06T11:43:23","modified_gmt":"2025-10-06T11:43:23","slug":"en-ille-et-vilaine-25-entreprises-ont-ete-placees-en-liquidation-judiciaire-en-septembre","status":"publish","type":"post","link":"https:\/\/www.europesays.com\/fr\/442782\/","title":{"rendered":"En Ille-et-Vilaine, 25 entreprises ont \u00e9t\u00e9 plac\u00e9es en liquidation judiciaire en septembre"},"content":{"rendered":"<p>Lors de ses quatre audiences de septembre, le tribunal de commerce de Rennes a prononc\u00e9 l\u2019ouverture d\u2019une proc\u00e9dure de liquidation judiciaire pour 25 entreprises bretilliennes. Chaque semaine, Le T\u00e9l\u00e9gramme passe en revue les soci\u00e9t\u00e9s concern\u00e9es. Voici la liste compl\u00e8te du mois de septembre.<\/p>\n<p>&#8211; <strong>SAS Les Bonnes p\u00e2tes<\/strong>, commerce d\u2019alimentation g\u00e9n\u00e9rale \u00e0 Rennes<\/p>\n<p>&#8211; <strong>SARL Quinot-Thomas<\/strong>, soci\u00e9t\u00e9 de ma\u00e7onnerie g\u00e9n\u00e9rale et gros \u0153uvre de b\u00e2timent \u00e0 Pont-P\u00e9an<\/p>\n<p>&#8211; <strong>SARL BHL Travaux<\/strong>, sp\u00e9cialis\u00e9e dans les travaux de rev\u00eatement des sols et des murs \u00e0 Noyal-Ch\u00e2tillon-sur-Seiche<\/p>\n<p>&#8211; <strong>SASU D\u00e9cor my home<\/strong>, travaux de peinture et vitrerie \u00e0 Romill\u00e9<\/p>\n<p>Audience du<a href=\"https:\/\/www.letelegramme.fr\/ille-et-vilaine\/rennes-35000\/six-entreprises-placees-en-liquidation-judiciaire-en-ille-et-vilaine-voici-lesquelles-6892407.php\" target=\"_blank\" rel=\"nofollow noopener\"> mercredi 10 septembre 2025<\/a> :<\/p>\n<p>&#8211; <strong>EURL SARL LJMT<\/strong>, restaurant Le Pagnol, \u00e0 Bruz<\/p>\n<p>&#8211; <strong>SAS A2R Solar<\/strong>, entreprise sp\u00e9cialis\u00e9e dans l\u2019\u00e9nergie solaire, \u00e0 Retiers<\/p>\n<p>&#8211;<strong> EURL Pot-Services<\/strong>, entreprise de conseil en syst\u00e8mes et logiciels informatiques, \u00e0 Rennes<\/p>\n<p>&#8211;<strong> EURL Pays Bruno<\/strong>, soci\u00e9t\u00e9 de ma\u00e7onnerie, \u00e0 Saint-Georges-de-Reintembault<\/p>\n<p>&#8211; <strong>EURL TRL Construction<\/strong>, entreprise de construction, \u00e0 Rennes<\/p>\n<p>&#8211; <strong>Mme Beroual Zohra<\/strong>, cr\u00e9atrice de sacs en cuir et de petites maroquineries, \u00e0 Rennes<\/p>\n<p>Audience du <a href=\"https:\/\/www.letelegramme.fr\/ille-et-vilaine\/ces-entreprises-dille-et-vilaine-viennent-detre-placees-en-liquidation-judiciaire-par-le-tribunal-de-commerce-6895876.php\" target=\"_blank\" rel=\"nofollow noopener\">mercredi 17 septembre 2025<\/a> :<\/p>\n<p>&#8211; <strong>EURL AS Plomb Elec<\/strong>, travaux d\u2018\u00e9lectricit\u00e9, plomberie, chauffage, \u00e0 Bill\u00e9<\/p>\n<p>&#8211; <strong>La petite Feuterie<\/strong>, restaurant \u00e0 Foug\u00e8res<\/p>\n<p>&#8211; <strong>BGM Constructions<\/strong>, travaux de ma\u00e7onnerie et gros \u0153uvre, \u00e0 La M\u00e9zi\u00e8re<\/p>\n<p>Audience du <a href=\"https:\/\/www.letelegramme.fr\/ille-et-vilaine\/rennes-35000\/ces-11-entreprises-dille-et-vilaine-viennent-detre-placees-en-liquidation-judiciaire-par-le-tribunal-de-commerce-6901468.php\" target=\"_blank\" rel=\"nofollow noopener\">mercredi 24 septembre 2025<\/a> :<\/p>\n<p>&#8211; <strong>AZ Energies<\/strong>, plombier chauffagiste \u00e0 Corps-Nuds<\/p>\n<p>&#8211; <strong>SARL Chez Tricia et Mika<\/strong>, restauration traditionnelle \u00e0 Liffr\u00e9<\/p>\n<p>&#8211;<strong> EURL BSE<\/strong>, travaux de ma\u00e7onnerie g\u00e9n\u00e9rale et gros \u0153uvre de b\u00e2timent \u00e0 Vezin le Coquet<\/p>\n<p>&#8211; <strong>EURL Loulouah<\/strong>, d\u00e9p\u00f4t-vente \u00e0 Mordelles<\/p>\n<p>&#8211; <strong>SARL Les Jardins de l\u2018abri-c\u00f4tier<\/strong>, paysagiste \u00e0 Le Crouais<\/p>\n<p>&#8211;<strong> SAS MOBILIV<\/strong>, travaux de menuiserie bois et PVC \u00e0 Rennes<\/p>\n<p>&#8211;<strong> Le Bill\u2019Ig Caf\u00e9<\/strong>, cr\u00eaperie \u00e0 La Guerche-de-Bretagne<\/p>\n<p>&#8211; <strong>SAS Jasmins Patrimoine<\/strong>, <strong>Kermoor &#8211; Jasmins<\/strong>, <strong>Jasmins Promotion<\/strong> et la <strong>SC Le Chatelet<\/strong>, toutes sp\u00e9cialis\u00e9es dans le domaine de l\u2019immobilier \u00e0 Ch\u00e2teaubourg.<\/p>\n","protected":false},"excerpt":{"rendered":"Lors de ses quatre audiences de septembre, le tribunal de commerce de Rennes a prononc\u00e9 l\u2019ouverture d\u2019une proc\u00e9dure&hellip;\n","protected":false},"author":2,"featured_media":442783,"comment_status":"","ping_status":"","sticky":false,"template":"","format":"standard","meta":{"footnotes":""},"categories":[2821],"tags":[1111,11,829,1777,674,1011,27,848,12,584,25],"class_list":{"0":"post-442782","1":"post","2":"type-post","3":"status-publish","4":"format-standard","5":"has-post-thumbnail","7":"category-rennes","8":"tag-actu","9":"tag-actualites","10":"tag-bretagne","11":"tag-eu","12":"tag-europe","13":"tag-fr","14":"tag-france","15":"tag-ille-et-vilaine","16":"tag-news","17":"tag-rennes","18":"tag-republique-francaise"},"share_on_mastodon":{"url":"https:\/\/pubeurope.com\/@fr\/115327048387859509","error":""},"_links":{"self":[{"href":"https:\/\/www.europesays.com\/fr\/wp-json\/wp\/v2\/posts\/442782","targetHints":{"allow":["GET"]}}],"collection":[{"href":"https:\/\/www.europesays.com\/fr\/wp-json\/wp\/v2\/posts"}],"about":[{"href":"https:\/\/www.europesays.com\/fr\/wp-json\/wp\/v2\/types\/post"}],"author":[{"embeddable":true,"href":"https:\/\/www.europesays.com\/fr\/wp-json\/wp\/v2\/users\/2"}],"replies":[{"embeddable":true,"href":"https:\/\/www.europesays.com\/fr\/wp-json\/wp\/v2\/comments?post=442782"}],"version-history":[{"count":0,"href":"https:\/\/www.europesays.com\/fr\/wp-json\/wp\/v2\/posts\/442782\/revisions"}],"wp:featuredmedia":[{"embeddable":true,"href":"https:\/\/www.europesays.com\/fr\/wp-json\/wp\/v2\/media\/442783"}],"wp:attachment":[{"href":"https:\/\/www.europesays.com\/fr\/wp-json\/wp\/v2\/media?parent=442782"}],"wp:term":[{"taxonomy":"category","embeddable":true,"href":"https:\/\/www.europesays.com\/fr\/wp-json\/wp\/v2\/categories?post=442782"},{"taxonomy":"post_tag","embeddable":true,"href":"https:\/\/www.europesays.com\/fr\/wp-json\/wp\/v2\/tags?post=442782"}],"curies":[{"name":"wp","href":"https:\/\/api.w.org\/{rel}","templated":true}]}}