{"id":442786,"date":"2025-10-06T11:46:16","date_gmt":"2025-10-06T11:46:16","guid":{"rendered":"https:\/\/www.europesays.com\/fr\/442786\/"},"modified":"2025-10-06T11:46:16","modified_gmt":"2025-10-06T11:46:16","slug":"la-situation-reste-tendue-a-strasbourg-entre-supporters-et-direction","status":"publish","type":"post","link":"https:\/\/www.europesays.com\/fr\/442786\/","title":{"rendered":"la situation reste tendue \u00e0 Strasbourg entre supporters et direction"},"content":{"rendered":"<p class=\"mb-4 text-lg md:leading-8 break-words\">Une victoire \u00e9clatante, une troisi\u00e8me place en L1 mais une situation toujours tr\u00e8s tendue en tribunes. <a href=\"https:\/\/rmcsport.bfmtv.com\/football\/ligue-1\/direct-ligue-1-suivez-le-multiplex-de-la-7e-journee-en-live_LS-202510050267.html\" rel=\"nofollow noopener\" target=\"_blank\" data-ylk=\"slk:Le succ\u00e8s de Strasbourg face \u00e0 Angers (5-0);elm:context_link;itc:0;sec:content-canvas\" class=\"link \">Le succ\u00e8s de Strasbourg face \u00e0 Angers (5-0)<\/a> a \u00e9tal\u00e9 les tensions entre les ultras et la direction du club. Le groupe Ultras Boys 90 a d\u00e9nonc\u00e9 l\u2019arrachement d\u2019une banderole affich\u00e9e dans le stade pour demander le d\u00e9part des actionnaires BlueCo et rappeler leur opposition \u00e0 la multipropri\u00e9t\u00e9 (BlueCo d\u00e9tenant \u00e9galement Chelsea).<\/p>\n<p>\u00ab\u00a0Cette b\u00e2che rel\u00e8ve de la libert\u00e9 d\u2019expression\u00a0\u00bb<\/p>\n<p class=\"mb-4 text-lg md:leading-8 break-words\">Dans une vid\u00e9o post\u00e9e sur X, les UB90 montrent que la banderole \u00ab\u00a0BlueCo out\u00a0\u00bb a bien \u00e9t\u00e9 v\u00e9rifi\u00e9e et valid\u00e9e par les services de s\u00e9curit\u00e9 avant d\u2019entrer dans le stade o\u00f9 elle a \u00e9t\u00e9 accroch\u00e9e \u00e0 une grille derri\u00e8re un but. Mais elle a ensuite \u00e9t\u00e9 arrach\u00e9e par des membres du service d\u2019ordre lors de la rencontre.<\/p>\n<p class=\"mb-4 text-lg md:leading-8 break-words\">\u00ab\u00a0Les personnes qui ont retir\u00e9 la b\u00e2che \u201cBlueCo out\u201d ne sont pas mises en cause: elles ont agi sur ordre\u00a0\u00bb, indique le message sur les r\u00e9seaux sociaux. \u00ab\u00a0C\u2019est aux donneurs d\u2019ordre de motiver leurs choix. La b\u00e2che \u201cBlueCo out\u201d a pass\u00e9 le contr\u00f4le de s\u00e9curit\u00e9 \u00e0 l\u2019entr\u00e9e du stade, conform\u00e9ment aux mesures \u00e9tablies par le club, au m\u00eame titre que notre banderole du soir annonc\u00e9e dans notre communiqu\u00e9. Nous rappelons que cette b\u00e2che rel\u00e8ve de la libert\u00e9 d\u2019expression, elle respectait les CGV et le r\u00e8glement int\u00e9rieur, et a \u00e9t\u00e9 d\u00e9ploy\u00e9e de mani\u00e8re calme, pacifique et respectueuse, sans provocation.\u00a0\u00bb<\/p>\n<p class=\"mb-4 text-lg md:leading-8 break-words\">Un autre message a \u00e9t\u00e9 d\u00e9ploy\u00e9 au cours de la rencontre sans subir le m\u00eame sort que celui contre BlueCo. \u00ab\u00a0Direction: non \u00e0 la r\u00e9pression! Nous sommes ouvets au dialogue\u2026 et vous?\u00a0\u00bb La col\u00e8re des ultras strasbourgeois a pris de l\u2019ampleur mi-septembre apr\u00e8s l\u2019annonce du transfert du capitaine Emanuel Emegha pour la saison prochaine \u00e0 Chelsea. \u00ab\u00a0Emegha, pion de BlueCo. Apr\u00e8s avoir chang\u00e9 de maillot rends ton brassard\u00a0\u00bb, avaient-ils \u00e9crit dans une banderole face au Havre (1-0, 14 septembre) qui a provoqu\u00e9 l\u2019indignation de l\u2019entra\u00eeneur Liam Rosenior, du pr\u00e9sident Marc Keller mais aussi d&rsquo;autres groupes de supporters. Tr\u00e8s remont\u00e9, le club avait mis en place une s\u00e9rie de sanctions comme l\u2019interdiction des acc\u00e8s \u00e0 la pelouse, le retour de stadiers dans le kop, mais aussi la validation des messages revendicatifs.<\/p>\n<p class=\"mb-4 text-lg md:leading-8 break-words\">Quatre groupes avaient alors r\u00e9agi par une gr\u00e8ve totale des encouragements contre le Paris FC, puis l\u2019OM. Lors de cette rencontre, <a href=\"https:\/\/fr.news.yahoo.com\/sport\/banderoles-pro-direction-troupe-th%C3%A9%C3%A2tre-122357696.html\" data-ylk=\"slk:la direction avait donn\u00e9 un coup de pouce \u00e0 la tribune Est;elm:context_link;itc:0;sec:content-canvas;outcm:mb_qualified_link;_E:mb_qualified_link;ct:story;\" class=\"link  yahoo-link\" target=\"_blank\" rel=\"noopener\">la direction avait donn\u00e9 un coup de pouce \u00e0 la tribune Est<\/a> (oppos\u00e9e \u00e0 l\u2019Ouest o\u00f9 s\u2019installent les groupes vis\u00e9s) en engageant une troupe de th\u00e9\u00e2tre pour assurer l\u2019ambiance, m\u00eame si le club avait d\u00e9menti son implication dans cette initiative. Il avait \u00e9galement promis ne pas \u00eatre \u00e0 la man\u0153uvre d\u2019une banderole pro-direction d\u00e9ploy\u00e9e dans la tribune.<\/p>\n<p class=\"mb-4 text-lg md:leading-8 break-words\"><a href=\"https:\/\/rmcsport.bfmtv.com\/football\/ligue-1\/une-banderole-blue-co-out-arrachee-la-situation-reste-tendue-a-strasbourg-entre-supporters-et-direction_AV-202510060437.html#xtor=AL-68\" rel=\"nofollow noopener\" target=\"_blank\" data-ylk=\"slk:Article original publi\u00e9 sur RMC Sport;elm:context_link;itc:0;sec:content-canvas\" class=\"link \">Article original publi\u00e9 sur RMC Sport<\/a><\/p>\n","protected":false},"excerpt":{"rendered":"Une victoire \u00e9clatante, une troisi\u00e8me place en L1 mais une situation toujours tr\u00e8s tendue en tribunes. Le succ\u00e8s&hellip;\n","protected":false},"author":2,"featured_media":442787,"comment_status":"","ping_status":"","sticky":false,"template":"","format":"standard","meta":{"footnotes":""},"categories":[2820],"tags":[1111,11,1438,28926,7886,13635,11787,1777,674,1011,27,775,12,445,25,640,56909],"class_list":{"0":"post-442786","1":"post","2":"type-post","3":"status-publish","4":"format-standard","5":"has-post-thumbnail","7":"category-strasbourg","8":"tag-actu","9":"tag-actualites","10":"tag-angers","11":"tag-banderole","12":"tag-blueco","13":"tag-direction","14":"tag-emanuel-emegha","15":"tag-eu","16":"tag-europe","17":"tag-fr","18":"tag-france","19":"tag-grand-est","20":"tag-news","21":"tag-paris-fc","22":"tag-republique-francaise","23":"tag-strasbourg","24":"tag-ultras-boys-90"},"share_on_mastodon":{"url":"https:\/\/pubeurope.com\/@fr\/115327060206397271","error":""},"_links":{"self":[{"href":"https:\/\/www.europesays.com\/fr\/wp-json\/wp\/v2\/posts\/442786","targetHints":{"allow":["GET"]}}],"collection":[{"href":"https:\/\/www.europesays.com\/fr\/wp-json\/wp\/v2\/posts"}],"about":[{"href":"https:\/\/www.europesays.com\/fr\/wp-json\/wp\/v2\/types\/post"}],"author":[{"embeddable":true,"href":"https:\/\/www.europesays.com\/fr\/wp-json\/wp\/v2\/users\/2"}],"replies":[{"embeddable":true,"href":"https:\/\/www.europesays.com\/fr\/wp-json\/wp\/v2\/comments?post=442786"}],"version-history":[{"count":0,"href":"https:\/\/www.europesays.com\/fr\/wp-json\/wp\/v2\/posts\/442786\/revisions"}],"wp:featuredmedia":[{"embeddable":true,"href":"https:\/\/www.europesays.com\/fr\/wp-json\/wp\/v2\/media\/442787"}],"wp:attachment":[{"href":"https:\/\/www.europesays.com\/fr\/wp-json\/wp\/v2\/media?parent=442786"}],"wp:term":[{"taxonomy":"category","embeddable":true,"href":"https:\/\/www.europesays.com\/fr\/wp-json\/wp\/v2\/categories?post=442786"},{"taxonomy":"post_tag","embeddable":true,"href":"https:\/\/www.europesays.com\/fr\/wp-json\/wp\/v2\/tags?post=442786"}],"curies":[{"name":"wp","href":"https:\/\/api.w.org\/{rel}","templated":true}]}}