{"id":442788,"date":"2025-10-06T11:47:10","date_gmt":"2025-10-06T11:47:10","guid":{"rendered":"https:\/\/www.europesays.com\/fr\/442788\/"},"modified":"2025-10-06T11:47:10","modified_gmt":"2025-10-06T11:47:10","slug":"nice-la-ville-veut-renforcer-la-securite-dans-les-coproprietes-une-nouvelle-mesure-votee","status":"publish","type":"post","link":"https:\/\/www.europesays.com\/fr\/442788\/","title":{"rendered":"Nice. La Ville veut renforcer la s\u00e9curit\u00e9 dans les copropri\u00e9t\u00e9s, une nouvelle mesure vot\u00e9e"},"content":{"rendered":"<p>            Par<br \/>\n        <strong><br \/>\n            <a href=\"https:\/\/actu.fr\/auteur\/arthur-frand\" title=\"Consulter tous les articles de Arthur Frand\" target=\"_blank\" rel=\"noopener\">Arthur Frand<\/a><br \/>\n        <\/strong><\/p>\n<p>        Publi\u00e9 le<\/p>\n<p>            6 oct. 2025 \u00e0 13h00        <\/p>\n<p>\u00ab\u2009Renforcer la s\u00e9curit\u00e9 des r\u00e9sidents, <strong>rassurer<\/strong> les habitants et faciliter les interventions en cas de <strong>situation suspecte<\/strong>, dangereuse ou bien d\u2019agression\u2009\u00bb.\u00a0Mercredi 1er\u00a0octobre, le conseil municipal de <a href=\"https:\/\/actu.fr\/nice\/\" target=\"_blank\" rel=\"noopener\">Nice<\/a> (<a href=\"https:\/\/actu.fr\/provence-alpes-cote-d-azur\/alpes-maritimes_06\" target=\"_blank\" rel=\"noopener\">Alpes-Maritimes<\/a>) a vot\u00e9 l\u2019extension du dispositif de boutons d\u2019alerte aux copropri\u00e9t\u00e9s volontaires et aux \u00e9tablissements priv\u00e9s partenaires.<\/p>\n<p class=\" wall-content\">Ces boutons d\u2019alerte, des <strong>bo\u00eetiers connect\u00e9s<\/strong>, sont d\u00e9ploy\u00e9s sur l\u2019ensemble de la ville depuis 2015. Ils sont reli\u00e9s au Centre de Supervision Urbaine (CSU) permettent de d\u00e9clencher une intervention imm\u00e9diate des forces de l\u2019ordre en cas de menace. On en d\u00e9nombre <strong>1\u2009700<\/strong> \u00e0 Nice.<\/p>\n<p>500 interventions de la police municipale en 2025<\/p>\n<p class=\" wall-content\">Le dispositif de boutons d\u2019alerte a \u00e9t\u00e9 mis en place dans les <strong>\u00e9tablissements scolaires<\/strong>, les cr\u00e8ches municipales, les h\u00f4pitaux, Ehpad, sites culturels et administratifs recevant du public. Les agents du nettoiement, les conducteurs de tramways, et les personnels m\u00e9dicaux travaillant de nuit ou dans des <strong>quartiers sensibles<\/strong> peuvent aussi s\u2019\u00e9quiper de ces bo\u00eetiers, de m\u00eame que les <strong>commer\u00e7ants<\/strong>, pr\u00e9cise la Ville de Nice.<\/p>\n<p class=\" wall-content\">\n<p class=\" wall-content\">Ce syst\u00e8me de boutons d\u2019alerte est d\u00e9clench\u00e9 plus de <strong>3\u2009000\u00a0fois par an<\/strong>, et a entra\u00een\u00e9 500 interventions de la police municipale en 2025 \u00e0 Nice.<\/p>\n<p>Comment fonctionne ce bouton d\u2019alerte\u2009?<\/p>\n<p class=\" wall-content\">Le processus est simple. Un r\u00e9sident qui se sent en danger peut donc <strong>activer<\/strong> le bouton d\u2019alerte (SOS). Les cam\u00e9ras de vid\u00e9oprotection situ\u00e9es \u00e0 proximit\u00e9 sont <strong>automatiquement orient\u00e9es<\/strong> vers le site concern\u00e9 et une intervention rapide des forces de l\u2019ordre peut \u00eatre d\u00e9clench\u00e9e si la menace est <strong>av\u00e9r\u00e9e<\/strong>.<\/p>\n<p class=\" wall-content\">Les copropri\u00e9t\u00e9s ni\u00e7oises<strong> int\u00e9ress\u00e9es<\/strong> peuvent contacter le service d\u00e9di\u00e9 au 04\u200997\u200913\u200935\u200927 afin d\u2019\u00eatre accompagn\u00e9es dans la mise en \u0153uvre du syst\u00e8me.<\/p>\n<p class=\" wall-content\">Personnalisez votre actualit\u00e9 en ajoutant vos villes et m\u00e9dias en favori avec <a href=\"https:\/\/moncompte.actu.fr\" title=\"D\u00e9couvez Mon Actu\" rel=\"nofollow noopener\" data-trk=\"{&quot;cta&quot;:{&quot;action&quot;:&quot;https:\\\/\\\/moncompte.actu.fr&quot;,&quot;category&quot;:&quot;mon compte&quot;,&quot;from&quot;:&quot;article footer&quot;,&quot;name&quot;:&quot;Mon actu&quot;,&quot;type&quot;:&quot;cta&quot;}}\" target=\"_blank\">Mon Actu<\/a>.<\/p>\n","protected":false},"excerpt":{"rendered":"Par Arthur Frand Publi\u00e9 le 6 oct. 2025 \u00e0 13h00 \u00ab\u2009Renforcer la s\u00e9curit\u00e9 des r\u00e9sidents, rassurer les habitants&hellip;\n","protected":false},"author":2,"featured_media":442789,"comment_status":"","ping_status":"","sticky":false,"template":"","format":"standard","meta":{"footnotes":""},"categories":[2819],"tags":[1111,11,898,1777,674,1011,27,2825,12,2401,882,25,104],"class_list":{"0":"post-442788","1":"post","2":"type-post","3":"status-publish","4":"format-standard","5":"has-post-thumbnail","7":"category-nice","8":"tag-actu","9":"tag-actualites","10":"tag-alerte","11":"tag-eu","12":"tag-europe","13":"tag-fr","14":"tag-france","15":"tag-insecurite","16":"tag-news","17":"tag-nice","18":"tag-provence-alpes-cote-dazur","19":"tag-republique-francaise","20":"tag-societe"},"share_on_mastodon":{"url":"https:\/\/pubeurope.com\/@fr\/115327064144340587","error":""},"_links":{"self":[{"href":"https:\/\/www.europesays.com\/fr\/wp-json\/wp\/v2\/posts\/442788","targetHints":{"allow":["GET"]}}],"collection":[{"href":"https:\/\/www.europesays.com\/fr\/wp-json\/wp\/v2\/posts"}],"about":[{"href":"https:\/\/www.europesays.com\/fr\/wp-json\/wp\/v2\/types\/post"}],"author":[{"embeddable":true,"href":"https:\/\/www.europesays.com\/fr\/wp-json\/wp\/v2\/users\/2"}],"replies":[{"embeddable":true,"href":"https:\/\/www.europesays.com\/fr\/wp-json\/wp\/v2\/comments?post=442788"}],"version-history":[{"count":0,"href":"https:\/\/www.europesays.com\/fr\/wp-json\/wp\/v2\/posts\/442788\/revisions"}],"wp:featuredmedia":[{"embeddable":true,"href":"https:\/\/www.europesays.com\/fr\/wp-json\/wp\/v2\/media\/442789"}],"wp:attachment":[{"href":"https:\/\/www.europesays.com\/fr\/wp-json\/wp\/v2\/media?parent=442788"}],"wp:term":[{"taxonomy":"category","embeddable":true,"href":"https:\/\/www.europesays.com\/fr\/wp-json\/wp\/v2\/categories?post=442788"},{"taxonomy":"post_tag","embeddable":true,"href":"https:\/\/www.europesays.com\/fr\/wp-json\/wp\/v2\/tags?post=442788"}],"curies":[{"name":"wp","href":"https:\/\/api.w.org\/{rel}","templated":true}]}}