{"id":442798,"date":"2025-10-06T11:53:12","date_gmt":"2025-10-06T11:53:12","guid":{"rendered":"https:\/\/www.europesays.com\/fr\/442798\/"},"modified":"2025-10-06T11:53:12","modified_gmt":"2025-10-06T11:53:12","slug":"cette-commune-met-en-garde-contre-les-tortues-serpentines","status":"publish","type":"post","link":"https:\/\/www.europesays.com\/fr\/442798\/","title":{"rendered":"cette commune met en garde contre les tortues serpentines"},"content":{"rendered":"<p>Une esp\u00e8ce pas tout \u00e0 fait inoffensive\u2026 La commune de Ramonville appelle \u00e0 la <strong>prudence face aux tortues serpentines<\/strong>, dans la derni\u00e8re \u00e9dition de son magazine d\u2019information. Pr\u00e9sente au bord du canal du Midi, cette esp\u00e8ce peut mesurer jusqu\u2019\u00e0 50 centim\u00e8tres et peser plus de 40 kilos, sans oublier sa m\u00e2choire puissante\u00a0! \u00ab\u00a0\u00c9tant omnivore, elle se nourrit de toute proie passant \u00e0 c\u00f4t\u00e9 d\u2019elle\u00a0\u00bb, indique la Ville. Ainsi, si un promeneur en croise une, il est invit\u00e9 \u00e0 rester \u00e0 distance par pr\u00e9caution.<\/p>\n<p>\u00ab\u00a0Elle bougera ou se d\u00e9fendra uniquement si vous l\u2019importunez\u00a0! Auquel cas, vous risquez qu\u2019elle vous inflige de graves blessures par morsure\u00a0\u00bb, avertit la municipalit\u00e9. En cas de d\u00e9couverte de l\u2019animal, les habitants sont encourag\u00e9s \u00e0 prendre la tortue en photo puis <strong>signaler sa pr\u00e9sence<\/strong> sur la <a href=\"https:\/\/central.sicen.fr\/f\/61mu4il9FpEJpVP29gUShkeegolCP1r?st=mxa5!ziERVcbSXmPloltuXWi7IrnChkA1G8J5lnkBCLUh4iMPUD8ZRgwKPxvncMV&amp;utm_source=outil&amp;utm_medium=pageprojet&amp;utm_campaign=eeefaune\" rel=\"noopener noreferrer nofollow\" target=\"_blank\">plateforme EEE Faune<\/a> ou bien contacter le Conservatoire d\u2019espaces naturels (CEN) Occitanie au 05.81.60.81.95 ou par mail \u00e0 l\u2019adresse\u00a0eee-faune@cen-occitanie.org.<\/p>\n<p>Une esp\u00e8ce introduite localement par l\u2019Homme<\/p>\n<p>Si elle ne repr\u00e9sente pas de r\u00e9el danger tant qu\u2019elle n\u2019est pas provoqu\u00e9e, la tortue serpentine est source d\u2019inqui\u00e9tude pour une question de biodiversit\u00e9. Introduite en Europe apr\u00e8s l\u2019interdiction de l\u2019importation des tortues de Floride, elle est devenue une sorte de rempla\u00e7ante, vendue en animalerie jusqu\u2019au d\u00e9but des ann\u00e9es 2000. Cependant, certains propri\u00e9taires ont fini par <strong>rel\u00e2cher leur sp\u00e9cimen dans la nature<\/strong>.<\/p>\n<p>C\u2019est pourquoi on la retrouve aujourd\u2019hui dans les eaux et sur les berges d\u2019Occitanie, notamment en <a href=\"https:\/\/lopinion.com\/articles\/actualite\/actualites-haute-garonne\" rel=\"noopener noreferrer nofollow\" target=\"_blank\">Haute-Garonne<\/a>. L\u2019animal s\u2019est adapt\u00e9 \u00e0 l\u2019environnement du canal du Midi au fil du temps, mais sans pr\u00e9dateur, la tortue serpentine pourrait repr\u00e9senter <strong>une menace pour la faune locale<\/strong>, selon diff\u00e9rentes sources. Dans les faits, elle se nourrit de divers invert\u00e9br\u00e9s\u00a0: oiseaux, petits mammif\u00e8res, serpents\u2026 et m\u00eame d\u2019autres tortues\u00a0!\u00a0<\/p>\n<p>&gt;&gt; \u00c0 LIRE AUSSI : <a href=\"https:\/\/lopinion.com\/articles\/actualite\/30547_patrimoine-mondial-concours-photo-30-ans-inscription-canal-du-midi\" rel=\"noopener noreferrer nofollow\" target=\"_blank\">Patrimoine mondial : un concours photo pour marquer les 30 ans de l\u2019inscription du canal du Midi<\/a><\/p>\n","protected":false},"excerpt":{"rendered":"Une esp\u00e8ce pas tout \u00e0 fait inoffensive\u2026 La commune de Ramonville appelle \u00e0 la prudence face aux tortues&hellip;\n","protected":false},"author":2,"featured_media":442799,"comment_status":"","ping_status":"","sticky":false,"template":"","format":"standard","meta":{"footnotes":""},"categories":[2816],"tags":[1111,11,1777,674,1011,27,12,2680,25,2312],"class_list":{"0":"post-442798","1":"post","2":"type-post","3":"status-publish","4":"format-standard","5":"has-post-thumbnail","7":"category-toulouse","8":"tag-actu","9":"tag-actualites","10":"tag-eu","11":"tag-europe","12":"tag-fr","13":"tag-france","14":"tag-news","15":"tag-occitanie","16":"tag-republique-francaise","17":"tag-toulouse"},"share_on_mastodon":{"url":"https:\/\/pubeurope.com\/@fr\/115327087679095330","error":""},"_links":{"self":[{"href":"https:\/\/www.europesays.com\/fr\/wp-json\/wp\/v2\/posts\/442798","targetHints":{"allow":["GET"]}}],"collection":[{"href":"https:\/\/www.europesays.com\/fr\/wp-json\/wp\/v2\/posts"}],"about":[{"href":"https:\/\/www.europesays.com\/fr\/wp-json\/wp\/v2\/types\/post"}],"author":[{"embeddable":true,"href":"https:\/\/www.europesays.com\/fr\/wp-json\/wp\/v2\/users\/2"}],"replies":[{"embeddable":true,"href":"https:\/\/www.europesays.com\/fr\/wp-json\/wp\/v2\/comments?post=442798"}],"version-history":[{"count":0,"href":"https:\/\/www.europesays.com\/fr\/wp-json\/wp\/v2\/posts\/442798\/revisions"}],"wp:featuredmedia":[{"embeddable":true,"href":"https:\/\/www.europesays.com\/fr\/wp-json\/wp\/v2\/media\/442799"}],"wp:attachment":[{"href":"https:\/\/www.europesays.com\/fr\/wp-json\/wp\/v2\/media?parent=442798"}],"wp:term":[{"taxonomy":"category","embeddable":true,"href":"https:\/\/www.europesays.com\/fr\/wp-json\/wp\/v2\/categories?post=442798"},{"taxonomy":"post_tag","embeddable":true,"href":"https:\/\/www.europesays.com\/fr\/wp-json\/wp\/v2\/tags?post=442798"}],"curies":[{"name":"wp","href":"https:\/\/api.w.org\/{rel}","templated":true}]}}