{"id":442800,"date":"2025-10-06T11:54:11","date_gmt":"2025-10-06T11:54:11","guid":{"rendered":"https:\/\/www.europesays.com\/fr\/442800\/"},"modified":"2025-10-06T11:54:11","modified_gmt":"2025-10-06T11:54:11","slug":"stade-toulousain-quand-meme-problematique-pourquoi-toulouse-lourdement-battu-a-bayonne-na-pas-encore-trouve-la-bonne-carburation","status":"publish","type":"post","link":"https:\/\/www.europesays.com\/fr\/442800\/","title":{"rendered":"Stade Toulousain\u00a0: \u00ab\u00a0Quand m\u00eame probl\u00e9matique\u2026\u00a0\u00bb Pourquoi Toulouse, lourdement battu \u00e0 Bayonne, n\u2019a pas encore trouv\u00e9 la bonne carburation"},"content":{"rendered":"<p>\n                                                                    l&rsquo;essentiel<br \/>\n                                                                Lourdement d\u00e9faits \u00e0 Bayonne dimanche 5\u00a0octobre en Top 14 (40-26, 5e journ\u00e9e), les \u00ab\u00a0rouge et noir\u00a0\u00bb sont encore loin des standards qu\u2019ils esp\u00e8rent.\n                            <\/p>\n<p>44 points \u00e0 Montpellier il y a deux semaines, 40 \u00e0 Jean-Dauger ce dimanche 5\u00a0octobre\u00a0: \u00e7a commence \u00e0 se crisper chez les \u00ab\u00a0rouge et noir\u00a0\u00bb au sujet des week-ends portes-ouvertes \u00e0 l\u2019ext\u00e9rieur.<\/p>\n<p>\u00ab\u00a0On prend des essais beaucoup trop simples et on s\u2019\u00e9croule vite, un peu trop \u00e0 mon go\u00fbt, pour revenir avec quelque chose de Bayonne\u00a0\u00bb, pestait Ugo Mola quelques minutes apr\u00e8s les d\u00e9bats disput\u00e9s dans \u00ab\u00a0un environnement assez incroyable\u00a0\u00bb.<\/p>\n<p class=\"std-elt__inline\">\n        <strong>\u00c0 lire aussi :<\/strong><br \/>\n        <a href=\"https:\/\/www.ladepeche.fr\/2025\/10\/06\/video-bayonne-stade-toulousain-il-y-a-un-fait-de-jeu-qui-nous-galvanise-les-basques-revelent-le-moment-qui-a-precipite-la-chute-de-toulouse-12974336.php\" rel=\"nofollow noopener\" target=\"_blank\">VIDEO. Bayonne-Stade Toulousain\u00a0: \u00ab\u00a0Il y a un fait de jeu qui nous galvanise\u2026\u00a0\u00bb Les Basques r\u00e9v\u00e8lent le moment qui a pr\u00e9cipit\u00e9 la chute de Toulouse<\/a>\n    <\/p>\n<p>Malgr\u00e9 un manque de r\u00e9alisme flagrant, ses hommes avaient pourtant leur deuxi\u00e8me succ\u00e8s de la saison \u00e0 l\u2019ext\u00e9rieur \u00e0 port\u00e9e, bien install\u00e9s dans le match \u00e0 un quart d\u2019heure de la fin (26-21).<\/p>\n<p>Et avec la possibilit\u00e9, au bout du pied de Thomas Ramos, de se mettre \u00e0 l\u2019abri d\u2019un essai transform\u00e9 (66). Le tournant alors que Toulousains ont ensuite pris la foudre, avec 19 points conc\u00e9d\u00e9s en suivant\u00a0? \u00ab\u00a0Non, le tournant, c\u2019est les points que je rate au pied (7, NDLR), les touches qui sont perdues, plein de choses\u00a0\u00bb, pr\u00e9cisait Romain Ntamack \u00e0 l\u2019\u00e9vocation du poteau touch\u00e9 par celui qui l\u2019a remplac\u00e9 \u00e0 l\u2019ouverture.<\/p>\n<p class=\"std-elt__inline\">\n        <strong>\u00c0 lire aussi :<\/strong><br \/>\n        <a href=\"https:\/\/www.ladepeche.fr\/2025\/10\/06\/bayonne-stade-toulousain-pas-de-question-du-journal-sud-ouest-la-conference-de-presse-lunaire-de-laviron-apres-le-succes-contre-toulouse-12974321.php\" rel=\"nofollow noopener\" target=\"_blank\">Bayonne-Stade Toulousain\u00a0:\u00a0\u00bbPas de question du journal Sud Ouest\u00a0!\u00a0\u00bb La conf\u00e9rence de presse lunaire de l\u2019Aviron apr\u00e8s le succ\u00e8s contre Toulouse<\/a>\n    <\/p>\n<p>Le troisi\u00e8me d\u2019une soir\u00e9e qui ne refl\u00e8te pas \u00ab\u00a0l\u2019investissement qui a \u00e9t\u00e9 le n\u00f4tre tout le match et toute la semaine\u00a0\u00bb.<\/p>\n<p>\u00ab\u00a0Vite appuyer sur le bouton du caract\u00e8re\u00a0\u00bb<\/p>\n<p>\u00ab\u00a0\u00c7a p\u00e8se fort dans la balance. Mais on a quand m\u00eame souvent eu beaucoup de r\u00e9ussite au pied, donc je ne vais pas tomber sur mes buteurs le premier soir o\u00f9 ils touchent les bois\u00a0\u00bb, posait Mola.<\/p>\n<p>Le manager pointait plut\u00f4t \u00ab\u00a010, 12 derni\u00e8res minutes quand m\u00eame probl\u00e9matiques\u00a0\u00bb et insistait surtout sur la n\u00e9cessit\u00e9 de \u00ab\u00a0se retrouver dans la peau d\u2019une \u00e9quipe qui a besoin de montrer un peu plus de caract\u00e8re\u00a0\u00bb. \u00ab\u00a0Il va falloir quand m\u00eame appuyer vite sur le bouton, parce qu\u2019il en manque pour gagner \u00e0 l\u2019ext\u00e9rieur\u00a0\u00bb, martelait le patron du staff \u00ab\u00a0rouge et noir\u00a0\u00bb.<\/p>\n<p class=\"std-elt__inline\">\n        <strong>\u00c0 lire aussi :<\/strong><br \/>\n        <a href=\"https:\/\/www.ladepeche.fr\/2025\/10\/05\/bayonne-stade-toulousain-a-lavant-la-jeunesse-de-dorian-bertrand-et-thomas-lacombre-mise-a-lepreuve-du-feu-du-cote-de-jean-dauger-12973658.php\" rel=\"nofollow noopener\" target=\"_blank\">Bayonne \u2013 Stade Toulousain\u00a0: devant, la jeunesse de Benjamin Bertrand et Thomas Lacombre mise \u00e0 l\u2019\u00e9preuve du feu du c\u00f4t\u00e9 de Jean-Dauger<\/a>\n    <\/p>\n<p>En attendant de voir ce qu\u2019il en est \u00e0 Pau dans deux semaines, c\u2019est l\u2019UBB qui se pr\u00e9sente au Wallon ce dimanche (21h05, 6e journ\u00e9e). Un test de caract\u00e8re\u00a0? \u00ab\u00a0On l\u2019a eu la semaine derni\u00e8re contre Castres, on l\u2019a eu la semaine avant. Vous savez, le championnat c\u2019est un test de caract\u00e8re de 26 journ\u00e9es\u00a0\u00bb, r\u00e9torquait Mola.<\/p>\n<p>Et le manager de poursuivre\u00a0: \u00ab\u00a0On va rentrer des joueurs qui vont nous amener un peu de caract\u00e8re, c\u2019est s\u00fbr, mais aussi un peu de densit\u00e9. Donc on va se pr\u00e9parer \u00e0 recevoir les champions d\u2019Europe. L\u2019an dernier, ils sont venus gagner chez nous. On n\u2019est pas une \u00e9quipe qui ma\u00eetrise son sujet aujourd\u2019hui. Mais de l\u00e0 \u00e0 vous dire que \u00e7a sera facile de nous battre, je ne sais pas, je ne crois pas. En tout cas, on va resserrer les rangs comme on l\u2019a toujours fait. J\u2019ai l\u2019habitude de penser \u2013 et c\u2019est peut-\u00eatre terrible ce que je vais dire \u2013 que quand tu prends 40 points, tu prends le bus, tu fermes ta gueule et tu te mets \u00e0 bosser lundi.\u00a0\u00bb<\/p>\n<p class=\"std-elt__inline\">\n        <strong>\u00c0 lire aussi :<\/strong><br \/>\n        <a href=\"https:\/\/www.ladepeche.fr\/2025\/10\/06\/video-bayonne-stade-toulousain-pas-ete-assez-tueurs-les-regrets-de-romain-ntamack-apres-le-lourd-revers-de-toulouse-a-jean-dauger-12973656.php\" rel=\"nofollow noopener\" target=\"_blank\">VIDEO. Bayonne-Stade Toulousain\u00a0: \u00ab\u00a0Pas \u00e9t\u00e9 assez tueurs\u2026\u00a0\u00bb Les regrets de Romain Ntamack apr\u00e8s le lourd revers de Toulouse \u00e0 Jean-Dauger<\/a>\n    <\/p>\n<p>Car cette ann\u00e9e, le Top 14 semble plus dense et impitoyable que jamais.<\/p>\n","protected":false},"excerpt":{"rendered":"l&rsquo;essentiel Lourdement d\u00e9faits \u00e0 Bayonne dimanche 5\u00a0octobre en Top 14 (40-26, 5e journ\u00e9e), les \u00ab\u00a0rouge et noir\u00a0\u00bb sont&hellip;\n","protected":false},"author":2,"featured_media":442801,"comment_status":"","ping_status":"","sticky":false,"template":"","format":"standard","meta":{"footnotes":""},"categories":[2816],"tags":[1111,11,1777,674,1011,27,12,2680,25,2312],"class_list":{"0":"post-442800","1":"post","2":"type-post","3":"status-publish","4":"format-standard","5":"has-post-thumbnail","7":"category-toulouse","8":"tag-actu","9":"tag-actualites","10":"tag-eu","11":"tag-europe","12":"tag-fr","13":"tag-france","14":"tag-news","15":"tag-occitanie","16":"tag-republique-francaise","17":"tag-toulouse"},"share_on_mastodon":{"url":"https:\/\/pubeurope.com\/@fr\/115327091718589178","error":""},"_links":{"self":[{"href":"https:\/\/www.europesays.com\/fr\/wp-json\/wp\/v2\/posts\/442800","targetHints":{"allow":["GET"]}}],"collection":[{"href":"https:\/\/www.europesays.com\/fr\/wp-json\/wp\/v2\/posts"}],"about":[{"href":"https:\/\/www.europesays.com\/fr\/wp-json\/wp\/v2\/types\/post"}],"author":[{"embeddable":true,"href":"https:\/\/www.europesays.com\/fr\/wp-json\/wp\/v2\/users\/2"}],"replies":[{"embeddable":true,"href":"https:\/\/www.europesays.com\/fr\/wp-json\/wp\/v2\/comments?post=442800"}],"version-history":[{"count":0,"href":"https:\/\/www.europesays.com\/fr\/wp-json\/wp\/v2\/posts\/442800\/revisions"}],"wp:featuredmedia":[{"embeddable":true,"href":"https:\/\/www.europesays.com\/fr\/wp-json\/wp\/v2\/media\/442801"}],"wp:attachment":[{"href":"https:\/\/www.europesays.com\/fr\/wp-json\/wp\/v2\/media?parent=442800"}],"wp:term":[{"taxonomy":"category","embeddable":true,"href":"https:\/\/www.europesays.com\/fr\/wp-json\/wp\/v2\/categories?post=442800"},{"taxonomy":"post_tag","embeddable":true,"href":"https:\/\/www.europesays.com\/fr\/wp-json\/wp\/v2\/tags?post=442800"}],"curies":[{"name":"wp","href":"https:\/\/api.w.org\/{rel}","templated":true}]}}