{"id":442810,"date":"2025-10-06T11:59:19","date_gmt":"2025-10-06T11:59:19","guid":{"rendered":"https:\/\/www.europesays.com\/fr\/442810\/"},"modified":"2025-10-06T11:59:19","modified_gmt":"2025-10-06T11:59:19","slug":"filmoramax-couronne-la-ligne-de-vie-de-hugo-becker","status":"publish","type":"post","link":"https:\/\/www.europesays.com\/fr\/442810\/","title":{"rendered":"Filmoramax couronne\u00a0\u00ab\u00a0La Ligne de vie\u00a0\u00bb de Hugo Becker"},"content":{"rendered":"<p class=\"article_excerpt__uS6CH\">Le festival international du court-m\u00e9trage Filmoramax a d\u00e9voil\u00e9 son palmar\u00e8s samedi. Pour cette cinqui\u00e8me \u00e9dition lyonnaise, le jury pr\u00e9sid\u00e9 par l&rsquo;acteur Holt McCallany a distingu\u00e9 les laur\u00e9ats parmi 20 films en comp\u00e9tition.<\/p>\n<p>Partager ce contenu :<\/p>\n<p><a href=\"mailto:?subject=Filmoramax couronne\u00a0\u00ab\u00a0La Ligne de vie\u00a0\u00bb de Hugo Becker - OURS&amp;body=Je souhaite vous partager cet article https%3A%2F%2Fourscom.fr%2Factualites%2Fmedias%2Ffilmoramax-couronne-la-ligne-de-vie-de-hugo-becker publi\u00e9 sur OUR(S) - Le m\u00e9dia de la communication. %0D%0A %0D%0A Pour ne rien rater de l'actualit\u00e9 du secteur de la communication en Auvergne-Rh\u00f4ne-Alpes, inscrivez vous gratuitement \u00e0 notre newsletter quotidienne depuis ce lien : http:\/\/bit.ly\/Le4Heures %0D%0A %0D%0A Bonne lecture !\" class=\"article_emailShare__OWLjc\"><img alt=\"icon-mail\" loading=\"lazy\" width=\"16\" height=\"13\" decoding=\"async\" data-nimg=\"1\" style=\"color:transparent\" src=\"https:\/\/ourscom.fr\/_next\/static\/media\/paper-email.6c3cad4c.svg\"\/><\/a><img alt=\"icon-print\" loading=\"lazy\" decoding=\"async\" data-nimg=\"fill\" style=\"position:absolute;height:100%;width:100%;left:0;top:0;right:0;bottom:0;color:transparent\" src=\"https:\/\/ourscom.fr\/_next\/static\/media\/print.1f74a0f4.svg\"\/><img alt=\"Filmoramax couronne\u00a0\u00ab\u00a0La Ligne de vie\u00a0\u00bb de Hugo Becker\" loading=\"lazy\" decoding=\"async\" data-nimg=\"fill\" style=\"position:absolute;height:100%;width:100%;left:0;top:0;right:0;bottom:0;color:transparent\"   src=\"https:\/\/www.europesays.com\/fr\/wp-content\/uploads\/2025\/10\/1759751959_749_image\"\/><\/p>\n<p>6 octobre 2025<\/p>\n<p>-Par La r\u00e9daction OUR(S)Pour lire cet article, rejoignez-nous&#8230;<\/p>\n<p>D\u00e9couvrez de fa\u00e7on privil\u00e9gi\u00e9e le m\u00e9dia et nos services en vous cr\u00e9ant un compte sur OUR(S)<\/p>\n<p>S&rsquo;inscrire ou Se connecter<\/p>\n<p><img alt=\"bear-glass-crop\" loading=\"lazy\" width=\"219\" height=\"147\" decoding=\"async\" data-nimg=\"1\" style=\"color:transparent\" src=\"https:\/\/ourscom.fr\/_next\/static\/media\/bear-phone-reverse.9f1174b1.svg\"\/><\/p>\n","protected":false},"excerpt":{"rendered":"Le festival international du court-m\u00e9trage Filmoramax a d\u00e9voil\u00e9 son palmar\u00e8s samedi. Pour cette cinqui\u00e8me \u00e9dition lyonnaise, le jury&hellip;\n","protected":false},"author":2,"featured_media":442811,"comment_status":"","ping_status":"","sticky":false,"template":"","format":"standard","meta":{"footnotes":""},"categories":[1889],"tags":[1111,11,2430,1777,674,1011,27,2428,12,25],"class_list":{"0":"post-442810","1":"post","2":"type-post","3":"status-publish","4":"format-standard","5":"has-post-thumbnail","7":"category-lyon","8":"tag-actu","9":"tag-actualites","10":"tag-auvergne-rhone-alpes","11":"tag-eu","12":"tag-europe","13":"tag-fr","14":"tag-france","15":"tag-lyon","16":"tag-news","17":"tag-republique-francaise"},"share_on_mastodon":{"url":"https:\/\/pubeurope.com\/@fr\/115327112078468749","error":""},"_links":{"self":[{"href":"https:\/\/www.europesays.com\/fr\/wp-json\/wp\/v2\/posts\/442810","targetHints":{"allow":["GET"]}}],"collection":[{"href":"https:\/\/www.europesays.com\/fr\/wp-json\/wp\/v2\/posts"}],"about":[{"href":"https:\/\/www.europesays.com\/fr\/wp-json\/wp\/v2\/types\/post"}],"author":[{"embeddable":true,"href":"https:\/\/www.europesays.com\/fr\/wp-json\/wp\/v2\/users\/2"}],"replies":[{"embeddable":true,"href":"https:\/\/www.europesays.com\/fr\/wp-json\/wp\/v2\/comments?post=442810"}],"version-history":[{"count":0,"href":"https:\/\/www.europesays.com\/fr\/wp-json\/wp\/v2\/posts\/442810\/revisions"}],"wp:featuredmedia":[{"embeddable":true,"href":"https:\/\/www.europesays.com\/fr\/wp-json\/wp\/v2\/media\/442811"}],"wp:attachment":[{"href":"https:\/\/www.europesays.com\/fr\/wp-json\/wp\/v2\/media?parent=442810"}],"wp:term":[{"taxonomy":"category","embeddable":true,"href":"https:\/\/www.europesays.com\/fr\/wp-json\/wp\/v2\/categories?post=442810"},{"taxonomy":"post_tag","embeddable":true,"href":"https:\/\/www.europesays.com\/fr\/wp-json\/wp\/v2\/tags?post=442810"}],"curies":[{"name":"wp","href":"https:\/\/api.w.org\/{rel}","templated":true}]}}