{"id":442812,"date":"2025-10-06T12:00:12","date_gmt":"2025-10-06T12:00:12","guid":{"rendered":"https:\/\/www.europesays.com\/fr\/442812\/"},"modified":"2025-10-06T12:00:12","modified_gmt":"2025-10-06T12:00:12","slug":"lyon-une-panne-majeure-et-rare-est-en-cours-sur-le-reseau-tcl-ce-quil-se-passe","status":"publish","type":"post","link":"https:\/\/www.europesays.com\/fr\/442812\/","title":{"rendered":"Lyon. Une panne majeure et rare est en cours sur le r\u00e9seau TCL : ce qu&rsquo;il se passe"},"content":{"rendered":"<p>            Par<br \/>\n        <strong><br \/>\n            <a href=\"https:\/\/actu.fr\/auteur\/nicolas-zaugra\" title=\"Consulter tous les articles de Nicolas Zaugra\" rel=\"nofollow noopener\" target=\"_blank\">Nicolas Zaugra<\/a><br \/>\n        <\/strong><\/p>\n<p>        Publi\u00e9 le<\/p>\n<p>            6 oct. 2025 \u00e0 13h29<br \/>\n        ; mis \u00e0 jour le 6 oct. 2025 \u00e0 13h45    <\/p>\n<p>Une panne majeure affecte ce lundi 6 octobre 2025 le r\u00e9seau des bus <a href=\"https:\/\/actu.fr\/tag\/transports-en-commun-lyonnais-tcl\" rel=\"nofollow noopener\" target=\"_blank\">TCL<\/a> dans la m\u00e9tropole de <a href=\"https:\/\/actu.fr\/auvergne-rhone-alpes\/lyon_69123\" rel=\"nofollow noopener\" target=\"_blank\">Lyon<\/a>.<\/p>\n<p class=\" wall-content\">De nombreux bus ne peuvent plus circuler en raison d\u2019un probl\u00e8me technique en cours.<\/p>\n<p>Panne importante dans deux grandes zones<\/p>\n<p class=\" wall-content\">\u00ab\u00a0\u00c0 la suite d\u2019un dysfonctionnement \u00e9lectronique affectant le syst\u00e8me de g\u00e9olocalisation des v\u00e9hicules et la connexion entre le r\u00e9seau des bus et le Poste de Commandement S\u00e9curit\u00e9, une partie de la flotte des bus TCL circulant en zones 1 et 2 est interrompue\u00a0\u00bb, explique TCL dans un communiqu\u00e9.\u00a0<\/p>\n<p class=\" wall-content\">La <strong>zone 1<\/strong> concerne une grande partie de la m\u00e9tropole dont Lyon, Villeurbanne, V\u00e9nissieux, Vaulx-en-Velin, Oullins-Pierre-B\u00e9nite, D\u00e9cines-Charpieu, Corbas, Saint-Priest, Tassin et des communes de la premi\u00e8re couronne. La <strong>zone 2<\/strong> s\u2019\u00e9tend dans une agglom\u00e9ration lyonnaise plus large \u00e0 l\u2019est et \u00e0 l\u2019ouest (Pusignan, Colombier-Saugnieu, Lentilly, Quincieux\u2026).<\/p>\n<p>Pas encore d\u2019heure ou de date de reprise<\/p>\n<blockquote class=\"ac-article-quote wall-content\">\n<p>Ce dispositif est indispensable pour garantir la s\u00e9curit\u00e9 des conducteurs et des usagers, notamment en permettant la transmission imm\u00e9diate d\u2019alertes et l\u2019intervention rapide des \u00e9quipes de s\u00e9curit\u00e9 et des forces de l\u2019ordre.<\/p>\n<p>    <strong>R\u00e9seau TCL<\/strong>\n            <\/p><\/blockquote>\n<p class=\" wall-content\">\u00ab\u00a0Les \u00e9quipes techniques sont pleinement mobilis\u00e9es pour identifier les causes de l\u2019incident et permettre une reprise progressive et s\u00e9curis\u00e9e de la circulation. Un important dispositif humain est d\u00e9ploy\u00e9 en parall\u00e8le sur le terrain et notamment au niveau des principaux p\u00f4les d\u2019\u00e9changes afin d\u2019orienter les usagers\u00a0\u00bb, assure la communication de TCL qui invite \u00e0 se rendre sur le site ou l\u2019application pour en savoir plus.<\/p>\n<p>Votre r\u00e9gion, votre actu !<\/p>\n<p>Recevez chaque jour les infos qui comptent pour vous.<\/p>\n<p>\t<a href=\"https:\/\/actu.fr\/newsletter\" class=\"ac-btn ac-btn--corner ac-btn--medium ac-btn--blue800\" rel=\"nofollow noopener\" target=\"_blank\">S&rsquo;incrire<\/a><\/p>\n<p class=\" wall-content\">Il est aussi demand\u00e9 de privil\u00e9gier les lignes de m\u00e9tro et de tramway pour se d\u00e9placer.<\/p>\n<p class=\" wall-content\">On ignore jusqu\u2019\u00e0 quand est annonc\u00e9e cette panne.<\/p>\n<p class=\" wall-content\">Personnalisez votre actualit\u00e9 en ajoutant vos villes et m\u00e9dias en favori avec <a href=\"https:\/\/moncompte.actu.fr\" title=\"D\u00e9couvez Mon Actu\" rel=\"nofollow noopener\" data-trk=\"{&quot;cta&quot;:{&quot;action&quot;:&quot;https:\\\/\\\/moncompte.actu.fr&quot;,&quot;category&quot;:&quot;mon compte&quot;,&quot;from&quot;:&quot;article footer&quot;,&quot;name&quot;:&quot;Mon actu&quot;,&quot;type&quot;:&quot;cta&quot;}}\" target=\"_blank\">Mon Actu<\/a>.<\/p>\n","protected":false},"excerpt":{"rendered":"Par Nicolas Zaugra Publi\u00e9 le 6 oct. 2025 \u00e0 13h29 ; mis \u00e0 jour le 6 oct. 2025&hellip;\n","protected":false},"author":2,"featured_media":53709,"comment_status":"","ping_status":"","sticky":false,"template":"","format":"standard","meta":{"footnotes":""},"categories":[1889],"tags":[1111,11,2430,1777,674,1011,27,4999,2428,12,25,104,5787],"class_list":{"0":"post-442812","1":"post","2":"type-post","3":"status-publish","4":"format-standard","5":"has-post-thumbnail","7":"category-lyon","8":"tag-actu","9":"tag-actualites","10":"tag-auvergne-rhone-alpes","11":"tag-eu","12":"tag-europe","13":"tag-fr","14":"tag-france","15":"tag-keolis","16":"tag-lyon","17":"tag-news","18":"tag-republique-francaise","19":"tag-societe","20":"tag-transports-en-commun-lyonnais-tcl"},"share_on_mastodon":{"url":"https:\/\/pubeurope.com\/@fr\/115327115174013231","error":""},"_links":{"self":[{"href":"https:\/\/www.europesays.com\/fr\/wp-json\/wp\/v2\/posts\/442812","targetHints":{"allow":["GET"]}}],"collection":[{"href":"https:\/\/www.europesays.com\/fr\/wp-json\/wp\/v2\/posts"}],"about":[{"href":"https:\/\/www.europesays.com\/fr\/wp-json\/wp\/v2\/types\/post"}],"author":[{"embeddable":true,"href":"https:\/\/www.europesays.com\/fr\/wp-json\/wp\/v2\/users\/2"}],"replies":[{"embeddable":true,"href":"https:\/\/www.europesays.com\/fr\/wp-json\/wp\/v2\/comments?post=442812"}],"version-history":[{"count":0,"href":"https:\/\/www.europesays.com\/fr\/wp-json\/wp\/v2\/posts\/442812\/revisions"}],"wp:featuredmedia":[{"embeddable":true,"href":"https:\/\/www.europesays.com\/fr\/wp-json\/wp\/v2\/media\/53709"}],"wp:attachment":[{"href":"https:\/\/www.europesays.com\/fr\/wp-json\/wp\/v2\/media?parent=442812"}],"wp:term":[{"taxonomy":"category","embeddable":true,"href":"https:\/\/www.europesays.com\/fr\/wp-json\/wp\/v2\/categories?post=442812"},{"taxonomy":"post_tag","embeddable":true,"href":"https:\/\/www.europesays.com\/fr\/wp-json\/wp\/v2\/tags?post=442812"}],"curies":[{"name":"wp","href":"https:\/\/api.w.org\/{rel}","templated":true}]}}