{"id":442813,"date":"2025-10-06T12:02:12","date_gmt":"2025-10-06T12:02:12","guid":{"rendered":"https:\/\/www.europesays.com\/fr\/442813\/"},"modified":"2025-10-06T12:02:12","modified_gmt":"2025-10-06T12:02:12","slug":"ou-en-est-le-concile-provincial-dile-de-france","status":"publish","type":"post","link":"https:\/\/www.europesays.com\/fr\/442813\/","title":{"rendered":"o\u00f9 en est le concile provincial d\u2019\u00cele-de-France\u00a0?"},"content":{"rendered":"<p>Le compte \u00e0 rebours est lanc\u00e9\u00a0! Le<br \/>\n25\u00a0janvier\u00a02026\u00a0s\u2019ouvrira la consultation des<br \/>\nfid\u00e8les d\u2019\u00cele-de-France dans le cadre du <a rel=\"noopener noreferrer nofollow\" href=\"https:\/\/concileprovincial.fr\/\" target=\"_blank\">concile provincial<\/a> sur le th\u00e8me \u00ab\u00a0Cat\u00e9chum\u00e8nes et<br \/>\nn\u00e9ophytes\u00a0: de nouvelles perspectives pour la vie de notre<br \/>\n\u00c9glise dans nos dioc\u00e8ses\u00a0\u00bb.<\/p>\n<p>Objectif\u00a0: mobiliser mouvements et paroisses, dioc\u00e8ses et<br \/>\nlieux d\u2019accueil des jeunes pour r\u00e9fl\u00e9chir \u00e0 la mani\u00e8re dont<br \/>\nl\u2019arriv\u00e9e surprenante de jeunes et d\u2019adultes demandant le bapt\u00eame<br \/>\nbouscule les communaut\u00e9s.<\/p>\n<p>Pour mettre en \u0153uvre ce concile, les huit \u00e9v\u00eaques de la r\u00e9gion<br \/>\nparisienne et celui aux Arm\u00e9es ont appel\u00e9, au c\u0153ur de l\u2019\u00e9t\u00e9,<br \/>\nMaximilien de La Martini\u00e8re, cur\u00e9 du groupement paroissial<br \/>\nNotre-Dame-de-l\u2019Esp\u00e9rance dans les Yvelines, comme\u00a0secr\u00e9taire<br \/>\ng\u00e9n\u00e9ral, et ont chacun envoy\u00e9 deux d\u00e9l\u00e9gu\u00e9s pour constituer une<br \/>\n\u00e9quipe de pilotage.<\/p>\n<p>Celle-ci, en ordre de marche depuis d\u00e9but septembre\u00a02025,<br \/>\npeut d\u00e9j\u00e0 pr\u00e9ciser l\u2019agenda du concile et d\u00e9voile, ce<br \/>\n6\u00a0octobre, les contours de l\u2019organisation du concile \u00e0<br \/>\nvenir.<\/p>\n<p>Une \u00e9quipe de pilotage aux profils vari\u00e9s<\/p>\n<p>Quand il parle de sa mission, Maximilien de La Martini\u00e8re ne<br \/>\ncache pas son enthousiasme\u00a0: \u00ab\u00a0Nous vivons un temps<br \/>\nmerveilleux avec l\u2019arriv\u00e9e de ces cat\u00e9chum\u00e8nes, et notre r\u00f4le avec<br \/>\nle concile est d\u2019explorer ce que Dieu veut nous dire par cela pour<br \/>\ntrouver comment nous laisser transformer par cette dynamique<br \/>\nheureuse.\u00a0\u00bb<\/p>\n","protected":false},"excerpt":{"rendered":"Le compte \u00e0 rebours est lanc\u00e9\u00a0! Le 25\u00a0janvier\u00a02026\u00a0s\u2019ouvrira la consultation des fid\u00e8les d\u2019\u00cele-de-France dans le cadre du concile&hellip;\n","protected":false},"author":2,"featured_media":442814,"comment_status":"","ping_status":"","sticky":false,"template":"","format":"standard","meta":{"footnotes":""},"categories":[1592],"tags":[1111,11,1777,674,1011,27,662,12,626,25],"class_list":{"0":"post-442813","1":"post","2":"type-post","3":"status-publish","4":"format-standard","5":"has-post-thumbnail","7":"category-ile-de-france","8":"tag-actu","9":"tag-actualites","10":"tag-eu","11":"tag-europe","12":"tag-fr","13":"tag-france","14":"tag-ile-de-france","15":"tag-news","16":"tag-paris","17":"tag-republique-francaise"},"share_on_mastodon":{"url":"https:\/\/pubeurope.com\/@fr\/115327123094228215","error":""},"_links":{"self":[{"href":"https:\/\/www.europesays.com\/fr\/wp-json\/wp\/v2\/posts\/442813","targetHints":{"allow":["GET"]}}],"collection":[{"href":"https:\/\/www.europesays.com\/fr\/wp-json\/wp\/v2\/posts"}],"about":[{"href":"https:\/\/www.europesays.com\/fr\/wp-json\/wp\/v2\/types\/post"}],"author":[{"embeddable":true,"href":"https:\/\/www.europesays.com\/fr\/wp-json\/wp\/v2\/users\/2"}],"replies":[{"embeddable":true,"href":"https:\/\/www.europesays.com\/fr\/wp-json\/wp\/v2\/comments?post=442813"}],"version-history":[{"count":0,"href":"https:\/\/www.europesays.com\/fr\/wp-json\/wp\/v2\/posts\/442813\/revisions"}],"wp:featuredmedia":[{"embeddable":true,"href":"https:\/\/www.europesays.com\/fr\/wp-json\/wp\/v2\/media\/442814"}],"wp:attachment":[{"href":"https:\/\/www.europesays.com\/fr\/wp-json\/wp\/v2\/media?parent=442813"}],"wp:term":[{"taxonomy":"category","embeddable":true,"href":"https:\/\/www.europesays.com\/fr\/wp-json\/wp\/v2\/categories?post=442813"},{"taxonomy":"post_tag","embeddable":true,"href":"https:\/\/www.europesays.com\/fr\/wp-json\/wp\/v2\/tags?post=442813"}],"curies":[{"name":"wp","href":"https:\/\/api.w.org\/{rel}","templated":true}]}}