{"id":442815,"date":"2025-10-06T12:03:14","date_gmt":"2025-10-06T12:03:14","guid":{"rendered":"https:\/\/www.europesays.com\/fr\/442815\/"},"modified":"2025-10-06T12:03:14","modified_gmt":"2025-10-06T12:03:14","slug":"liran-annonce-lacquittement-du-cycliste-franco-allemand-arrete-pour-espionnage-en-juin","status":"publish","type":"post","link":"https:\/\/www.europesays.com\/fr\/442815\/","title":{"rendered":"L&rsquo;Iran annonce \u00ab\u00a0l&rsquo;acquittement\u00a0\u00bb du cycliste franco-allemand arr\u00eat\u00e9 pour \u00ab\u00a0espionnage\u00a0\u00bb en juin"},"content":{"rendered":"\n<p class=\"c-chapo \">\n  Lennart Monterlos, 19 ans, a \u00e9t\u00e9 arr\u00eat\u00e9 dans le sud du pays, alors qu&rsquo;il traversait le pays \u00e0 v\u00e9lo en solitaire, au troisi\u00e8me jour de la guerre entre l&rsquo;Iran et Isra\u00ebl.\n<\/p>\n<p>      lire plus tard<\/p>\n<p id=\"dialog__title\" class=\"dialog__title\">Pour sauvegarder cet article, connectez-vous ou cr\u00e9ez un compte franceinfo<\/p>\n<p class=\"dialog__description\">Sans paiement. Sans abonnement.<\/p>\n<p>        Fermer la fen\u00eatre d\u2019activation des notifications France Info<\/p>\n<p>      cr\u00e9er votre compte<\/p>\n<p>      se connecter<\/p>\n<p>        Fermer la fen\u00eatre de pr\u00e9sentation<\/p>\n<p>    <img loading=\"lazy\" decoding=\"async\" class=\"signature__image lazyload\" width=\"100\" height=\"100\" data- alt=\"\" src=\"https:\/\/www.europesays.com\/fr\/wp-content\/uploads\/2025\/05\/64a68815cd1a7_placeholder-36b69ec8.png\"\/><\/p>\n<p>    Publi\u00e9 le 06\/10\/2025 12:31<\/p>\n<p>      Mis \u00e0 jour le 06\/10\/2025 13:10<\/p>\n<p>        Temps de lecture : 2min<\/p>\n<p>    <img decoding=\"async\"  alt=\"Ag\u00e9 de 18 ans, le Fran\u00e7ais Lennart Monterlos traversait l'Iran \u00e0 v\u00e9lo lorsqu'il a arr\u00eat\u00e9 de donner des nouvelles, le 16 juin 2025. (LENNART MONTERLOS \/ INSTAGRAM)\" width=\"432\" height=\"243\" src=\"https:\/\/www.europesays.com\/fr\/wp-content\/uploads\/2025\/10\/illustr-686b89d0c0928258730823.png\" fetchpriority=\"high\"\/><\/p>\n<p>      Ag\u00e9 de 18 ans, le Fran\u00e7ais Lennart Monterlos traversait l&rsquo;Iran \u00e0 v\u00e9lo lorsqu&rsquo;il a arr\u00eat\u00e9 de donner des nouvelles, le 16 juin 2025. (LENNART MONTERLOS \/ INSTAGRAM)<\/p>\n<p>La justice iranienne a annonc\u00e9, lundi 6 octobre, \u00ab\u00a0l&rsquo;acquittement\u00a0\u00bb de<a href=\"https:\/\/www.franceinfo.fr\/monde\/iran\/disparition-d-un-touriste-francais-en-iran-lennart-monterlos-a-ete-arrete-pour-avoir-commis-un-delit-annoncent-les-autorites-iraniennes_7369456.html\" rel=\"nofollow noopener\" target=\"_blank\"> Lennart Monterlos, un jeune Franco-Allemand arr\u00eat\u00e9 en juin en Iran<\/a> et accus\u00e9 \u00ab\u00a0d&rsquo;espionnage\u00a0\u00bb, une charge qui n&rsquo;avait jamais \u00e9t\u00e9 officiellement pr\u00e9cis\u00e9e par les autorit\u00e9s. \u00ab\u00a0Malgr\u00e9 l&rsquo;inculpation du procureur, le tribunal r\u00e9volutionnaire, prenant en compte les principes juridiques et les doutes quant \u00e0 l&rsquo;infraction, a prononc\u00e9 l&rsquo;acquittement\u00a0\u00bb, a d\u00e9clar\u00e9 le pouvoir judiciaire.<\/p>\n<p>Lennart Monterlos, 19 ans, a \u00e9t\u00e9 arr\u00eat\u00e9 le 16 juin, \u00e0 Bandar-Abbas, dans le sud de l&rsquo;Iran, alors qu&rsquo;il traversait le pays \u00e0 v\u00e9lo en solitaire, au troisi\u00e8me jour de la guerre entre l&rsquo;Iran et Isra\u00ebl.\u00a0 Le chef de la diplomatie iranienne, Abbas Araghchi, avait d\u00e9clar\u00e9 en juillet qu&rsquo;il avait \u00ab\u00a0commis un d\u00e9lit\u00a0\u00bb, sans pr\u00e9ciser lequel.<\/p>\n<p>Cette d\u00e9cision intervient au moment o\u00f9 T\u00e9h\u00e9ran dit esp\u00e9rer la lib\u00e9ration prochaine d&rsquo;un couple fran\u00e7ais d\u00e9tenu \u00e0 T\u00e9h\u00e9ran depuis 2022 contre la remise en libert\u00e9 d&rsquo;une ressortissante iranienne arr\u00eat\u00e9e en France. Deux autres Fran\u00e7ais, C\u00e9cile Kohler et Jacques Paris, accus\u00e9s notamment d&rsquo;espionnage pour le compte d&rsquo;Isra\u00ebl, sont aussi d\u00e9tenus en Iran et encourent la peine de mort. Ils ont \u00e9t\u00e9 arr\u00eat\u00e9s le 7 mai 2022 au dernier jour d&rsquo;un voyage touristique.<\/p>\n<p>\u00ab\u00a0La d\u00e9cision concernant la lib\u00e9ration de ces deux personnes et de Mme Esfandiari est en cours d&rsquo;examen par les autorit\u00e9s comp\u00e9tentes\u00a0\u00bb, a d\u00e9clar\u00e9 le porte-parole de la diplomatie iranienne, Esma\u00efl Bagha\u00ef, sans toutefois mentionner les noms de C\u00e9cile Kohler et Jacques Paris. \u00ab\u00a0Nous esp\u00e9rons qu&rsquo;une fois les proc\u00e9dures n\u00e9cessaires achev\u00e9es, cela se fera prochainement\u00a0\u00bb, a ajout\u00e9 le porte-parole lors d&rsquo;un point de presse hebdomadaire \u00e0 T\u00e9h\u00e9ran.<\/p>\n","protected":false},"excerpt":{"rendered":"Lennart Monterlos, 19 ans, a \u00e9t\u00e9 arr\u00eat\u00e9 dans le sud du pays, alors qu&rsquo;il traversait le pays \u00e0&hellip;\n","protected":false},"author":2,"featured_media":442816,"comment_status":"","ping_status":"","sticky":false,"template":"","format":"standard","meta":{"footnotes":""},"categories":[1888],"tags":[1111,1928,11,1927,1777,674,1011,27,12,1926,626,1925,25],"class_list":{"0":"post-442815","1":"post","2":"type-post","3":"status-publish","4":"format-standard","5":"has-post-thumbnail","7":"category-paris","8":"tag-actu","9":"tag-actu-paris","10":"tag-actualites","11":"tag-actualites-paris","12":"tag-eu","13":"tag-europe","14":"tag-fr","15":"tag-france","16":"tag-news","17":"tag-news-paris","18":"tag-paris","19":"tag-paris-news","20":"tag-republique-francaise"},"share_on_mastodon":{"url":"https:\/\/pubeurope.com\/@fr\/115327127564584481","error":""},"_links":{"self":[{"href":"https:\/\/www.europesays.com\/fr\/wp-json\/wp\/v2\/posts\/442815","targetHints":{"allow":["GET"]}}],"collection":[{"href":"https:\/\/www.europesays.com\/fr\/wp-json\/wp\/v2\/posts"}],"about":[{"href":"https:\/\/www.europesays.com\/fr\/wp-json\/wp\/v2\/types\/post"}],"author":[{"embeddable":true,"href":"https:\/\/www.europesays.com\/fr\/wp-json\/wp\/v2\/users\/2"}],"replies":[{"embeddable":true,"href":"https:\/\/www.europesays.com\/fr\/wp-json\/wp\/v2\/comments?post=442815"}],"version-history":[{"count":0,"href":"https:\/\/www.europesays.com\/fr\/wp-json\/wp\/v2\/posts\/442815\/revisions"}],"wp:featuredmedia":[{"embeddable":true,"href":"https:\/\/www.europesays.com\/fr\/wp-json\/wp\/v2\/media\/442816"}],"wp:attachment":[{"href":"https:\/\/www.europesays.com\/fr\/wp-json\/wp\/v2\/media?parent=442815"}],"wp:term":[{"taxonomy":"category","embeddable":true,"href":"https:\/\/www.europesays.com\/fr\/wp-json\/wp\/v2\/categories?post=442815"},{"taxonomy":"post_tag","embeddable":true,"href":"https:\/\/www.europesays.com\/fr\/wp-json\/wp\/v2\/tags?post=442815"}],"curies":[{"name":"wp","href":"https:\/\/api.w.org\/{rel}","templated":true}]}}